{"id":23323,"date":"2020-05-21T06:00:00","date_gmt":"2020-05-21T04:00:00","guid":{"rendered":"https:\/\/www.opinionpublica.tv\/portada\/2020\/05\/21\/financiamiento-campanas-covidianas-2021\/"},"modified":"2020-05-21T06:00:00","modified_gmt":"2020-05-21T04:00:00","slug":"financiamiento-campanas-covidianas-2021","status":"publish","type":"post","link":"https:\/\/www.opinionpublica.tv\/portada\/financiamiento-campanas-covidianas-2021\/","title":{"rendered":"Financiamiento campa\u00f1as covidianas 2021"},"content":{"rendered":"<img fetchpriority=\"high\" decoding=\"async\" class=\" size-full wp-image-23322\" src=\"https:\/\/www.opinionpublica.tv\/portada\/wp-content\/uploads\/2020\/05\/f80a4dc492a80e66dfae1617dd23f6de.jpg\" alt=\"\" class=\"caption\" title=\"Ra\u00fal Ruiz G\u00f3mez.\" width=\"245\" height=\"262\" \/>\n<p style=\"text-align: justify;\">En teor\u00eda, cada vez se va cerrando con mayor rapidez, el c\u00edrculo de posibilidades que tienen los pol\u00edticos de hacer una campa\u00f1a pol\u00edtica, con dinero p\u00fablico.<\/p>\n<p><!--more--><\/p>\n<p style=\"text-align: justify;\">El electorado da por hecho que un negocio previo al arribo del poder, lo significa el financiamiento p\u00fablico que otorga el INE, a los partidos pol\u00edticos y presiona para que un d\u00eda, sean los propias aspirantes a cargos p\u00fablicos, los que absorban esa &#8216;inversi\u00f3n&#8217;.<\/p>\n<p style=\"text-align: justify;\">Los \u00abdue\u00f1os\u00bb de las franquicias se rayan a\u00f1o tras a\u00f1o con los millones que les facilita el Instituto Nacional Electoral.<\/p>\n<p style=\"text-align: justify;\">El alto financiamiento que reciben los partidos pol\u00edticos y los organismos electorales lo \u00fanico que ha generado han sido pol\u00edticos ricos, medios masivos de comunicaci\u00f3n y agencias de publicidad opulentas. Adem\u00e1s de una burocracia partidista acaudalada.<\/p>\n<p style=\"text-align: justify;\">El valor que han incorporado los institutos pol\u00edticos y los actores pol\u00edticos a la sociedad es nulo.<\/p>\n<p style=\"text-align: justify;\">Cuando se pone el tema sobre la mesa, los aspirantes se incomodan y refunfu\u00f1an, porque no tienen mucha capacidad de acercamiento popular, y hacer una inversi\u00f3n al vac\u00edo francamente no es negocio.<\/p>\n<p style=\"text-align: justify;\">De cambiar las actuales reglas del financiamiento para los partidos pol\u00edticos y de darle una mayor importancia a los recursos provenientes de fuentes privadas, los partidos se ver\u00edan obligados a rendir cuentas claras y oportunas a la sociedad y a eficientar su gasto, tendr\u00edan adem\u00e1s que esforzarse por crear redes de simpatizantes y reclutar nuevos miembros que les aporten recursos para su sostenimiento, de tal forma que se dar\u00eda en la pr\u00e1ctica un real acercamiento con la sociedad, lo que diferir\u00eda del actual distanciamiento que hoy prevalece.<\/p>\n<p style=\"text-align: justify;\">Actualmente la ley garantiza que los partidos pol\u00edticos nacionales cuenten\u00a0con elementos para llevar a cabo sus actividades y se\u00f1ala las reglas de su financiamiento, debiendo garantizar que los recursos p\u00fablicos prevalezcan sobre los de origen privado.<\/p>\n<p style=\"text-align: justify;\">A m\u00ed juicio, el financiamiento de los partidos ha tenido mucho que ver con el creciente abstencionismo de los electores mexicanos.<\/p>\n<p style=\"text-align: justify;\">El financiamiento de origen p\u00fablico incide en el deterioro de la imagen y nivel de confianza que los ciudadanos tienen respecto de los partidos y los pol\u00edticos.<\/p>\n<p style=\"text-align: justify;\">Estoy de acuerdo por tanto, con la propuesta que hace uno de los aspirantes a la gubernatura de Chihuahua, Alfredo El Caballo Lozoya. Por cierto, actualmente alcalde de Parral, quien por cierto gan\u00f3 desde la figura independiente.<\/p>\n<p style=\"text-align: justify;\">\u00c9l dice, si hay dinero p\u00fablico para gastar, que el recurso sea para reactivar econom\u00eda, equipar hospitales y apoyar a trabajadores de la salud.<\/p>\n<p style=\"text-align: justify;\">Explic\u00f3, que en las elecciones del 2021, deben de hacerse sin financiamiento p\u00fablico, para que ese recurso se ponga a trabajar en necesidades prioritarias como dar soluci\u00f3n a la falta de insumos en los hospitales o reactivar las actividades econ\u00f3micas.<\/p>\n<p style=\"text-align: justify;\">Sugiere, que dadas las circunstancias, por lo menos que en el 2021 ante la pandemia que estamos sufriendo, los mexicanos sintamos el respaldo de los partidos pol\u00edticos, y que ese dinero que ponen los mexicanos de su bolsa se utilice concretamente en acciones para enfrentar los estragos de la PANDEMIA, \u00abque los m\u00e9dicos, enfermos y enfermeras sientan que estamos protegiendo su vida como ellos lo hacen en la primera l\u00ednea de batalla\u201d. Ha dicho.<\/p>\n<p style=\"text-align: justify;\">Pero francamente, dudo mucho que esta propuesta se ponga en pr\u00e1ctica.<\/p>\n<p style=\"text-align: justify;\">De hecho, ninguno de sus adversarios tratar\u00e1 el tema siquiera. Ya lo ver\u00e1 usted.<\/p>\n","protected":false},"excerpt":{"rendered":"<p>En teor\u00eda, cada vez se va cerrando con mayor rapidez, el c\u00edrculo de posibilidades que tienen los pol\u00edticos de hacer una campa\u00f1a pol\u00edtica, con dinero p\u00fablico.<\/p>\n","protected":false},"author":6,"featured_media":23322,"comment_status":"open","ping_status":"open","sticky":false,"template":"","format":"standard","meta":{"_acf_changed":false,"_monsterinsights_skip_tracking":false,"slim_seo":{"title":"Financiamiento campa\u00f1as covidianas 2021 - Opini\u00f3n P\u00fablica","description":"En teor\u00eda, cada vez se va cerrando con mayor rapidez, el c\u00edrculo de posibilidades que tienen los pol\u00edticos de hacer una campa\u00f1a pol\u00edtica, con dinero p\u00fablico. El"},"footnotes":""},"categories":[21],"tags":[],"class_list":["post-23323","post","type-post","status-publish","format-standard","has-post-thumbnail","hentry","category-cartapacio"],"acf":[],"_links":{"self":[{"href":"https:\/\/www.opinionpublica.tv\/portada\/wp-json\/wp\/v2\/posts\/23323","targetHints":{"allow":["GET"]}}],"collection":[{"href":"https:\/\/www.opinionpublica.tv\/portada\/wp-json\/wp\/v2\/posts"}],"about":[{"href":"https:\/\/www.opinionpublica.tv\/portada\/wp-json\/wp\/v2\/types\/post"}],"author":[{"embeddable":true,"href":"https:\/\/www.opinionpublica.tv\/portada\/wp-json\/wp\/v2\/users\/6"}],"replies":[{"embeddable":true,"href":"https:\/\/www.opinionpublica.tv\/portada\/wp-json\/wp\/v2\/comments?post=23323"}],"version-history":[{"count":0,"href":"https:\/\/www.opinionpublica.tv\/portada\/wp-json\/wp\/v2\/posts\/23323\/revisions"}],"wp:featuredmedia":[{"embeddable":true,"href":"https:\/\/www.opinionpublica.tv\/portada\/wp-json\/wp\/v2\/media\/23322"}],"wp:attachment":[{"href":"https:\/\/www.opinionpublica.tv\/portada\/wp-json\/wp\/v2\/media?parent=23323"}],"wp:term":[{"taxonomy":"category","embeddable":true,"href":"https:\/\/www.opinionpublica.tv\/portada\/wp-json\/wp\/v2\/categories?post=23323"},{"taxonomy":"post_tag","embeddable":true,"href":"https:\/\/www.opinionpublica.tv\/portada\/wp-json\/wp\/v2\/tags?post=23323"}],"curies":[{"name":"wp","href":"https:\/\/api.w.org\/{rel}","templated":true}]}}