{"id":23318,"date":"2020-05-21T06:00:00","date_gmt":"2020-05-21T04:00:00","guid":{"rendered":"https:\/\/www.opinionpublica.tv\/portada\/2020\/05\/21\/porfirio-diaz-y-su-historia-desde-el-exilio\/"},"modified":"2020-05-21T06:00:00","modified_gmt":"2020-05-21T04:00:00","slug":"porfirio-diaz-y-su-historia-desde-el-exilio","status":"publish","type":"post","link":"https:\/\/www.opinionpublica.tv\/portada\/porfirio-diaz-y-su-historia-desde-el-exilio\/","title":{"rendered":"Porfirio D\u00edaz y su historia desde el exilio"},"content":{"rendered":"<p><img fetchpriority=\"high\" decoding=\"async\" class=\" size-full wp-image-23313\" src=\"https:\/\/www.opinionpublica.tv\/portada\/wp-content\/uploads\/2020\/05\/2ea55a0f3f52836a8fd2f25df8e907a6.jpg\" alt=\"\" class=\"caption\" title=\"El general Porfirio D\u00edaz gobern\u00f3 M\u00e9xico con mano de hierro durante 34 a\u00f1os.\" width=\"749\" height=\"452\" srcset=\"https:\/\/www.opinionpublica.tv\/portada\/wp-content\/uploads\/2020\/05\/2ea55a0f3f52836a8fd2f25df8e907a6.jpg 749w, https:\/\/www.opinionpublica.tv\/portada\/wp-content\/uploads\/2020\/05\/2ea55a0f3f52836a8fd2f25df8e907a6-300x181.jpg 300w\" sizes=\"(max-width: 749px) 100vw, 749px\" \/><br \/>\n<!--more--><\/p>\n<p style=\"text-align: justify;\">Fue el 21 de mayo de 1911, hace ya 109 a\u00f1os cuando el presidente mexicano Porfirio D\u00edaz decidi\u00f3 pactar con los revolucionarios que se hab\u00edan levantado en armas el 20 de noviembre de 1910,\u00a0para lo cual acept\u00f3 renunciar a su cargo\u00a0y partir rumbo a su eterno exilio en Francia.<\/p>\n<p style=\"text-align: justify;\">Antes de que Porfirio D\u00edaz abordara en el puerto de Veracruz el Ypiranga, el vapor que lo llevar\u00eda a Vigo, el general se despidi\u00f3 de Victoriano Huerta, el comandante de su escolta. Al abrazarlo, le susurr\u00f3:<\/p>\n<p style=\"text-align: justify;\">-Ya se convencer\u00e1n de que la \u00fanica experiencia de gobernar bien al pa\u00eds es como yo lo hice.<\/p>\n<p style=\"text-align: justify;\">Era el 31 de mayo de 1911. Aquella ma\u00f1ana el general que hab\u00eda cimentado el M\u00e9xico moderno comenzaba su exilio. El dictador que gobern\u00f3\u00a0M\u00e9xico\u00a0desde 1877 pas\u00f3 cinco d\u00edas en Veracruz a la espera del barco que lo llevar\u00eda a Europa. Recibi\u00f3 la visita de ciudadanos, pol\u00edticos locales y periodistas que le mostraban su solidaridad. Dos semanas despu\u00e9s, cuando visitaba La Coru\u00f1a, se top\u00f3 con una manifestaci\u00f3n en su contra. \u201cEngendro de todos los males\u201d, dec\u00eda en los cartelones en manos de sindicalistas.<\/p>\n<p style=\"text-align: justify;\"><img decoding=\"async\" class=\" size-full wp-image-23314\" src=\"https:\/\/www.opinionpublica.tv\/portada\/wp-content\/uploads\/2020\/05\/porfis_3.png\" width=\"641\" height=\"393\" srcset=\"https:\/\/www.opinionpublica.tv\/portada\/wp-content\/uploads\/2020\/05\/porfis_3.png 641w, https:\/\/www.opinionpublica.tv\/portada\/wp-content\/uploads\/2020\/05\/porfis_3-300x184.png 300w\" sizes=\"(max-width: 641px) 100vw, 641px\" \/><\/p>\n<p style=\"text-align: justify;\">A m\u00e1s de un siglo de su muerte, que se cumple este 2 de julio, la figura de D\u00edaz sigue siendo ambivalente. Algunos lo consideran el mejor presidente que ha tenido M\u00e9xico y anhelan en privado el retorno de sus restos desde el cementerio parisino de Montparnasse. Otros lo recuerdan como un tirano de mano dura y el villano protag\u00f3nico de la historia nacional.<\/p>\n<p style=\"text-align: justify;\">\u201cD\u00edaz fue derrocado por una\u00a0Revoluci\u00f3n\u00a0que reescribi\u00f3 la historia para justificar el levantamiento armado, por lo que tuvo que satanizar al dictador\u201d, explica Carlos Tello D\u00edaz, un historiador que es tambi\u00e9n tataranieto del general. El autor publicar\u00e1 el pr\u00f3ximo mes\u00a0<em>Porfirio D\u00edaz, su vida y su tiempo<\/em>, el primero de tres vol\u00famenes de una biograf\u00eda exhaustiva para comprender al militar oaxaque\u00f1o en su contexto hist\u00f3rico. \u201cSe tiende a juzgarlo de forma anacr\u00f3nica con valores del siglo XXI, cuando \u00e9l naci\u00f3 y muri\u00f3 en el siglo XIX\u201d.<\/p>\n<p style=\"text-align: justify;\">Pero incluso algunos caudillos de la Revoluci\u00f3n eran seducidos por la figura de D\u00edaz. El general \u00c1lvaro Obreg\u00f3n, presidente de 1920 a 1924, era uno de sus grandes admiradores. Cre\u00eda que su \u00fanico pecado fue envejecer. Fue uno de los primeros mandatarios que gestionaron sin \u00e9xito la repatriaci\u00f3n de los restos.<\/p>\n<p style=\"text-align: justify;\">Para los militares no existe debate en torno a la figura castrense de D\u00edaz, que a pesar de haber encabezado dos golpes de Estado, es recordado por su papel en el derrocamiento del d\u00e9spota Antonio L\u00f3pez de Santa Anna en 1855. Tambi\u00e9n destac\u00f3 en la guerra de Reforma que enfrent\u00f3 a liberales y conservadores. El triunfo liberal lo catapult\u00f3 a la pol\u00edtica como diputado, cuando ten\u00eda 38 a\u00f1os de edad. Su paso por la C\u00e1mara fue breve e inmemorable (ofreci\u00f3 un solo discurso en tribuna). Dej\u00f3 el Congreso para volver al campo de batalla y defender la patria frente a la invasi\u00f3n francesa de 1862.<\/p>\n<p style=\"text-align: justify;\"><img decoding=\"async\" class=\" size-full wp-image-23315\" src=\"https:\/\/www.opinionpublica.tv\/portada\/wp-content\/uploads\/2020\/05\/porfis_4.png\" width=\"671\" height=\"397\" srcset=\"https:\/\/www.opinionpublica.tv\/portada\/wp-content\/uploads\/2020\/05\/porfis_4.png 671w, https:\/\/www.opinionpublica.tv\/portada\/wp-content\/uploads\/2020\/05\/porfis_4-300x177.png 300w\" sizes=\"(max-width: 671px) 100vw, 671px\" \/><\/p>\n<p style=\"text-align: justify;\">D\u00edaz, un liberal, arrebat\u00f3 la presidencia con un golpe de Estado aupado por un movimiento antirreelecci\u00f3n contra Benito Ju\u00e1rez y Sebasti\u00e1n Lerdo de Tejada. Su r\u00e9gimen se ciment\u00f3 en el famoso principio de \u201cpoca pol\u00edtica y mucha administraci\u00f3n\u201d. En sus tres d\u00e9cadas como gobernante mostr\u00f3 un inter\u00e9s inusitado en la ciencia\u00a0e invirti\u00f3 en mucha infraestructura. La red ferroviaria pas\u00f3 de tener 460 kil\u00f3metros a 19.000, similar a la que hoy tiene Reino Unido. La banca lleg\u00f3 al pa\u00eds y ayud\u00f3 a estabilizar el crecimiento.<\/p>\n<p style=\"text-align: justify;\">La Ciudad de M\u00e9xico ten\u00eda poco m\u00e1s de 200.000 habitantes y 4.200 casas cuando comenz\u00f3 el porfiriato. Sus se\u00f1as de identidad se edificaron entonces con la construcci\u00f3n de palacios emblem\u00e1ticos: el de Correos, Comunicaciones (hoy Museo Nacional)\u00a0y el Teatro Nacional (Bellas Artes). Al igual que los afrancesados barrios de Reforma, Ju\u00e1rez y Condesa, hoy epicentro de la bohemia capitalina.<\/p>\n<p style=\"text-align: justify;\">Tambi\u00e9n fue un periodo donde la oposici\u00f3n era suprimida. Uno de los ejemplos m\u00e1s cruentos es la aniquilaci\u00f3n de la rebeli\u00f3n yaqui. Su l\u00edder fue ejecutado y m\u00e1s de 15.000 indios de esta tribu del norte del pa\u00eds fueron enviados a plantaciones del sur a trabajar en condiciones que rayaban en la esclavitud.<\/p>\n<p style=\"text-align: justify;\"><img loading=\"lazy\" decoding=\"async\" class=\" size-full wp-image-23316\" src=\"https:\/\/www.opinionpublica.tv\/portada\/wp-content\/uploads\/2020\/05\/posfis_2.png\" width=\"681\" height=\"465\" srcset=\"https:\/\/www.opinionpublica.tv\/portada\/wp-content\/uploads\/2020\/05\/posfis_2.png 681w, https:\/\/www.opinionpublica.tv\/portada\/wp-content\/uploads\/2020\/05\/posfis_2-300x205.png 300w\" sizes=\"(max-width: 681px) 100vw, 681px\" \/><\/p>\n<p style=\"text-align: justify;\">Otra deuda fue la pol\u00edtica. El historiador Alejandro Rosas considera que D\u00edaz fue el gran maestro del PRI que gobern\u00f3 entre 1940 a 1970. Durante el r\u00e9gimen nacieron los vicios del sistema. \u201cFundament\u00f3 un estilo autoritario, de simulaci\u00f3n, donde nunca faltaron las elecciones. Domestic\u00f3 a los poderes, el Congreso era su club de amigos, persigui\u00f3 o compr\u00f3 a la prensa. Hubo un gran avance, \u00bfpero a qu\u00e9 costo?\u201d<\/p>\n<p style=\"text-align: justify;\">El dictador vilipendiado comenz\u00f3 a verse con otra luz hacia la d\u00e9cada de los ochenta del siglo pasado, cuando los historiadores iniciaron una revisi\u00f3n cr\u00edtica del porfiriato. Enrique Krauze fue uno de los primeros. En 1987 el Gobierno de Miguel de la Madrid autoriz\u00f3 una biograf\u00eda elogiosa editada por la estatal Fondo de Cultura Econ\u00f3mica y patrocinada por la Secretar\u00eda de Agricultura.<\/p>\n<p style=\"text-align: justify;\">Uno de los mayores esfuerzos por reivindicar la figura tuvo lugar en el sexenio siguiente usando a la televisi\u00f3n como instrumento. Esta es la herramienta m\u00e1s poderosa para los cambios culturales en M\u00e9xico. El Gobierno de\u00a0Carlos Salinas (1988-1994)\u00a0vio con buenos ojos la producci\u00f3n de\u00a0<em>El vuelo del \u00e1guila<\/em>, una telenovela de m\u00e1s de 100 episodios sobre la vida de D\u00edaz.<\/p>\n<p style=\"text-align: justify;\">\u201cFue una apertura, hubo una democratizaci\u00f3n de los medios y se coloc\u00f3 un evento hist\u00f3rico para reflexionar sobre \u00e9l. Abri\u00f3 mucho el debate p\u00fablico\u201d, recuerda Jos\u00e9 Manuel Villalpando, un historiador que form\u00f3 parte del equipo de investigaci\u00f3n del proyecto y que encontr\u00f3 en Par\u00eds el certificado de embalsamamiento de D\u00edaz. Gracias a \u00e9l se sabe que el dictador descansa bajo su espada con una bandera de M\u00e9xico.<\/p>\n<p style=\"text-align: justify;\"><img loading=\"lazy\" decoding=\"async\" class=\" size-full wp-image-23317\" src=\"https:\/\/www.opinionpublica.tv\/portada\/wp-content\/uploads\/2020\/05\/porfis_5.jpg\" width=\"300\" height=\"374\" srcset=\"https:\/\/www.opinionpublica.tv\/portada\/wp-content\/uploads\/2020\/05\/porfis_5.jpg 300w, https:\/\/www.opinionpublica.tv\/portada\/wp-content\/uploads\/2020\/05\/porfis_5-241x300.jpg 241w\" sizes=\"(max-width: 300px) 100vw, 300px\" \/><\/p>\n<p style=\"text-align: justify;\">El magnate de Televisa, Emilio Azc\u00e1rraga Milmo, un tenaz admirador de D\u00edaz, so\u00f1\u00f3 con transmitir en directo la repatriaci\u00f3n del cuerpo del dictador. Promovi\u00f3 con tal intensidad la idea que acudi\u00f3 a Los Pinos a propon\u00e9rsela al presidente\u00a0Ernesto Zedillo\u00a0en 1994. \u201cLo escuch\u00f3 con atenci\u00f3n, pero no le dio ninguna respuesta. No era el momento para hacerlo\u201d, dice Li\u00e9bano S\u00e1enz, ex secretario del mandatario.<\/p>\n<p style=\"text-align: justify;\">Ese momento a\u00fan no ha llegado, aunque la figura de D\u00edaz sigue hechizando al poder. El presidente\u00a0Felipe Calder\u00f3n\u00a0explor\u00f3 la posibilidad de repatriarlo, pero consider\u00f3 desafortunado hacerlo en 2010, aniversario del centenario del inicio de la Revoluci\u00f3n.<\/p>\n<p style=\"text-align: justify;\">La bas\u00edlica de la Soledad, en Oaxaca, a\u00fan espera los restos del general. La soledad aguarda el fin del exilio del dictador.<\/p>\n<p style=\"text-align: justify;\"><em>Fuente:\u00a0El Pa\u00eds<\/em>.<\/p>\n","protected":false},"excerpt":{"rendered":"","protected":false},"author":6,"featured_media":23313,"comment_status":"open","ping_status":"open","sticky":false,"template":"","format":"standard","meta":{"_acf_changed":false,"_monsterinsights_skip_tracking":false,"slim_seo":{"title":"Porfirio D\u00edaz y su historia desde el exilio - Opini\u00f3n P\u00fablica","description":"Fue el 21 de mayo de 1911, hace ya 109 a\u00f1os cuando el presidente mexicano Porfirio D\u00edaz decidi\u00f3 pactar con los revolucionarios que se hab\u00edan levantado en armas"},"footnotes":""},"categories":[14],"tags":[],"class_list":["post-23318","post","type-post","status-publish","format-standard","has-post-thumbnail","hentry","category-historias"],"acf":[],"_links":{"self":[{"href":"https:\/\/www.opinionpublica.tv\/portada\/wp-json\/wp\/v2\/posts\/23318","targetHints":{"allow":["GET"]}}],"collection":[{"href":"https:\/\/www.opinionpublica.tv\/portada\/wp-json\/wp\/v2\/posts"}],"about":[{"href":"https:\/\/www.opinionpublica.tv\/portada\/wp-json\/wp\/v2\/types\/post"}],"author":[{"embeddable":true,"href":"https:\/\/www.opinionpublica.tv\/portada\/wp-json\/wp\/v2\/users\/6"}],"replies":[{"embeddable":true,"href":"https:\/\/www.opinionpublica.tv\/portada\/wp-json\/wp\/v2\/comments?post=23318"}],"version-history":[{"count":0,"href":"https:\/\/www.opinionpublica.tv\/portada\/wp-json\/wp\/v2\/posts\/23318\/revisions"}],"wp:featuredmedia":[{"embeddable":true,"href":"https:\/\/www.opinionpublica.tv\/portada\/wp-json\/wp\/v2\/media\/23313"}],"wp:attachment":[{"href":"https:\/\/www.opinionpublica.tv\/portada\/wp-json\/wp\/v2\/media?parent=23318"}],"wp:term":[{"taxonomy":"category","embeddable":true,"href":"https:\/\/www.opinionpublica.tv\/portada\/wp-json\/wp\/v2\/categories?post=23318"},{"taxonomy":"post_tag","embeddable":true,"href":"https:\/\/www.opinionpublica.tv\/portada\/wp-json\/wp\/v2\/tags?post=23318"}],"curies":[{"name":"wp","href":"https:\/\/api.w.org\/{rel}","templated":true}]}}