{"id":23310,"date":"2020-05-21T06:00:00","date_gmt":"2020-05-21T04:00:00","guid":{"rendered":"https:\/\/www.opinionpublica.tv\/portada\/2020\/05\/21\/regresar-a-la-nueva-normalidad\/"},"modified":"2020-05-21T06:00:00","modified_gmt":"2020-05-21T04:00:00","slug":"regresar-a-la-nueva-normalidad","status":"publish","type":"post","link":"https:\/\/www.opinionpublica.tv\/portada\/regresar-a-la-nueva-normalidad\/","title":{"rendered":"Regresar a la nueva normalidad"},"content":{"rendered":"<img fetchpriority=\"high\" decoding=\"async\" class=\" size-full wp-image-23309\" src=\"https:\/\/www.opinionpublica.tv\/portada\/wp-content\/uploads\/2020\/05\/bc567673b7676a10e53910ad5230ece9.jpg\" alt=\"\" class=\"caption\" title=\"Daniel Valles.\" width=\"321\" height=\"343\" srcset=\"https:\/\/www.opinionpublica.tv\/portada\/wp-content\/uploads\/2020\/05\/bc567673b7676a10e53910ad5230ece9.jpg 321w, https:\/\/www.opinionpublica.tv\/portada\/wp-content\/uploads\/2020\/05\/bc567673b7676a10e53910ad5230ece9-281x300.jpg 281w\" sizes=\"(max-width: 321px) 100vw, 321px\" \/>\n<p style=\"text-align: justify;\">Quienes todo critican, empiezan por criticar el t\u00e9rmino \u201cnueva normalidad\u201d. Lo que creo que es buscarle gl\u00e1ndulas mamarias a las v\u00edboras.\u00a0Pero as\u00ed es como el gobierno federal le ha llamado al regreso a la actividad econ\u00f3mica generalizada que ya casi tienes dos meses detenida, o semi detenida.<\/p>\n<p><!--more--><\/p>\n<p style=\"text-align: justify;\">Se ha anunciado que determinadas empresas habr\u00e1n de regresar a las labores a partir del 1 de junio.<\/p>\n<p style=\"text-align: justify;\">Lo que ha generado diferentes situaciones y hasta confusi\u00f3n tanto en trabajadores como en la opini\u00f3n p\u00fablica del pa\u00eds.<\/p>\n<p style=\"text-align: justify;\">Y es que el regreso que iniciar\u00e1 para las plantas o industrias que estaban en paro sanitario, hoy es la fecha para iniciar el acondicionamiento, la preparaci\u00f3n de las instalaciones.<\/p>\n<p style=\"text-align: justify;\">La elaboraci\u00f3n de protocolos para la debida atenci\u00f3n de la gente que regresa y detectar a posibles portadores del Coronavirus.<\/p>\n<p style=\"text-align: justify;\">Para evitar hasta donde les sea posible nuevos contagios.<\/p>\n<p style=\"text-align: justify;\">Lo que no es una operaci\u00f3n que se pueda garantizar de manera total. No importa cu\u00e1ntos protocolos se apliquen.<\/p>\n<p style=\"text-align: justify;\">El gobierno federal, por medio de su \u201cprincipal vocero\u201d, el se\u00f1or Andr\u00e9s Manuel L\u00f3pez Obrador, que tambi\u00e9n es el Jefe del Ejecutivo, dio a conocer que regresar\u00edamos a la \u201cnueva normalidad\u201d.<\/p>\n<p style=\"text-align: justify;\">Esto se ha tomado casi como un banderazo de salida para regresar a las actividades que antes del paro sanitario se hac\u00edan de manera normal. Rutinaria. Diariamente.<\/p>\n<p style=\"text-align: justify;\">Lo que ya no ser\u00e1 igual, ya no podremos volver a eso.<\/p>\n<p style=\"text-align: justify;\">Aparte de ser complicada-la realidad-es \u00fanica. Y no es bien hecha-la realidad-no es obvia, no es lo que esperar\u00edamos.<\/p>\n<p style=\"text-align: justify;\">La realidad es de hecho normalmente algo que no pod\u00edamos haber adivinado o imaginado. El futuro es lo m\u00e1s incierto de la vida.<\/p>\n<p style=\"text-align: justify;\">De la misma forma, el regreso a lo que se llama \u201cla nueva normalidad\u201d, no se puede imaginar y no pueden prever de tantas posibles variantes con que cuenta.<\/p>\n<p style=\"text-align: justify;\">Toda la gente que trabaja en eso hace su mejor esfuerzo por lograr su cometido.<\/p>\n<p style=\"text-align: justify;\">Por un lado tenemos que el gobierno federal inform\u00f3 que empresas de construcci\u00f3n, miner\u00eda y relacionadas con transporte podr\u00e1n consultar los requisitos para reabrir sus actividades bajo el compromiso \u2018de decir verdad\u2019.<\/p>\n<p style=\"text-align: justify;\">T\u00e9rmino que de entrada es raro para la cultura mexicana. Pero entiendo que se enfatice. Hay gente en empresas que mentir\u00e1 para reabrir. Y empleados que har\u00e1n lo mismo, para regresar al trabajo o para obtener uno.<\/p>\n<p style=\"text-align: justify;\">Quienes trabajan en generar los protocolos copian, traducen y pegan los protocolos que usan en Estados Unidos o en pa\u00edses europeos donde el t\u00e9rmino, \u201cdecir la verdad\u201d es parte del protocolo. En fin.<\/p>\n<p style=\"text-align: justify;\">Luego, viene el consejo sabio, como el de un abuelo para sus hijos y nietos por parte del presidente L\u00f3pez Obrador:<\/p>\n<p style=\"text-align: justify;\"><em>\u201cla nueva normalidad a los centros de trabajo deber\u00e1 hacerse con mucho cuidado, con protocolos y protegiendo la salud de los trabajadores\u201d, <\/em> se\u00f1al\u00f3; el presidente.<\/p>\n<p style=\"text-align: justify;\">No puedo imaginarme a alguien elaborado los protocolos y sabote\u00e1ndolos al mismo tiempo como para que todos se infecten, pero en fin. As\u00ed es.<\/p>\n<p style=\"text-align: justify;\">S\u00ed creo que algunas empresas y negocios, para empezar, sean ligeros en la elaboraci\u00f3n de los mismos y se vayan a lo m\u00ednimo requerido.<\/p>\n<p style=\"text-align: justify;\">Mantener la distancia, no saludos de manos y besos, gel anti bacteria, cubre bocas de alg\u00fan tipo y jab\u00f3n, mucho jab\u00f3n.<\/p>\n<p style=\"text-align: justify;\">Las empresas maquiladoras y las grandes corporaciones que cuentan con presupuestos enormes son las que pueden tener caretas, guantes y cuanta cosa exista para mantener desinfectado o \u201csanitizado\u201d, como ahora se dice, en y para las \u00e1reas de trabajo.<\/p>\n<p style=\"text-align: justify;\">S\u00e9 de empresas maquiladoras que est\u00e1n haciendo un seguimiento exhaustivo diario de su personal. Tengo la evidencia en mis notas de mis fuentes. Personal de las empresas que lo est\u00e1n haciendo.<\/p>\n<p style=\"text-align: justify;\">Los protocolos son r\u00edgidos. Les toman la temperatura antes de subir al autob\u00fas que los traslada a la empresa o planta. Si presentan fiebre, no les suben.<\/p>\n<p style=\"text-align: justify;\">Los autobuses van a la mitad de la capacidad para guardar la distancia. Y en algunos casos, permanecen juntos hasta que deben de regresar. Lo que ha representado un gasto doble para la empresa.<\/p>\n<p style=\"text-align: justify;\">Diariamente les hacen preguntas acerca de su estado de salud. \u00a1Has tenido tos, fiebre, dolor de garganta, etc? \u00bfAlguien en tu casa s\u00ed?<\/p>\n<p style=\"text-align: justify;\">Quienes llegan por su medio, de igual forma, son monitoreados antes de entrar a los terrenos de la empresa. Pero por m\u00e1s que se esfuerzan, no pueden garantizar que el personal no saldr\u00e1 positivo o con s\u00edntomas.<\/p>\n<p style=\"text-align: justify;\">Saben que no podr\u00e1n detectarlos a pesar de su esfuerzo. Como ha estado sucediendo en algunas de estas empresas.<\/p>\n<p style=\"text-align: justify;\">El pasado viernes 15 del presente mes, en una de estas empresas de las que tengo evidencia, encontraron 13 casos que dieron positivo a Covid.<\/p>\n<p style=\"text-align: justify;\">En total han detectado a 47 de los 625 que hasta ese viernes Ciudad Ju\u00e1rez contabilizaba. Pero as\u00ed es y as\u00ed ser\u00e1 esta llamada vuelta a \u201cla nueva normalidad\u201d.<\/p>\n<p style=\"text-align: justify;\">La vida tiene que continuar y entiendo que los esfuerzos se centran o deben de ser para que el n\u00famero de personas infectadas disminuya. Para que la gente no nos enfermemos todos de lo mismo, al mismo tiempo.<\/p>\n<p style=\"text-align: justify;\">Ahora, para aclarar un tanto la confusi\u00f3n que se ha creado por las fechas de reinicio de actividades, las autoridades estatales aclararon que el regreso de las de la construcci\u00f3n, miner\u00eda, industria aeroespacial y automotriz ser\u00e1 hasta el 1 de junio, porque del 18 al 31 de mayo tienen que acreditar proceso de salubridad.<\/p>\n<p style=\"text-align: justify;\">La llamada nueva normalidad inicia con una certificaci\u00f3n donde la autoridad compruebe las condiciones de desinfecci\u00f3n requeridas.<\/p>\n<p style=\"text-align: justify;\">Lo que llevar\u00e1 toda esta semana y la entrante.<\/p>\n<p style=\"text-align: justify;\">De los llamados municipios de la esperanza, 327 lugares en el pa\u00eds que est\u00e1n libres o se dice que lo est\u00e1n, 104 de ellos se niegan a regresar porque temen que no est\u00e9n como les dicen que est\u00e1n. Es decir, prefieren esperar a arriesgarse.<\/p>\n<p style=\"text-align: justify;\">La realidad es que al pa\u00eds, a las familias, a las empresas, nos urge regresar a la normalidad o a la forma de vida que sea. Sobre todo a quienes no somos asalariados y no nos apellidamos Slim, Fuentes o Zaragoza.<\/p>\n<p style=\"text-align: justify;\">Pero no deseamos tampoco, terminar entubados o sufriendo las miserias de esta pandemia.<\/p>\n<p style=\"text-align: justify;\">Esa es nuestra \u201cnueva normalidad\u201d y el meollo de nuestro asunto.<\/p>\n","protected":false},"excerpt":{"rendered":"<p>Quienes todo critican, empiezan por criticar el t\u00e9rmino \u201cnueva normalidad\u201d. Lo que creo que es buscarle gl\u00e1ndulas mamarias a las v\u00edboras.\u00a0Pero as\u00ed es como el gobierno federal le ha llamado al regreso a la actividad econ\u00f3mica generalizada que ya casi tienes dos meses detenida, o semi detenida.<\/p>\n","protected":false},"author":6,"featured_media":23309,"comment_status":"open","ping_status":"open","sticky":false,"template":"","format":"standard","meta":{"_acf_changed":false,"_monsterinsights_skip_tracking":false,"slim_seo":{"title":"Regresar a la nueva normalidad - Opini\u00f3n P\u00fablica","description":"Quienes todo critican, empiezan por criticar el t\u00e9rmino \u201cnueva normalidad\u201d. Lo que creo que es buscarle gl\u00e1ndulas mamarias a las v\u00edboras.\u00a0Pero as\u00ed es como el go"},"footnotes":""},"categories":[16],"tags":[],"class_list":["post-23310","post","type-post","status-publish","format-standard","has-post-thumbnail","hentry","category-el-meollo-del-asunto"],"acf":[],"_links":{"self":[{"href":"https:\/\/www.opinionpublica.tv\/portada\/wp-json\/wp\/v2\/posts\/23310","targetHints":{"allow":["GET"]}}],"collection":[{"href":"https:\/\/www.opinionpublica.tv\/portada\/wp-json\/wp\/v2\/posts"}],"about":[{"href":"https:\/\/www.opinionpublica.tv\/portada\/wp-json\/wp\/v2\/types\/post"}],"author":[{"embeddable":true,"href":"https:\/\/www.opinionpublica.tv\/portada\/wp-json\/wp\/v2\/users\/6"}],"replies":[{"embeddable":true,"href":"https:\/\/www.opinionpublica.tv\/portada\/wp-json\/wp\/v2\/comments?post=23310"}],"version-history":[{"count":0,"href":"https:\/\/www.opinionpublica.tv\/portada\/wp-json\/wp\/v2\/posts\/23310\/revisions"}],"wp:featuredmedia":[{"embeddable":true,"href":"https:\/\/www.opinionpublica.tv\/portada\/wp-json\/wp\/v2\/media\/23309"}],"wp:attachment":[{"href":"https:\/\/www.opinionpublica.tv\/portada\/wp-json\/wp\/v2\/media?parent=23310"}],"wp:term":[{"taxonomy":"category","embeddable":true,"href":"https:\/\/www.opinionpublica.tv\/portada\/wp-json\/wp\/v2\/categories?post=23310"},{"taxonomy":"post_tag","embeddable":true,"href":"https:\/\/www.opinionpublica.tv\/portada\/wp-json\/wp\/v2\/tags?post=23310"}],"curies":[{"name":"wp","href":"https:\/\/api.w.org\/{rel}","templated":true}]}}