{"id":23257,"date":"2020-05-15T06:00:00","date_gmt":"2020-05-15T04:00:00","guid":{"rendered":"https:\/\/www.opinionpublica.tv\/portada\/2020\/05\/15\/circulan-los-primeros-vehiculos-sobre-puente-juan-pablo-ii-y-arizona\/"},"modified":"2020-05-15T06:00:00","modified_gmt":"2020-05-15T04:00:00","slug":"circulan-los-primeros-vehiculos-sobre-puente-juan-pablo-ii-y-arizona","status":"publish","type":"post","link":"https:\/\/www.opinionpublica.tv\/portada\/circulan-los-primeros-vehiculos-sobre-puente-juan-pablo-ii-y-arizona\/","title":{"rendered":"Abren a la circulaci\u00f3n nuevo puente en Juan Pablo II y Arizona"},"content":{"rendered":"<p><img fetchpriority=\"high\" decoding=\"async\" class=\" size-full wp-image-23256\" src=\"https:\/\/www.opinionpublica.tv\/portada\/wp-content\/uploads\/2020\/05\/63a160bb68c31aa1ec8a8535e3629d97.jpg\" alt=\"\" class=\"caption\" title=\"Este paso a desnivel dar\u00e1 mayor fluidez al Bulevar Juan Pablo Segundo.\" width=\"1280\" height=\"853\" srcset=\"https:\/\/www.opinionpublica.tv\/portada\/wp-content\/uploads\/2020\/05\/63a160bb68c31aa1ec8a8535e3629d97.jpg 1280w, https:\/\/www.opinionpublica.tv\/portada\/wp-content\/uploads\/2020\/05\/63a160bb68c31aa1ec8a8535e3629d97-300x200.jpg 300w, https:\/\/www.opinionpublica.tv\/portada\/wp-content\/uploads\/2020\/05\/63a160bb68c31aa1ec8a8535e3629d97-1024x682.jpg 1024w, https:\/\/www.opinionpublica.tv\/portada\/wp-content\/uploads\/2020\/05\/63a160bb68c31aa1ec8a8535e3629d97-768x512.jpg 768w\" sizes=\"(max-width: 1280px) 100vw, 1280px\" \/><br \/>\n<!--more--><\/p>\n<p style=\"text-align: justify;\"><em>Ciudad Ju\u00e1rez, Chih<\/em>.- Este viernes 15 de mayo, se dio la apertura del primero de los nueve puentes que se tiene proyectados del \u201cCorredor Multimodal\u201d, siendo el de Juan Pablo II y calle Arizona.<\/p>\n<p style=\"text-align: justify;\">El subsecretario de Obras P\u00fablicas de la Frontera, Roberto Barraza, se\u00f1al\u00f3 que esta apertura parcial, viene a desfogar los miles de veh\u00edculos que circulan diariamente por dicha arteria, reduciendo los tiempos de traslado al no haber sem\u00e1foro.<\/p>\n<p style=\"text-align: justify;\">Minutos despu\u00e9s de las tres de la tarde, circul\u00f3 el primer automovilista por dicha obra que tuvo una inversi\u00f3n de 36.8 millones de pesos y que inici\u00f3 su construcci\u00f3n en julio del 2019.<\/p>\n<p style=\"text-align: justify;\">El funcionario indic\u00f3 que en m\u00e1s tardar en tres semanas se dar\u00e1\u00a0 apertura al carril lateral, ya que a\u00fan se contin\u00faa trabajando en \u00e9l, as\u00ed como en los de incorporaci\u00f3n y desincorporaci\u00f3n sobre Juan Pablo II, en el lado norte.<\/p>\n<p style=\"text-align: justify;\">As\u00ed mismo, las personas que tengan que incorporarse a la calle Arizona, deber\u00e1n seguir utilizando la desviaci\u00f3n.<\/p>\n<p style=\"text-align: justify;\">Se contempla que en dos meses m\u00e1s, se abra totalmente a la circulaci\u00f3n esta Gaza.<\/p>\n","protected":false},"excerpt":{"rendered":"","protected":false},"author":6,"featured_media":23256,"comment_status":"open","ping_status":"open","sticky":false,"template":"","format":"standard","meta":{"_acf_changed":false,"_monsterinsights_skip_tracking":false,"slim_seo":{"title":"Abren a la circulaci\u00f3n nuevo puente en Juan Pablo II y Arizona - Opini\u00f3n P\u00fablica","description":"Ciudad Ju\u00e1rez, Chih .- Este viernes 15 de mayo, se dio la apertura del primero de los nueve puentes que se tiene proyectados del \u201cCorredor Multimodal\u201d, siendo e"},"footnotes":""},"categories":[5],"tags":[],"class_list":["post-23257","post","type-post","status-publish","format-standard","has-post-thumbnail","hentry","category-frontera"],"acf":[],"_links":{"self":[{"href":"https:\/\/www.opinionpublica.tv\/portada\/wp-json\/wp\/v2\/posts\/23257","targetHints":{"allow":["GET"]}}],"collection":[{"href":"https:\/\/www.opinionpublica.tv\/portada\/wp-json\/wp\/v2\/posts"}],"about":[{"href":"https:\/\/www.opinionpublica.tv\/portada\/wp-json\/wp\/v2\/types\/post"}],"author":[{"embeddable":true,"href":"https:\/\/www.opinionpublica.tv\/portada\/wp-json\/wp\/v2\/users\/6"}],"replies":[{"embeddable":true,"href":"https:\/\/www.opinionpublica.tv\/portada\/wp-json\/wp\/v2\/comments?post=23257"}],"version-history":[{"count":0,"href":"https:\/\/www.opinionpublica.tv\/portada\/wp-json\/wp\/v2\/posts\/23257\/revisions"}],"wp:featuredmedia":[{"embeddable":true,"href":"https:\/\/www.opinionpublica.tv\/portada\/wp-json\/wp\/v2\/media\/23256"}],"wp:attachment":[{"href":"https:\/\/www.opinionpublica.tv\/portada\/wp-json\/wp\/v2\/media?parent=23257"}],"wp:term":[{"taxonomy":"category","embeddable":true,"href":"https:\/\/www.opinionpublica.tv\/portada\/wp-json\/wp\/v2\/categories?post=23257"},{"taxonomy":"post_tag","embeddable":true,"href":"https:\/\/www.opinionpublica.tv\/portada\/wp-json\/wp\/v2\/tags?post=23257"}],"curies":[{"name":"wp","href":"https:\/\/api.w.org\/{rel}","templated":true}]}}