{"id":23247,"date":"2020-05-14T06:00:00","date_gmt":"2020-05-14T04:00:00","guid":{"rendered":"https:\/\/www.opinionpublica.tv\/portada\/2020\/05\/14\/trastornos\/"},"modified":"2020-05-14T06:00:00","modified_gmt":"2020-05-14T04:00:00","slug":"trastornos","status":"publish","type":"post","link":"https:\/\/www.opinionpublica.tv\/portada\/trastornos\/","title":{"rendered":"Trastornos"},"content":{"rendered":"<img fetchpriority=\"high\" decoding=\"async\" class=\" size-full wp-image-23246\" src=\"https:\/\/www.opinionpublica.tv\/portada\/wp-content\/uploads\/2020\/05\/0fe787c29d8c70fb16edd1f684330d19.jpg\" alt=\"\" class=\"caption\" title=\"Ra\u00fal Ruiz G\u00f3mez.\" width=\"245\" height=\"262\" \/>\n<p style=\"text-align: justify;\">En momentos cruciales como los que atraviesa nuestro pa\u00eds, cualquier movimiento que haga el jefe del ejecutivo, es motivo de cuestionamiento.<\/p>\n<p><!--more--><\/p>\n<p style=\"text-align: justify;\">El m\u00e1s reciente de ellos, ha sido, el decreto que autoriza al Ej\u00e9rcito y a la Marina, para que salgan de nuevo a enfrentar al crimen organizado, a partir de ya, y hasta 2024, pues no tenemos el poder suficiente con la Guardia Nacional, ya que a\u00fan no cuaja esta corporaci\u00f3n como fuerza de seguridad nacional.<\/p>\n<p style=\"text-align: justify;\">La gente no se siente protegida por ning\u00fan lado que se le platique.<\/p>\n<p style=\"text-align: justify;\">El deterioro psicol\u00f3gico que le produce la existencia misma, es devastador. Los trastornos mentales son cada vez mayores.<\/p>\n<p style=\"text-align: justify;\">Si se trata de la pandemia, cada vez son m\u00e1s los mexicanos que dudan de las decisiones del gobierno federal y los gobiernos de los estados para aplanar la famosa curva del coronavirus.<\/p>\n<p style=\"text-align: justify;\">Unos no creen que el peligro de muerte es real y se niegan a permanecer en sus casas. Otros, no tienen m\u00e1s que salir a buscar la vida o la muerte. Se juegan el albur, o mueren de hambre o mueren por el virus.<\/p>\n<p style=\"text-align: justify;\">Y en materia de seguridad p\u00fablica, hay menos certeza todav\u00eda.<\/p>\n<p style=\"text-align: justify;\">A pesar de las declaraciones presidenciales, al inicio de su mandato, en torno a la estrategia para detener al crimen organizado, ya en la pr\u00e1ctica parece que regresaremos a combatir a los malos, con el uso de la fuerza.<\/p>\n<p style=\"text-align: justify;\">El retorno a la guerra irracional desatada por Felipe Calder\u00f3n parece irremediable.<\/p>\n<p style=\"text-align: justify;\">Lo que conlleva al aumento de las cifras mortuorias que nunca han dejado de estar ah\u00ed, pero que recrudecer\u00e1n.<\/p>\n<p style=\"text-align: justify;\">Y el otro factor de estr\u00e9s y por consecuencia, percutor de enfermedades como la psicosis, psoriasis o la neurosis, es la incertidumbre econ\u00f3mica.<\/p>\n<p style=\"text-align: justify;\">A\u00fan no podemos saber cu\u00e1ntos ca\u00eddos habr\u00e1 con motivo del desempleo o la quiebra de las micro empresas.<\/p>\n<p style=\"text-align: justify;\">Pero la conducta humana est\u00e1 sufriendo cambios negativos.<\/p>\n<p style=\"text-align: justify;\">Una amplia variedad de afecciones que inciden en el estado de \u00e1nimo, el pensamiento y el comportamiento, afloran. Solo los m\u00e1s fuertes y sanos se proteger\u00e1n mejor.<\/p>\n<p style=\"text-align: justify;\">El trastorno de salud mental se caracteriza por depresi\u00f3n persistente o p\u00e9rdida de inter\u00e9s en las actividades, lo que puede causar dificultades significativas en la vida cotidiana.<\/p>\n<p style=\"text-align: justify;\">La combinaci\u00f3n de fuentes biol\u00f3gicas, psicol\u00f3gicas y sociales de angustia, implica un deterioro fatal, que necesitamos contener.<\/p>\n<p style=\"text-align: justify;\">Los trastornos mentales comienzan con la producci\u00f3n de sensaciones de preocupaci\u00f3n, ansiedad o miedo, tan fuertes que interfieren con las actividades diarias de quien las padece.<\/p>\n<p style=\"text-align: justify;\">Los ataques de p\u00e1nico a los que estamos expuestos por la pandemia, nos llevan a los trastornos obsesivos compulsivos y los trastornos de estr\u00e9s postraum\u00e1tico.<\/p>\n<p style=\"text-align: justify;\">A m\u00ed no me haga mucho caso, esto me lo han dicho profesionales en la materia y s\u00f3lo los repito por si le sirven a usted de algo.<\/p>\n<p style=\"text-align: justify;\">La vida despu\u00e9s de la pandemia no ser\u00e1 la misma.<\/p>\n<p style=\"text-align: justify;\">Y yo me congratulo de ello, porque nuestra \u00abnormalidad\u00bb, anterior a este confinamiento, no era precisamente la mejor para vivirla.<\/p>\n<p style=\"text-align: justify;\">Tenemos la oportunidad de reinventar nuestra existencia.<\/p>\n<p style=\"text-align: justify;\">Todo saldr\u00e1 bien.<\/p>\n","protected":false},"excerpt":{"rendered":"<p>En momentos cruciales como los que atraviesa nuestro pa\u00eds, cualquier movimiento que haga el jefe del ejecutivo, es motivo de cuestionamiento.<\/p>\n","protected":false},"author":6,"featured_media":23246,"comment_status":"open","ping_status":"open","sticky":false,"template":"","format":"standard","meta":{"_acf_changed":false,"_monsterinsights_skip_tracking":false,"slim_seo":{"title":"Trastornos - Opini\u00f3n P\u00fablica","description":"En momentos cruciales como los que atraviesa nuestro pa\u00eds, cualquier movimiento que haga el jefe del ejecutivo, es motivo de cuestionamiento. El m\u00e1s reciente de"},"footnotes":""},"categories":[21],"tags":[],"class_list":["post-23247","post","type-post","status-publish","format-standard","has-post-thumbnail","hentry","category-cartapacio"],"acf":[],"_links":{"self":[{"href":"https:\/\/www.opinionpublica.tv\/portada\/wp-json\/wp\/v2\/posts\/23247","targetHints":{"allow":["GET"]}}],"collection":[{"href":"https:\/\/www.opinionpublica.tv\/portada\/wp-json\/wp\/v2\/posts"}],"about":[{"href":"https:\/\/www.opinionpublica.tv\/portada\/wp-json\/wp\/v2\/types\/post"}],"author":[{"embeddable":true,"href":"https:\/\/www.opinionpublica.tv\/portada\/wp-json\/wp\/v2\/users\/6"}],"replies":[{"embeddable":true,"href":"https:\/\/www.opinionpublica.tv\/portada\/wp-json\/wp\/v2\/comments?post=23247"}],"version-history":[{"count":0,"href":"https:\/\/www.opinionpublica.tv\/portada\/wp-json\/wp\/v2\/posts\/23247\/revisions"}],"wp:featuredmedia":[{"embeddable":true,"href":"https:\/\/www.opinionpublica.tv\/portada\/wp-json\/wp\/v2\/media\/23246"}],"wp:attachment":[{"href":"https:\/\/www.opinionpublica.tv\/portada\/wp-json\/wp\/v2\/media?parent=23247"}],"wp:term":[{"taxonomy":"category","embeddable":true,"href":"https:\/\/www.opinionpublica.tv\/portada\/wp-json\/wp\/v2\/categories?post=23247"},{"taxonomy":"post_tag","embeddable":true,"href":"https:\/\/www.opinionpublica.tv\/portada\/wp-json\/wp\/v2\/tags?post=23247"}],"curies":[{"name":"wp","href":"https:\/\/api.w.org\/{rel}","templated":true}]}}