{"id":23243,"date":"2020-05-14T06:00:00","date_gmt":"2020-05-14T04:00:00","guid":{"rendered":"https:\/\/www.opinionpublica.tv\/portada\/2020\/05\/14\/efemerides-14-de-mayo-3\/"},"modified":"2020-05-14T06:00:00","modified_gmt":"2020-05-14T04:00:00","slug":"efemerides-14-de-mayo-3","status":"publish","type":"post","link":"https:\/\/www.opinionpublica.tv\/portada\/efemerides-14-de-mayo-3\/","title":{"rendered":"Efem\u00e9rides 14 de mayo"},"content":{"rendered":"<img fetchpriority=\"high\" decoding=\"async\" class=\" size-full wp-image-23242\" src=\"https:\/\/www.opinionpublica.tv\/portada\/wp-content\/uploads\/2020\/05\/b1104b710bd53696c9a806285ce1b82e.jpg\" alt=\"\" class=\"caption\" title=\"El f\u00edsico e inventor italiano Guillermo Marconi hizo la primera transmisi\u00f3n de radio de la historia.\" width=\"1280\" height=\"720\" srcset=\"https:\/\/www.opinionpublica.tv\/portada\/wp-content\/uploads\/2020\/05\/b1104b710bd53696c9a806285ce1b82e.jpg 1280w, https:\/\/www.opinionpublica.tv\/portada\/wp-content\/uploads\/2020\/05\/b1104b710bd53696c9a806285ce1b82e-300x169.jpg 300w, https:\/\/www.opinionpublica.tv\/portada\/wp-content\/uploads\/2020\/05\/b1104b710bd53696c9a806285ce1b82e-1024x576.jpg 1024w, https:\/\/www.opinionpublica.tv\/portada\/wp-content\/uploads\/2020\/05\/b1104b710bd53696c9a806285ce1b82e-768x432.jpg 768w\" sizes=\"(max-width: 1280px) 100vw, 1280px\" \/>\n<p style=\"text-align: justify;\">Un d\u00eda 14 de mayo como hoy, pero de 1897, el f\u00edsico e inventor italiano Guillermo Marconi realiza la primera transmisi\u00f3n de radio de la historia.<\/p>\n<p><!--more--><\/p>\n<p style=\"text-align: justify;\"><strong>Otras efem\u00e9rides<\/strong><\/p>\n<p style=\"text-align: justify;\">1541.- Se erige el obispado de Lima (Per\u00fa), por una Bula de Paulo II.<\/p>\n<p style=\"text-align: justify;\">1811.- Deponen al gobernador Bernardo de Velasco y se proclama la independencia de Paraguay.<\/p>\n<p style=\"text-align: justify;\">1643.- Proclamaci\u00f3n de Luis XIV como rey de Francia.<\/p>\n<p style=\"text-align: justify;\">1796.- Primera prueba de la vacuna de Jenner contra la viruela.<\/p>\n<p style=\"text-align: justify;\">1814.- La escuadra argentina, mandada por Guillermo Brown, derrota a la espa\u00f1ola, que defend\u00eda Montevideo, en el combate naval de Buceo.<\/p>\n<p style=\"text-align: justify;\">1867.- Maximiliano I de M\u00e9xico capitula con su ej\u00e9rcito en Quer\u00e9taro, tras retirarle su apoyo Napole\u00f3n III.<\/p>\n<p style=\"text-align: justify;\">1875.- Nace Jos\u00e9 Santos Chocano, poeta peruano.<\/p>\n<p style=\"text-align: justify;\">1912.- Muere August Strindberg, dramaturgo sueco.<\/p>\n<p style=\"text-align: justify;\">1939.- Comienza el racionamiento de alimentos en Espa\u00f1a, hasta junio de 1952.<\/p>\n<p style=\"text-align: justify;\">1940.- II Guerra Mundial: Aviones alemanes bombardean Rotterdam; acci\u00f3n que caus\u00f3 m\u00e1s de 900 muertos y 78.000 sin hogar.<\/p>\n<p style=\"text-align: justify;\">1944.- Nace George Lucas, director y productor de cine estadounidense.<\/p>\n<p style=\"text-align: justify;\">1947.- Nace Billy Chrystal, actor y presentador estadounidense.<\/p>\n<p style=\"text-align: justify;\">1948.- David Ben Guri\u00f3n proclama en Tel Aviv el Estado de Israel al concluir el mandato brit\u00e1nico en Palestina.<\/p>\n<p style=\"text-align: justify;\">1950.- Nace Adolfo Dom\u00ednguez, dise\u00f1ador y empresario de moda espa\u00f1ol.<\/p>\n<p style=\"text-align: justify;\">1955.- Como r\u00e9plica a la OTAN, ocho pa\u00edses de la Europa del Este (Albania, Bulgaria, Checoslovaquia, Hungr\u00eda, Polonia, Ruman\u00eda, la URSS y la Rep\u00fablica Democr\u00e1tica Alemana) firman el Pacto de Varsovia.<\/p>\n<p style=\"text-align: justify;\">1956.- Comienza a publicarse el c\u00f3mic \u00abCapit\u00e1n Trueno\u00bb, del escritor y guionista V\u00edctor Mora.<\/p>\n<p style=\"text-align: justify;\">1962.- Don Juan Carlos de Borb\u00f3n, entonces pr\u00edncipe de Espa\u00f1a, contrae matrimonio en Atenas con la princesa Sof\u00eda de Grecia.<\/p>\n<p style=\"text-align: justify;\">1962.- Nace Ferr\u00e1n Adri\u00e1, cocinero espa\u00f1ol.<\/p>\n<p style=\"text-align: justify;\">1968.- Los estudiantes franceses ocupan la Sorbona y la declaran Comuna Libre.<\/p>\n<p style=\"text-align: justify;\">1971.- Nace Sof\u00eda Coppola, directora de cine estaounidense.<\/p>\n<p style=\"text-align: justify;\">1986.- Muere David Hearst, magnate de la prensa de Estados Unidos.<\/p>\n<p style=\"text-align: justify;\">1987.- Muere Rita Hayworth, actriz estadounidense.<\/p>\n<p style=\"text-align: justify;\">1987.- El ej\u00e9rcito toma el poder tras un golpe de estado en las Islas Fidji.<\/p>\n<p style=\"text-align: justify;\">1989.- Elecciones presidenciales en Argentina: Carlos Menem, candidato del Frente Justicialista de Unidad Popular, obtiene mayor\u00eda absoluta.<\/p>\n<p style=\"text-align: justify;\">1991.- Se ahorca Jiang Qing, viuda de Mao Tse-tung, de 77 a\u00f1os, en su residencia de las afueras de Pek\u00edn, donde cumpl\u00eda cadena perpetua como instigadora de la \u2018revoluci\u00f3n cultural\u2019.<\/p>\n<p style=\"text-align: justify;\">1991.- Muere Jos\u00e9 Mar\u00eda Rodero, actor espa\u00f1ol.<\/p>\n<p style=\"text-align: justify;\">1995.- Muere Christian Anfinsen, qu\u00edmico, premio Nobel 1972.<\/p>\n<p style=\"text-align: justify;\">1997.- El escritor espa\u00f1ol Javier Mar\u00edas gana el Premio Internacional de Literatura Impac, con su obra \u00abCoraz\u00f3n tan Blanco\u00bb.<\/p>\n<p style=\"text-align: justify;\">1998.- Muere Frank Sinatra, cantante y actor estadounidense.<\/p>\n<p style=\"text-align: justify;\">2000.- Los servicios penitenciarios israel\u00edes liberan al hist\u00f3rico l\u00edder de Hamas, el jeque Salah Shehada.<\/p>\n<p style=\"text-align: justify;\">2001.- Muere Juan Verdaguer, actor y c\u00f3mico argentino-uruguayo.<\/p>\n<p style=\"text-align: justify;\">2003.- Carlos Menem confirma su retirada de la segunda vuelta de las presidenciales argentinas, por lo que N\u00e9stor Kirchner se convierte en ganador de las elecciones.<\/p>\n<p style=\"text-align: justify;\">2003.- Muere Robert Stack, actor estadounidense.<\/p>\n<p style=\"text-align: justify;\">2003.- Dante Quinterno, dibujante argentino.<\/p>\n<p style=\"text-align: justify;\">2009.- La l\u00edder de la oposici\u00f3n birmana y Nobel de la Paz, Aung San Suu Kyi, ingresa en prisi\u00f3n.<\/p>\n<p style=\"text-align: justify;\">2010.- El CGPJ suspende al juez de la Audiencia Nacional Baltasar Garz\u00f3n tras la decisi\u00f3n del TS de abrir juicio oral contra el magistrado por investigar los cr\u00edmenes del franquismo.<\/p>\n<p style=\"text-align: justify;\">2011.- El director gerente del Fondo Monetario Internacional, Dominique Strauss-Kahn, es arrestado en Nueva York acusado de asalto sexual contra una camarera de hotel, cargo del que posteriormente fue exonerado.<\/p>\n<p style=\"text-align: justify;\">2013.- El Consejo de Justicia de Brasil aprueba el matrimonio entre personas del mismo sexo.<\/p>\n","protected":false},"excerpt":{"rendered":"<p>Un d\u00eda 14 de mayo como hoy, pero de 1897, el f\u00edsico e inventor italiano Guillermo Marconi realiza la primera transmisi\u00f3n de radio de la historia.<\/p>\n","protected":false},"author":6,"featured_media":23242,"comment_status":"open","ping_status":"open","sticky":false,"template":"","format":"standard","meta":{"_acf_changed":false,"_monsterinsights_skip_tracking":false,"slim_seo":{"title":"Efem\u00e9rides 14 de mayo - Opini\u00f3n P\u00fablica","description":"Un d\u00eda 14 de mayo como hoy, pero de 1897, el f\u00edsico e inventor italiano Guillermo Marconi realiza la primera transmisi\u00f3n de radio de la historia. Otras efem\u00e9rid"},"footnotes":""},"categories":[27],"tags":[],"class_list":["post-23243","post","type-post","status-publish","format-standard","has-post-thumbnail","hentry","category-un-dia-como-hoy"],"acf":[],"_links":{"self":[{"href":"https:\/\/www.opinionpublica.tv\/portada\/wp-json\/wp\/v2\/posts\/23243","targetHints":{"allow":["GET"]}}],"collection":[{"href":"https:\/\/www.opinionpublica.tv\/portada\/wp-json\/wp\/v2\/posts"}],"about":[{"href":"https:\/\/www.opinionpublica.tv\/portada\/wp-json\/wp\/v2\/types\/post"}],"author":[{"embeddable":true,"href":"https:\/\/www.opinionpublica.tv\/portada\/wp-json\/wp\/v2\/users\/6"}],"replies":[{"embeddable":true,"href":"https:\/\/www.opinionpublica.tv\/portada\/wp-json\/wp\/v2\/comments?post=23243"}],"version-history":[{"count":0,"href":"https:\/\/www.opinionpublica.tv\/portada\/wp-json\/wp\/v2\/posts\/23243\/revisions"}],"wp:featuredmedia":[{"embeddable":true,"href":"https:\/\/www.opinionpublica.tv\/portada\/wp-json\/wp\/v2\/media\/23242"}],"wp:attachment":[{"href":"https:\/\/www.opinionpublica.tv\/portada\/wp-json\/wp\/v2\/media?parent=23243"}],"wp:term":[{"taxonomy":"category","embeddable":true,"href":"https:\/\/www.opinionpublica.tv\/portada\/wp-json\/wp\/v2\/categories?post=23243"},{"taxonomy":"post_tag","embeddable":true,"href":"https:\/\/www.opinionpublica.tv\/portada\/wp-json\/wp\/v2\/tags?post=23243"}],"curies":[{"name":"wp","href":"https:\/\/api.w.org\/{rel}","templated":true}]}}