{"id":23106,"date":"2020-04-30T06:00:00","date_gmt":"2020-04-30T04:00:00","guid":{"rendered":"https:\/\/www.opinionpublica.tv\/portada\/2020\/04\/30\/entra-mexico-en-su-recesion-mas-profunda-registra-pib-la-peor-baja-en-11-anos\/"},"modified":"2020-04-30T06:00:00","modified_gmt":"2020-04-30T04:00:00","slug":"entra-mexico-en-su-recesion-mas-profunda-registra-pib-la-peor-baja-en-11-anos","status":"publish","type":"post","link":"https:\/\/www.opinionpublica.tv\/portada\/entra-mexico-en-su-recesion-mas-profunda-registra-pib-la-peor-baja-en-11-anos\/","title":{"rendered":"Entra M\u00e9xico en su recesi\u00f3n m\u00e1s profunda; registra PIB la peor baja en once a\u00f1os"},"content":{"rendered":"<p><img fetchpriority=\"high\" decoding=\"async\" class=\" size-full wp-image-23105\" src=\"https:\/\/www.opinionpublica.tv\/portada\/wp-content\/uploads\/2020\/04\/d3aba6f62ed90de53447159b5f467cd7.jpg\" alt=\"\" class=\"caption\" title=\"Desde 2009 M\u00e9xico no ten\u00eda niveles tan negativos en su Producto Interno Bruto.\" width=\"300\" height=\"168\" \/><br \/>\n<!--more--><\/p>\n<p style=\"text-align: justify;\"><em>Ciudad de M\u00e9xico<\/em>.- M\u00e9xico entr\u00f3 en una recesi\u00f3n econ\u00f3mica m\u00e1s profunda este a\u00f1o, luego de que la actividad nacional se redujo 1.6% en el primer trimestre.<\/p>\n<p style=\"text-align: justify;\">Se trata de la ca\u00edda m\u00e1s severa de los \u00faltimos 11 a\u00f1os, de acuerdo con la estimaci\u00f3n oportuna del Producto Interno Bruto (PIB) que el Inegi public\u00f3 la ma\u00f1ana de este jueves.<\/p>\n<p style=\"text-align: justify;\">Esta cifra significa el quinto trimestre consecutivo del PIB a la baja, cuya racha confirma que M\u00e9xico entr\u00f3 en recesi\u00f3n desde principios del a\u00f1o 2019.<\/p>\n<p style=\"text-align: justify;\">El reporte sorprendi\u00f3 a los analistas, quienes esperaban un declive menos severo de 1.5% en este per\u00edodo.<\/p>\n<p style=\"text-align: justify;\">Sin embargo, advierten que la recesi\u00f3n se va a prolongar y ser\u00e1 varias veces m\u00e1s profunda durante el segundo trimestre. Desde el punto de vista de los expertos, la econom\u00eda mexicana est\u00e1 sufriendo los da\u00f1os de la paralizaci\u00f3n de la producci\u00f3n y el comercio exterior que provoc\u00f3 El Gran Confinamiento por la coronavirus (Covid-19).<\/p>\n<p style=\"text-align: justify;\">La pandemia ha provocado que pa\u00edses enteros entren en cuarentena para evitar un contagio generalizado que rebase la capacidad de los hospitales.<\/p>\n<p style=\"text-align: justify;\">El consumo se detuvo, las empresas frenaron sus planes de inversi\u00f3n y crecimiento, lo que ha paralizado a las econom\u00edas y aumentado el desempleo.<\/p>\n<p style=\"text-align: justify;\">En M\u00e9xico, las actividades relacionadas con los servicios retrocedieron 1.4%, las cuales contribuyen con dos terceras partes de la econom\u00eda y est\u00e1n asociadas al consumo de los hogares en el pa\u00eds.<\/p>\n<p style=\"text-align: justify;\">En tanto, la industria, que aporta la otra tercera parte del PIB y est\u00e1 m\u00e1s ligada con el comercio exterior, se contrajo tambi\u00e9n 1.4% a tasa trimestral. Por el lado positivo, las actividades agropecuarias se incrementaron 0.5%, aunque este sector representa menos de 4% del total de la econom\u00eda nacional.<\/p>\n<p style=\"text-align: justify;\">El rev\u00e9s de 1.6% que M\u00e9xico report\u00f3 en su PIB en el primer trimestre fue m\u00e1s profundo que el retroceso de 1.2% observado en Estados Unidos durante el mismo per\u00edodo a tasa trimestral.<\/p>\n<p style=\"text-align: justify;\">Cuando hay recesi\u00f3n, todos tienen que ser cautelosos y estar m\u00e1s conscientes de sus gastos, expone Jonathan Heath, actual subgobernador del Banco de M\u00e9xico, en su libro \u201cLo que Indican los Indicadores\u201d.<\/p>\n","protected":false},"excerpt":{"rendered":"","protected":false},"author":6,"featured_media":23105,"comment_status":"open","ping_status":"open","sticky":false,"template":"","format":"standard","meta":{"_acf_changed":false,"_monsterinsights_skip_tracking":false,"slim_seo":{"title":"Entra M\u00e9xico en su recesi\u00f3n m\u00e1s profunda; registra PIB la peor baja en once a\u00f1os - Opini\u00f3n P\u00fablica","description":"Ciudad de M\u00e9xico .- M\u00e9xico entr\u00f3 en una recesi\u00f3n econ\u00f3mica m\u00e1s profunda este a\u00f1o, luego de que la actividad nacional se redujo 1.6% en el primer trimestre. Se t"},"footnotes":""},"categories":[3],"tags":[],"class_list":["post-23106","post","type-post","status-publish","format-standard","has-post-thumbnail","hentry","category-principal"],"acf":[],"_links":{"self":[{"href":"https:\/\/www.opinionpublica.tv\/portada\/wp-json\/wp\/v2\/posts\/23106","targetHints":{"allow":["GET"]}}],"collection":[{"href":"https:\/\/www.opinionpublica.tv\/portada\/wp-json\/wp\/v2\/posts"}],"about":[{"href":"https:\/\/www.opinionpublica.tv\/portada\/wp-json\/wp\/v2\/types\/post"}],"author":[{"embeddable":true,"href":"https:\/\/www.opinionpublica.tv\/portada\/wp-json\/wp\/v2\/users\/6"}],"replies":[{"embeddable":true,"href":"https:\/\/www.opinionpublica.tv\/portada\/wp-json\/wp\/v2\/comments?post=23106"}],"version-history":[{"count":0,"href":"https:\/\/www.opinionpublica.tv\/portada\/wp-json\/wp\/v2\/posts\/23106\/revisions"}],"wp:featuredmedia":[{"embeddable":true,"href":"https:\/\/www.opinionpublica.tv\/portada\/wp-json\/wp\/v2\/media\/23105"}],"wp:attachment":[{"href":"https:\/\/www.opinionpublica.tv\/portada\/wp-json\/wp\/v2\/media?parent=23106"}],"wp:term":[{"taxonomy":"category","embeddable":true,"href":"https:\/\/www.opinionpublica.tv\/portada\/wp-json\/wp\/v2\/categories?post=23106"},{"taxonomy":"post_tag","embeddable":true,"href":"https:\/\/www.opinionpublica.tv\/portada\/wp-json\/wp\/v2\/tags?post=23106"}],"curies":[{"name":"wp","href":"https:\/\/api.w.org\/{rel}","templated":true}]}}