{"id":23104,"date":"2020-04-30T06:00:00","date_gmt":"2020-04-30T04:00:00","guid":{"rendered":"https:\/\/www.opinionpublica.tv\/portada\/2020\/04\/30\/factor-covid19-para-2021\/"},"modified":"2020-04-30T06:00:00","modified_gmt":"2020-04-30T04:00:00","slug":"factor-covid19-para-2021","status":"publish","type":"post","link":"https:\/\/www.opinionpublica.tv\/portada\/factor-covid19-para-2021\/","title":{"rendered":"Factor Covid19 para 2021"},"content":{"rendered":"<img fetchpriority=\"high\" decoding=\"async\" class=\" size-full wp-image-23103\" src=\"https:\/\/www.opinionpublica.tv\/portada\/wp-content\/uploads\/2020\/04\/a31ba436daf7d77792ba84eff60a8d03.jpg\" alt=\"\" class=\"caption\" title=\"Ra\u00fal Ruiz G\u00f3mez.\" width=\"245\" height=\"262\" \/>\n<p style=\"text-align: justify;\">Con el problema de la pandemia, se trastorna la intenci\u00f3n de los aspirantes a los diversos cargos de elecci\u00f3n popular, pues por m\u00e1s que le buscan, no han podido aprovechar el acercamiento a sus posibles electores.<\/p>\n<p><!--more--><\/p>\n<p style=\"text-align: justify;\">#QuedateEnCasa, ha sido verdaderamente una limitante que evidencia la poca, mediana, o gran inteligencia que cada aspirante tiene para lograr su prop\u00f3sito.<\/p>\n<p style=\"text-align: justify;\">Veamos<\/p>\n<p style=\"text-align: justify;\">Los aspirantes a la gubernatura andan as\u00ed.<\/p>\n<p style=\"text-align: justify;\">Maru Campos<\/p>\n<p style=\"text-align: justify;\">Entrega en las colonias, por conducto de sus coordinadores, paquete de cuatro jabones y dos botellitas de gel. Y su comercial \u00abJuntos por la salud de todos\u00bb.<\/p>\n<p style=\"text-align: justify;\">Y en su muro: \u00abSeguimos trabajando por enfrentar los incidentes que se han presentado a ra\u00edz del aislamiento social producto del #Covid19.<\/p>\n<p style=\"text-align: justify;\">Nos reunimos, los tres niveles de gobierno, en la Mesa Regional para la Construcci\u00f3n de la Paz, para coordinar las estrategias que permitan evitar y erradicar la violencia de g\u00e9nero dentro de las familias chihuahuenses.\u00bb<\/p>\n<p style=\"text-align: justify;\">Rafael Espino<\/p>\n<p style=\"text-align: justify;\">Perdi\u00f3 la din\u00e1mica que llevaba. Guard\u00f3 en un caj\u00f3n, pero s\u00f3lo por un rato, su intenci\u00f3n de ser visto por la gente. El Covid 19 le bloque\u00f3 mente y acci\u00f3n.<\/p>\n<p style=\"text-align: justify;\">Juan Carlos Loera<\/p>\n<p style=\"text-align: justify;\">Se mantiene en ritmo. Su divisa es la entrega de los beneficios para los pobres. Foto Pal feis, y lo que sigue. Sin duda acumula capital para la hora de las encuestas internas en Morena.<\/p>\n<p style=\"text-align: justify;\">Cruz P\u00e9rez Cu\u00e9llar<\/p>\n<p style=\"text-align: justify;\">En un extra\u00f1o silencio de dos semanas, deja correr la cuarentena. De pronto manda un texto o un video a los medios para ver si se lo publican, pero es todo por el momento.<\/p>\n<p style=\"text-align: justify;\">Alejandro D\u00edaz<\/p>\n<p style=\"text-align: justify;\">Arranca con fuerza su aspiraci\u00f3n por la candidatura a gobernador. La pandemia le cay\u00f3 \u00abcomo anillo al dedo\u00bb, dir\u00eda un cl\u00e1sico. Es m\u00e9dico.<\/p>\n<p style=\"text-align: justify;\">Delegado de la zona fronteriza del norte entre M\u00e9xico y los Estados Unidos por la Organizaci\u00f3n Mundial Por la Paz, una instituci\u00f3n sin fines de lucro cuya funci\u00f3n es preservar la vida humana en el planeta.<\/p>\n<p style=\"text-align: justify;\">Esta Organizaci\u00f3n Mundial, OMPP, se ajusta a los lineamientos de las Naciones Unidas, y con esa marca o marbete, tiene pretexto para visitar todo el estado.<\/p>\n<p style=\"text-align: justify;\">Reci\u00e9n abre su b\u00fanker en Ju\u00e1rez. Un caser\u00f3n acondicionado para el doble prop\u00f3sito:<\/p>\n<ol style=\"text-align: justify;\">\n<li>Informar a la poblaci\u00f3n sobre como sortear la cuarentena, y acercarles medicamento, tapabocas y escuchar las necesidades de salud.<\/li>\n<li>Hacer su pre pre campa\u00f1a.<\/li>\n<\/ol>\n<p style=\"text-align: justify;\">\u00abLa casa Blanca\u00bb, le dicen ya a este basti\u00f3n. Doble connotaci\u00f3n. Una de alto significado. \u00a1De poder!<\/p>\n<p style=\"text-align: justify;\">Y otra, la muy criticada Casa Blanca de la Gaviota.<\/p>\n<p style=\"text-align: justify;\">Alfredo Lozoya<\/p>\n<p style=\"text-align: justify;\">El m\u00e1s activo de todos, sin duda, es el Caballo Lozoya.<\/p>\n<p style=\"text-align: justify;\">Con m\u00faltiples ideas cada semana. Pero sobre todo, acciones de impacto que desde Parral lanza a los chihuahuenses.<\/p>\n<p style=\"text-align: justify;\">M\u00e9dicos equipados en los hospitales de Parral. Un ej\u00e9rcito de hombres y mujeres que brindan protecci\u00f3n a todos los parralenses.<\/p>\n<p style=\"text-align: justify;\">T\u00faneles sanitizantes. Ayuda a la poblaci\u00f3n m\u00e1s necesitada y propuestas de buen calado.<\/p>\n<p style=\"text-align: justify;\">Misael M\u00e1ynez<\/p>\n<p style=\"text-align: justify;\">A\u00fan no se destapa como aspirante a la gubernatura, sin embargo, deja correr el rumor. Ya son varios los columnistas que ronronean en ese sentido.<\/p>\n<p style=\"text-align: justify;\">Por lo pronto, sus iniciativas son interesantes y sus gestiones econ\u00f3micas para la entidad, son palpables.<\/p>\n<p style=\"text-align: justify;\">Lo m\u00e1s interesante es que, el Tribunal Estatal Electoral, dictamin\u00f3 a favor de M\u00e1ynez para la instauraci\u00f3n de su organizaci\u00f3n, \u00abChihuahua l\u00edder\u00bb.<\/p>\n<p style=\"text-align: justify;\">Un basti\u00f3n pol\u00edtico desde el cual ganar\u00e1 impulso para un posible proyecto en ciernes.<\/p>\n<p style=\"text-align: justify;\">Dice Misael, que el prop\u00f3sito de est\u00e1 organizaci\u00f3n es incrementar la participaci\u00f3n y el debate pol\u00edtico, y agregar m\u00e1s temas a la agenda que se tiene en Chihuahua. Habla de una sociedad m\u00e1s participativa.<\/p>\n<p style=\"text-align: justify;\">Recordar\u00e1 usted que el proyecto de organizaci\u00f3n de \u2018Chihuahua L\u00edder\u2019 fue desechada en febrero pasado por parte del Instituto Estatal Electoral, porque al parecer de los consejeros, necesitaba tener un padr\u00f3n de 1,500 militantes en cuando menos 30 municipios, para darle formalidad a esta agrupaci\u00f3n pol\u00edtica.<\/p>\n<p style=\"text-align: justify;\">Los alegatos de M\u00e1ynez ante el TEE, rindieron fruto y el Tribunal Estatal Electoral ha decidido fallar a su favor. Notific\u00f3 de esto al IEE, para que le den jugada y as\u00ed, la posibilidad de entrar en la competencia rumbo a la sucesi\u00f3n pol\u00edtica Chihuahua 2021.<\/p>\n<p style=\"text-align: justify;\">En cosa de dos semanas puede arrancar oficialmente con la instalaci\u00f3n de sus peque\u00f1os centros de participaci\u00f3n pol\u00edtica y debate, en medio de la emergencia sanitaria del COVID 19.<\/p>\n<p style=\"text-align: justify;\">Finalmente,<\/p>\n<p style=\"text-align: justify;\">Armando Cabada<\/p>\n<p style=\"text-align: justify;\">Con la imagen m\u00e1s deteriorada que las calles de Ciudad Ju\u00e1rez, ha detenido su abierta campa\u00f1a por Chihuahua y puntos estrat\u00e9gicos.<\/p>\n<p style=\"text-align: justify;\">Y usa el recurso p\u00fablico para consolidar su imagen. Despensas y cubrebocas con su logotipo en las colonias en pobres.<\/p>\n<p style=\"text-align: justify;\">As\u00ed las cosas.<\/p>\n","protected":false},"excerpt":{"rendered":"<p>Con el problema de la pandemia, se trastorna la intenci\u00f3n de los aspirantes a los diversos cargos de elecci\u00f3n popular, pues por m\u00e1s que le buscan, no han podido aprovechar el acercamiento a sus posibles electores.<\/p>\n","protected":false},"author":6,"featured_media":23103,"comment_status":"open","ping_status":"open","sticky":false,"template":"","format":"standard","meta":{"_acf_changed":false,"_monsterinsights_skip_tracking":false,"slim_seo":{"title":"Factor Covid19 para 2021 - Opini\u00f3n P\u00fablica","description":"Con el problema de la pandemia, se trastorna la intenci\u00f3n de los aspirantes a los diversos cargos de elecci\u00f3n popular, pues por m\u00e1s que le buscan, no han podido"},"footnotes":""},"categories":[21],"tags":[],"class_list":["post-23104","post","type-post","status-publish","format-standard","has-post-thumbnail","hentry","category-cartapacio"],"acf":[],"_links":{"self":[{"href":"https:\/\/www.opinionpublica.tv\/portada\/wp-json\/wp\/v2\/posts\/23104","targetHints":{"allow":["GET"]}}],"collection":[{"href":"https:\/\/www.opinionpublica.tv\/portada\/wp-json\/wp\/v2\/posts"}],"about":[{"href":"https:\/\/www.opinionpublica.tv\/portada\/wp-json\/wp\/v2\/types\/post"}],"author":[{"embeddable":true,"href":"https:\/\/www.opinionpublica.tv\/portada\/wp-json\/wp\/v2\/users\/6"}],"replies":[{"embeddable":true,"href":"https:\/\/www.opinionpublica.tv\/portada\/wp-json\/wp\/v2\/comments?post=23104"}],"version-history":[{"count":0,"href":"https:\/\/www.opinionpublica.tv\/portada\/wp-json\/wp\/v2\/posts\/23104\/revisions"}],"wp:featuredmedia":[{"embeddable":true,"href":"https:\/\/www.opinionpublica.tv\/portada\/wp-json\/wp\/v2\/media\/23103"}],"wp:attachment":[{"href":"https:\/\/www.opinionpublica.tv\/portada\/wp-json\/wp\/v2\/media?parent=23104"}],"wp:term":[{"taxonomy":"category","embeddable":true,"href":"https:\/\/www.opinionpublica.tv\/portada\/wp-json\/wp\/v2\/categories?post=23104"},{"taxonomy":"post_tag","embeddable":true,"href":"https:\/\/www.opinionpublica.tv\/portada\/wp-json\/wp\/v2\/tags?post=23104"}],"curies":[{"name":"wp","href":"https:\/\/api.w.org\/{rel}","templated":true}]}}