{"id":23094,"date":"2020-04-29T06:00:00","date_gmt":"2020-04-29T04:00:00","guid":{"rendered":"https:\/\/www.opinionpublica.tv\/portada\/2020\/04\/29\/enfrenta-el-pais-un-severo-problema-de-liquidez-cce\/"},"modified":"2020-04-29T06:00:00","modified_gmt":"2020-04-29T04:00:00","slug":"enfrenta-el-pais-un-severo-problema-de-liquidez-cce","status":"publish","type":"post","link":"https:\/\/www.opinionpublica.tv\/portada\/enfrenta-el-pais-un-severo-problema-de-liquidez-cce\/","title":{"rendered":"M\u00e9xico ya est\u00e1 enfrentando un severo problema de liquidez: CCE"},"content":{"rendered":"<p><img fetchpriority=\"high\" decoding=\"async\" class=\" size-full wp-image-23093\" src=\"https:\/\/www.opinionpublica.tv\/portada\/wp-content\/uploads\/2020\/04\/a83a10f1e9ef9f684258ccec21867f8f.jpg\" alt=\"\" class=\"caption\" title=\"La contingencia de Covid-19 est\u00e1 creando la peor crisis econ\u00f3mica en 100 a\u00f1os.\" width=\"1200\" height=\"740\" srcset=\"https:\/\/www.opinionpublica.tv\/portada\/wp-content\/uploads\/2020\/04\/a83a10f1e9ef9f684258ccec21867f8f.jpg 1200w, https:\/\/www.opinionpublica.tv\/portada\/wp-content\/uploads\/2020\/04\/a83a10f1e9ef9f684258ccec21867f8f-300x185.jpg 300w, https:\/\/www.opinionpublica.tv\/portada\/wp-content\/uploads\/2020\/04\/a83a10f1e9ef9f684258ccec21867f8f-1024x631.jpg 1024w, https:\/\/www.opinionpublica.tv\/portada\/wp-content\/uploads\/2020\/04\/a83a10f1e9ef9f684258ccec21867f8f-768x474.jpg 768w\" sizes=\"(max-width: 1200px) 100vw, 1200px\" \/><br \/>\n<!--more--><\/p>\n<p style=\"text-align: justify;\"><em>Ciudad de M\u00e9xico<\/em>.- La Secretar\u00eda de Econom\u00eda considera que deben mejorar las condiciones crediticias que se dan a las peque\u00f1as y medianas empresas a trav\u00e9s de la banca comercial.<\/p>\n<p style=\"text-align: justify;\">Aumentar el gasto p\u00fablico, recurrir a deuda y dar est\u00edmulos fiscales para apoyar a las empresas en su liquidez, as\u00ed como crear un Consejo Fiscal o Consejo Econ\u00f3mico de Emergencia, son algunas de las propuestas que se plantearon en la convocatoria virtual del Consejo Coordinador Empresarial (CCE) para atender la crisis econ\u00f3mica generada por el virus Covid-19.<\/p>\n<p style=\"text-align: justify;\">Ernesto Acevedo, subsecretario de industria, Comercio y Competitividad de la Secretar\u00eda de Econom\u00eda, coment\u00f3 que se deben mejorar las condiciones crediticias que se dan a las peque\u00f1as y medianas empresas a trav\u00e9s de la banca comercial, considerando que la recesi\u00f3n econ\u00f3mica podr\u00eda durar m\u00e1s de 19 meses.<\/p>\n<p style=\"text-align: justify;\">\u201cLa recesi\u00f3n va a ser in\u00e9dita y de un tama\u00f1o que no hemos visto en la historia reciente, y por lo tanto los instrumentos que debemos usar deben ser diferentes (&#8230;) En crisis previas, la econom\u00eda mexicana ha salido en promedio de la recesi\u00f3n en 19 meses\u201d, expuso en el primer panel, \u201cAtenci\u00f3n Inmediata a la Crisis: Macroeconom\u00eda y Pol\u00edticas P\u00fablicas\u201d.<\/p>\n<p style=\"text-align: justify;\">Carlos Salazar, presidente del CCE, aclar\u00f3 que desde la Iniciativa Privada no se est\u00e1 pidiendo ayuda para salvar a una empresa con recursos p\u00fablicos, sino que se evite que las empresas caigan en problemas de solvencia. \u201cLo que hemos dicho es que M\u00e9xico se enfrenta a un problema de liquidez\u201d.<\/p>\n<p style=\"text-align: justify;\"><strong>M\u00e9xico s\u00ed puede enfrentar crisis: CEESP<\/strong><\/p>\n<p style=\"text-align: justify;\">Carlos Hurtado, director del Centro de Estudios Econ\u00f3micos del Sector Privado (CEESP), consider\u00f3 que M\u00e9xico cuenta con los suficientes \u201ccolchones\u201d para enfrentar la crisis econ\u00f3mica. Detall\u00f3 que entre el FEIP y los fideicomisos se puede disponer de 500,000 millones de pesos.<\/p>\n<p style=\"text-align: justify;\">Adem\u00e1s, dijo que no estar\u00eda mal que el pa\u00eds asumiera deuda, si es para ayudar a las empresas, que sin duda es algo que no ver\u00edan mal las calificadoras. \u201cLa deuda puede pasar de 50 a 52% del PIB\u201d.<\/p>\n<p style=\"text-align: justify;\">En este sentido, Jaime Serra Puche, presidente y fundador de SAI Derecho &amp; Econom\u00eda, coincidi\u00f3 en que no estar\u00eda mal elevar el nivel de d\u00e9ficit. \u201cLa crisis econ\u00f3mica no se debe a desequilibrios macroecon\u00f3micos; el d\u00e9ficit de hoy es razonable, de 2.5% del PIB, lo cual contrasta con lo que se ha visto en crisis previas, donde el d\u00e9ficit llegaba hasta 2 d\u00edgitos del PIB\u201d.<\/p>\n<p style=\"text-align: justify;\"><strong>Consejo Fiscal para Pol\u00edtica Contrac\u00edclica<\/strong><\/p>\n<p style=\"text-align: justify;\">Para el economista Juan Carlos Moreno-Brid, mientras no se arregle la estructura de los ingresos presupuestarios que dependen todav\u00eda de los ingresos petroleros y con una base tributaria d\u00e9bil, el pa\u00eds no tiene mucho qu\u00e9 hacer para enfrentar este tipo de crisis.<\/p>\n<p style=\"text-align: justify;\">\u201cSe debe retomar la idea de crear un Consejo Fiscal, tenemos que cambiar la regla fiscal para que tengamos una pol\u00edtica contrac\u00edclica cre\u00edble y de largo plazo, de tal forma que podamos ahorrar en las \u00e9pocas de bonanzas y gastar en las \u00e9pocas de vacas flacas\u201d.<\/p>\n<p style=\"text-align: justify;\">Edna Jaime, directora de M\u00e9xico Eval\u00faa, sugiri\u00f3 crear un Consejo Econ\u00f3mico de Emergencia, el cual podr\u00eda hacer un monitoreo sistem\u00e1tico de la situaci\u00f3n econ\u00f3mica, as\u00ed como operar de manera permanente y con diligencia mientras la situaci\u00f3n econ\u00f3mica se encuentre en riesgo.<\/p>\n<p style=\"text-align: justify;\">Cambios en la LFPRH<\/p>\n<p style=\"text-align: justify;\">Mario Delgado, coordinador de la bancada de Morena en la C\u00e1mara de Diputados, coincidi\u00f3 en que el pa\u00eds est\u00e1 enfrentando una crisis sin precedentes. A su parecer, mientras no se tenga una vacuna contra el coronavirus, la funci\u00f3n del Estado debe ser una especie de respirador artificial.<\/p>\n<p style=\"text-align: justify;\">Explic\u00f3 que, para enfrentar esta crisis, el Ejecutivo envi\u00f3 una iniciativa para modificar la Ley Federal de Presupuesto y Responsabilidad Hacendaria (LFPRH), con el objetivo de que se establezcan medidas para enfrentar una emergencia sanitaria como la que vive el pa\u00eds.<\/p>\n<p style=\"text-align: justify;\">\u201cVamos a analizar la propuesta con mucho cuidado y vamos a determinar cu\u00e1ndo se debe declarar una emergencia econ\u00f3mica, una emergencia sanitaria y cu\u00e1les son los m\u00e1rgenes de flexibilidad que se le da al gobierno, respetando las facultades del Congreso\u201d. (El Economista)<\/p>\n","protected":false},"excerpt":{"rendered":"","protected":false},"author":6,"featured_media":23093,"comment_status":"open","ping_status":"open","sticky":false,"template":"","format":"standard","meta":{"_acf_changed":false,"_monsterinsights_skip_tracking":false,"slim_seo":{"title":"M\u00e9xico ya est\u00e1 enfrentando un severo problema de liquidez: CCE - Opini\u00f3n P\u00fablica","description":"Ciudad de M\u00e9xico .- La Secretar\u00eda de Econom\u00eda considera que deben mejorar las condiciones crediticias que se dan a las peque\u00f1as y medianas empresas a trav\u00e9s de"},"footnotes":""},"categories":[9],"tags":[],"class_list":["post-23094","post","type-post","status-publish","format-standard","has-post-thumbnail","hentry","category-nacional"],"acf":[],"_links":{"self":[{"href":"https:\/\/www.opinionpublica.tv\/portada\/wp-json\/wp\/v2\/posts\/23094","targetHints":{"allow":["GET"]}}],"collection":[{"href":"https:\/\/www.opinionpublica.tv\/portada\/wp-json\/wp\/v2\/posts"}],"about":[{"href":"https:\/\/www.opinionpublica.tv\/portada\/wp-json\/wp\/v2\/types\/post"}],"author":[{"embeddable":true,"href":"https:\/\/www.opinionpublica.tv\/portada\/wp-json\/wp\/v2\/users\/6"}],"replies":[{"embeddable":true,"href":"https:\/\/www.opinionpublica.tv\/portada\/wp-json\/wp\/v2\/comments?post=23094"}],"version-history":[{"count":0,"href":"https:\/\/www.opinionpublica.tv\/portada\/wp-json\/wp\/v2\/posts\/23094\/revisions"}],"wp:featuredmedia":[{"embeddable":true,"href":"https:\/\/www.opinionpublica.tv\/portada\/wp-json\/wp\/v2\/media\/23093"}],"wp:attachment":[{"href":"https:\/\/www.opinionpublica.tv\/portada\/wp-json\/wp\/v2\/media?parent=23094"}],"wp:term":[{"taxonomy":"category","embeddable":true,"href":"https:\/\/www.opinionpublica.tv\/portada\/wp-json\/wp\/v2\/categories?post=23094"},{"taxonomy":"post_tag","embeddable":true,"href":"https:\/\/www.opinionpublica.tv\/portada\/wp-json\/wp\/v2\/tags?post=23094"}],"curies":[{"name":"wp","href":"https:\/\/api.w.org\/{rel}","templated":true}]}}