{"id":23084,"date":"2020-04-30T06:00:00","date_gmt":"2020-04-30T04:00:00","guid":{"rendered":"https:\/\/www.opinionpublica.tv\/portada\/2020\/04\/30\/efemerides-30-de-abril-3\/"},"modified":"2020-04-30T06:00:00","modified_gmt":"2020-04-30T04:00:00","slug":"efemerides-30-de-abril-3","status":"publish","type":"post","link":"https:\/\/www.opinionpublica.tv\/portada\/efemerides-30-de-abril-3\/","title":{"rendered":"Efem\u00e9rides 30 de abril"},"content":{"rendered":"<img fetchpriority=\"high\" decoding=\"async\" class=\" size-full wp-image-23083\" src=\"https:\/\/www.opinionpublica.tv\/portada\/wp-content\/uploads\/2020\/04\/848e815cda9b91f513298fbb6183920e.jpg\" alt=\"\" class=\"caption\" title=\"George Washington fue el primer presidente de los Estados Unidos.\" width=\"2560\" height=\"1440\" srcset=\"https:\/\/www.opinionpublica.tv\/portada\/wp-content\/uploads\/2020\/04\/848e815cda9b91f513298fbb6183920e.jpg 2560w, https:\/\/www.opinionpublica.tv\/portada\/wp-content\/uploads\/2020\/04\/848e815cda9b91f513298fbb6183920e-300x169.jpg 300w, https:\/\/www.opinionpublica.tv\/portada\/wp-content\/uploads\/2020\/04\/848e815cda9b91f513298fbb6183920e-1024x576.jpg 1024w, https:\/\/www.opinionpublica.tv\/portada\/wp-content\/uploads\/2020\/04\/848e815cda9b91f513298fbb6183920e-768x432.jpg 768w, https:\/\/www.opinionpublica.tv\/portada\/wp-content\/uploads\/2020\/04\/848e815cda9b91f513298fbb6183920e-1536x864.jpg 1536w, https:\/\/www.opinionpublica.tv\/portada\/wp-content\/uploads\/2020\/04\/848e815cda9b91f513298fbb6183920e-2048x1152.jpg 2048w\" sizes=\"(max-width: 2560px) 100vw, 2560px\" \/>\n<p style=\"text-align: justify;\">Un d\u00eda 30 de abril como hoy, pero de 1789, George Washington jura como primer presidente de los Estados Unidos.<\/p>\n<p><!--more--><\/p>\n<p style=\"text-align: justify;\"><strong>Otras efem\u00e9rides<\/strong><\/p>\n<p style=\"text-align: justify;\">1492.- Los Reyes Cat\u00f3licos expiden a favor de Col\u00f3n los t\u00edtulos de almirante, virrey y gobernador de las tierras que descubriese.<\/p>\n<p style=\"text-align: justify;\">1531.- El portugu\u00e9s Mart\u00edn Alonso de Souza desembarca en el lugar donde, m\u00e1s tarde, se alzar\u00eda R\u00edo de Janeiro.<\/p>\n<p style=\"text-align: justify;\">1586.- Nace Isabel Flores, Santa Rosa de Lima.<\/p>\n<p style=\"text-align: justify;\">1726.- La Real Academia Espa\u00f1ola presenta al rey Felipe V el primer tomo del Diccionario de Autoridades.<\/p>\n<p style=\"text-align: justify;\">1775.- Nace Nicol\u00e1s Rodr\u00edguez Pe\u00f1a, h\u00e9roe de la independencia argentina.<\/p>\n<p style=\"text-align: justify;\">1803.- Napole\u00f3n Bonaparte vende la Luisiana a EE.UU por 80 millones de francos.<\/p>\n<p style=\"text-align: justify;\">1838.- Nicaragua recobra su independencia, al no prosperar la proyectada Federaci\u00f3n de Provincias Unidas de Centro Am\u00e9rica.<\/p>\n<p style=\"text-align: justify;\">1857.- Traslado definitivo de la capital de Nicaragua a Managua. La capitalidad hab\u00eda estado con anterioridad en Masaya, Le\u00f3n y Granada.<\/p>\n<p style=\"text-align: justify;\">1883.- Fallece Eduardo Manet, pintor impresionista franc\u00e9s.<\/p>\n<p style=\"text-align: justify;\">1897.- El f\u00edsico brit\u00e1nico Joseph John Thompson anuncia el descubrimiento del electr\u00f3n, part\u00edcula elemental del \u00e1tomo.<\/p>\n<p style=\"text-align: justify;\">1900.- El Gobierno estadounidense otorga a las islas Haw\u00e1i el estatuto de territorio vinculado a la Uni\u00f3n.<\/p>\n<p style=\"text-align: justify;\">1909.- Nace Juliana, reina de Holanda.<\/p>\n<p style=\"text-align: justify;\">1911.- Una sentencia del Tribunal Constitucional de Portugal reconoce a las mujeres el derecho al voto electoral.<\/p>\n<p style=\"text-align: justify;\">1932.- Nace Miguel de la Quadra-Salcedo, reportero espa\u00f1ol.<\/p>\n<p style=\"text-align: justify;\">1933.- Es asesinado en Lima el presidente peruano, Luis S\u00e1nchez Cerro.<\/p>\n<p style=\"text-align: justify;\">1939.- Se inaugura la Exposici\u00f3n Universal en Nueva York.<\/p>\n<p style=\"text-align: justify;\">1945.- Adolf Hitler se suicida en su \u00abb\u00fanker\u00bb de Berl\u00edn con su esposa, Eva Braun.<\/p>\n<p style=\"text-align: justify;\">1946.- Nace Carlos Gustavo, rey de Suecia.<\/p>\n<p style=\"text-align: justify;\">1949.- Nace Antonio Guterres, ex primer ministro luso.<\/p>\n<p style=\"text-align: justify;\">1964.- La URSS concede los premios Lenin al argelino Ben Bella y a la espa\u00f1ola Dolores Ib\u00e1rruri, \u00abPasionaria\u00bb.<\/p>\n<p style=\"text-align: justify;\">1967.- Es inaugurada en Mosc\u00fa la torre de televisi\u00f3n de Ost\u00e1nkino, de 533 metros.<\/p>\n<p style=\"text-align: justify;\">1975.- Guerrilleros del FNL y tropas de Vietnam del Norte entran en Saig\u00f3n, con lo que termina la guerra de Vietnam, tras diez a\u00f1os de intervenci\u00f3n estadounidense.<\/p>\n<p style=\"text-align: justify;\">1980.- Beatriz es coronada reina de Holanda.<\/p>\n<p style=\"text-align: justify;\">1982.- Aprobada la Convenci\u00f3n de Naciones Unidas sobre el Derecho del Mar.<\/p>\n<p style=\"text-align: justify;\">1984.- Es asesinado en Bogot\u00e1 el Ministro de Justicia colombiano, Rodrigo Lara Borilla, por la mafia de traficantes de narc\u00f3ticos, a la que combat\u00eda en\u00e9rgicamente.<\/p>\n<p style=\"text-align: justify;\">1987.- El ministro de Exteriores de Nicaragua, el sacerdote Miguel d&#8217;Escoto, galardonado con el Premio Lenin de la Paz.<\/p>\n<p style=\"text-align: justify;\">1989.- Fallece Sergio Leone, cineasta italiano.<\/p>\n<p style=\"text-align: justify;\">1999.- El juez espa\u00f1ol Baltasar Garz\u00f3n ampl\u00eda el procesamiento del general chileno Augusto Pinochet a un total de 72 casos de tortura.<\/p>\n<p style=\"text-align: justify;\">1999.- El presidente de las islas Comores, Tadjidine Ben Saoud Masonde, es derrocado en un golpe de Estado militar, el decimoctavo desde la independencia del pa\u00eds.<\/p>\n<p style=\"text-align: justify;\">2001.- El primer turista espacial de la historia, el multimillonario norteamericano Dennis Tito, llega en la nave rusa Soyuz TM-32 a la Estaci\u00f3n Espacial Internacional.<\/p>\n<p style=\"text-align: justify;\">2003.- El Cuarteto de Madrid entrega a israel\u00edes y palestinos el nuevo plan de paz para Oriente Medio, llamado Hoja de Ruta.<\/p>\n<p style=\"text-align: justify;\">2003.- El te\u00f3logo peruano Gustavo Guti\u00e9rrez comparte con el periodista polaco Ryszard Kapuscinski el Premio Pr\u00edncipe de Asturias de Comunicaci\u00f3n y Humanidades.<\/p>\n<p style=\"text-align: justify;\">2007.- Cinco musulmanes brit\u00e1nicos son condenados a cadena perpetua por planear atentados con fertilizante qu\u00edmico en el Reino Unido.<\/p>\n<p style=\"text-align: justify;\">2009.- La Organizaci\u00f3n Mundial de la Salud (OMS) cambia el nombre de gripe porcina por el de A (H1N1).<\/p>\n<p style=\"text-align: justify;\">2011.- Muere Ernesto S\u00e1bato, escritor argentino.<\/p>\n<p style=\"text-align: justify;\">2013.- Guillermo Alejandro de Orange jura su cargo y es investido rey de los Pa\u00edses Bajos.<\/p>\n","protected":false},"excerpt":{"rendered":"<p>Un d\u00eda 30 de abril como hoy, pero de 1789, George Washington jura como primer presidente de los Estados Unidos.<\/p>\n","protected":false},"author":6,"featured_media":23083,"comment_status":"open","ping_status":"open","sticky":false,"template":"","format":"standard","meta":{"_acf_changed":false,"_monsterinsights_skip_tracking":false,"slim_seo":{"title":"Efem\u00e9rides 30 de abril - Opini\u00f3n P\u00fablica","description":"Un d\u00eda 30 de abril como hoy, pero de 1789, George Washington jura como primer presidente de los Estados Unidos. Otras efem\u00e9rides 1492.- Los Reyes Cat\u00f3licos expi"},"footnotes":""},"categories":[27],"tags":[],"class_list":["post-23084","post","type-post","status-publish","format-standard","has-post-thumbnail","hentry","category-un-dia-como-hoy"],"acf":[],"_links":{"self":[{"href":"https:\/\/www.opinionpublica.tv\/portada\/wp-json\/wp\/v2\/posts\/23084","targetHints":{"allow":["GET"]}}],"collection":[{"href":"https:\/\/www.opinionpublica.tv\/portada\/wp-json\/wp\/v2\/posts"}],"about":[{"href":"https:\/\/www.opinionpublica.tv\/portada\/wp-json\/wp\/v2\/types\/post"}],"author":[{"embeddable":true,"href":"https:\/\/www.opinionpublica.tv\/portada\/wp-json\/wp\/v2\/users\/6"}],"replies":[{"embeddable":true,"href":"https:\/\/www.opinionpublica.tv\/portada\/wp-json\/wp\/v2\/comments?post=23084"}],"version-history":[{"count":0,"href":"https:\/\/www.opinionpublica.tv\/portada\/wp-json\/wp\/v2\/posts\/23084\/revisions"}],"wp:featuredmedia":[{"embeddable":true,"href":"https:\/\/www.opinionpublica.tv\/portada\/wp-json\/wp\/v2\/media\/23083"}],"wp:attachment":[{"href":"https:\/\/www.opinionpublica.tv\/portada\/wp-json\/wp\/v2\/media?parent=23084"}],"wp:term":[{"taxonomy":"category","embeddable":true,"href":"https:\/\/www.opinionpublica.tv\/portada\/wp-json\/wp\/v2\/categories?post=23084"},{"taxonomy":"post_tag","embeddable":true,"href":"https:\/\/www.opinionpublica.tv\/portada\/wp-json\/wp\/v2\/tags?post=23084"}],"curies":[{"name":"wp","href":"https:\/\/api.w.org\/{rel}","templated":true}]}}