{"id":23033,"date":"2020-04-23T06:00:00","date_gmt":"2020-04-23T04:00:00","guid":{"rendered":"https:\/\/www.opinionpublica.tv\/portada\/2020\/04\/23\/salario-solidario\/"},"modified":"2020-04-23T06:00:00","modified_gmt":"2020-04-23T04:00:00","slug":"salario-solidario","status":"publish","type":"post","link":"https:\/\/www.opinionpublica.tv\/portada\/salario-solidario\/","title":{"rendered":"Salario solidario"},"content":{"rendered":"<img fetchpriority=\"high\" decoding=\"async\" class=\" size-full wp-image-23032\" src=\"https:\/\/www.opinionpublica.tv\/portada\/wp-content\/uploads\/2020\/04\/d71e62119e5598942faaa52ca51c397e.jpg\" alt=\"\" class=\"caption\" title=\"Ra\u00fal Ruiz G\u00f3mez.\" width=\"245\" height=\"262\" \/>\n<p style=\"text-align: justify;\">El gobierno de M\u00e9xico aprieta fuerte el tornillo a la clase empresarial. Obliga al empresario a pagar los salarios de los trabajadores en este obligado encierro.<\/p>\n<p><!--more--><\/p>\n<p style=\"text-align: justify;\">Obviamente ser\u00e1 con los ahorros del empresario, porque si no hay producci\u00f3n, no hay venta y por lo tanto no hay ganancia.<\/p>\n<p style=\"text-align: justify;\">Pero&#8230; \u00bfCu\u00e1nto puede resistir as\u00ed un peque\u00f1o empresario?<\/p>\n<p style=\"text-align: justify;\">M\u00e1xime si tiene pendientes con Hacienda.<\/p>\n<p style=\"text-align: justify;\">El gobierno de Andr\u00e9s Manuel dice&#8230; Okey, el gobierno asume el pago del salario del trabajador durante el recogimiento laboral, pero s\u00f3lo si el empresario paga su deuda con hacienda. Andan volando 50 mil millones de pesos en adeudos.<\/p>\n<p style=\"text-align: justify;\">El empresariado nacional, no tiene inter\u00e9s en pagar sus adeudos. De otro modo ya estar\u00eda saldada esa cuenta.<\/p>\n<p style=\"text-align: justify;\">Y en la justa mediaci\u00f3n, Coparmex propone un acuerdo nacional.<\/p>\n<p style=\"text-align: justify;\">Ha convocado a los empleados de compa\u00f1\u00edas de todos los giros y tama\u00f1os, a mantenerse unidos y convencer al gobierno federal de que apoye el proyecto &#8216;Salario Solidario&#8217;, consistente en que el patr\u00f3n pague una parte del sueldo del trabajador y otra parte, el gobierno.<\/p>\n<p style=\"text-align: justify;\">Este ofrecimiento lo presentar\u00e1 a la oficina de Presidencia de la Rep\u00fablica.<\/p>\n<p style=\"text-align: justify;\">La propuesta indica que s\u00f3lo durante el periodo de emergencia, el presidente de la Rep\u00fablica autorice recursos extraordinarios, financiados con los impuestos que todos pagamos, o sea, tambi\u00e9n los impuestos que pagamos los que no estamos en el esquema empresarial.<\/p>\n<p style=\"text-align: justify;\">Y as\u00ed, se genere un equilibrio para evitar la quiebra.<\/p>\n<p style=\"text-align: justify;\">La idea es que una parte del salario se cubra con dinero que aporte la Federaci\u00f3n y la otra, el empresario.<\/p>\n<p style=\"text-align: justify;\">No est\u00e1 mal. Sobre todo, si el gobierno desea evitar el golpeteo sistem\u00e1tico contra la 4T.<\/p>\n<p style=\"text-align: justify;\">La negativa de suscribir deuda, tomar cr\u00e9ditos de instancias internacionales o emprender una reforma fiscal ha metido al Ejecutivo en una camisa muy forzada para financiar estas medidas.<\/p>\n<p style=\"text-align: justify;\">Trump no tiene problema con dotar de 1,200 d\u00f3lares por cr\u00e1neo a cada gringo, porque tiene la maquinita de hacer billetes sin respaldo en oro. Pero AMLO, no.<\/p>\n<p style=\"text-align: justify;\">Yo coincido con la Coparmex en que se regrese cuanto antes a la productividad. La econom\u00eda debe reactivarse por sectores. Paulatinamente.<\/p>\n<p style=\"text-align: justify;\">Con protocolos de seguridad, operaci\u00f3n de bajo riesgo de contagio, que puedan minimizar la propagaci\u00f3n del coronavirus con medidas extremas de protecci\u00f3n personal.<\/p>\n<p style=\"text-align: justify;\">No s\u00f3lo porque hay que revitalizar la econom\u00eda, sino porque si no salimos pronto del encierro, los trastornos mentales acabar\u00e1n con la salud de quienes habr\u00edan librado la muerte por coronavirus.<\/p>\n<p style=\"text-align: justify;\">Este escenario ya lo hab\u00eda conversado con ustedes en un par de trabajos anteriores.<\/p>\n<p style=\"text-align: justify;\">Pero a m\u00ed no me hagan caso, es la OMS, quien asegura que<\/p>\n<p style=\"text-align: justify;\">el encierro, el duelo y la crisis econ\u00f3mica doblar\u00e1n el n\u00famero de personas con problemas psicol\u00f3gicos.<\/p>\n<p style=\"text-align: justify;\">En mundo comenzar\u00e1 a arrancar con muchos problemas de ansiedad, miedo y estr\u00e9s.<\/p>\n<p style=\"text-align: justify;\">Miedo e incertidumbre. Las dos laceraciones.<\/p>\n<p style=\"text-align: justify;\">El experimento del coronavirus, nos trajo una crisis terrible, pero por mucho, un acontecimiento traum\u00e1tico masivo sin precedentes.<\/p>\n<p style=\"text-align: justify;\">La sacudida no solo se da con aquellos que enferman. La gente se va quedando sin familia&#8230; Y sin dinero.<\/p>\n<p style=\"text-align: justify;\">Esto producir\u00e1 una avalancha de trastornos del \u00e1nimo y de ansiedad; depresi\u00f3n y estr\u00e9s en los pr\u00f3ximos meses y a\u00f1os en todo el mundo.<\/p>\n<p style=\"text-align: justify;\">Y con ello mayor consumo de alcohol y drogas.<\/p>\n<p style=\"text-align: justify;\">Aumentar\u00e1 la violencia intrafamiliar.<\/p>\n<p style=\"text-align: justify;\">Los expertos anticipan que una de cada cinco personas\u00a0padecer\u00e1 una afectaci\u00f3n mental, el doble que en circunstancias normales.<\/p>\n<p style=\"text-align: justify;\">Voy por un ron y leo sus comentarios.<\/p>\n","protected":false},"excerpt":{"rendered":"<p>El gobierno de M\u00e9xico aprieta fuerte el tornillo a la clase empresarial. Obliga al empresario a pagar los salarios de los trabajadores en este obligado encierro.<\/p>\n","protected":false},"author":6,"featured_media":23032,"comment_status":"open","ping_status":"open","sticky":false,"template":"","format":"standard","meta":{"_acf_changed":false,"_monsterinsights_skip_tracking":false,"slim_seo":{"title":"Salario solidario - Opini\u00f3n P\u00fablica","description":"El gobierno de M\u00e9xico aprieta fuerte el tornillo a la clase empresarial. Obliga al empresario a pagar los salarios de los trabajadores en este obligado encierro"},"footnotes":""},"categories":[21],"tags":[],"class_list":["post-23033","post","type-post","status-publish","format-standard","has-post-thumbnail","hentry","category-cartapacio"],"acf":[],"_links":{"self":[{"href":"https:\/\/www.opinionpublica.tv\/portada\/wp-json\/wp\/v2\/posts\/23033","targetHints":{"allow":["GET"]}}],"collection":[{"href":"https:\/\/www.opinionpublica.tv\/portada\/wp-json\/wp\/v2\/posts"}],"about":[{"href":"https:\/\/www.opinionpublica.tv\/portada\/wp-json\/wp\/v2\/types\/post"}],"author":[{"embeddable":true,"href":"https:\/\/www.opinionpublica.tv\/portada\/wp-json\/wp\/v2\/users\/6"}],"replies":[{"embeddable":true,"href":"https:\/\/www.opinionpublica.tv\/portada\/wp-json\/wp\/v2\/comments?post=23033"}],"version-history":[{"count":0,"href":"https:\/\/www.opinionpublica.tv\/portada\/wp-json\/wp\/v2\/posts\/23033\/revisions"}],"wp:featuredmedia":[{"embeddable":true,"href":"https:\/\/www.opinionpublica.tv\/portada\/wp-json\/wp\/v2\/media\/23032"}],"wp:attachment":[{"href":"https:\/\/www.opinionpublica.tv\/portada\/wp-json\/wp\/v2\/media?parent=23033"}],"wp:term":[{"taxonomy":"category","embeddable":true,"href":"https:\/\/www.opinionpublica.tv\/portada\/wp-json\/wp\/v2\/categories?post=23033"},{"taxonomy":"post_tag","embeddable":true,"href":"https:\/\/www.opinionpublica.tv\/portada\/wp-json\/wp\/v2\/tags?post=23033"}],"curies":[{"name":"wp","href":"https:\/\/api.w.org\/{rel}","templated":true}]}}