{"id":23016,"date":"2020-04-21T06:00:00","date_gmt":"2020-04-21T04:00:00","guid":{"rendered":"https:\/\/www.opinionpublica.tv\/portada\/2020\/04\/21\/entrega-utcj-250-caretas-contra-covid-19-al-sector-salud\/"},"modified":"2020-04-21T06:00:00","modified_gmt":"2020-04-21T04:00:00","slug":"entrega-utcj-250-caretas-contra-covid-19-al-sector-salud","status":"publish","type":"post","link":"https:\/\/www.opinionpublica.tv\/portada\/entrega-utcj-250-caretas-contra-covid-19-al-sector-salud\/","title":{"rendered":"Entrega UTCJ 250 caretas contra Covid-19 al Sector Salud"},"content":{"rendered":"<p><img fetchpriority=\"high\" decoding=\"async\" class=\" size-full wp-image-23015\" src=\"https:\/\/www.opinionpublica.tv\/portada\/wp-content\/uploads\/2020\/04\/4dd129e473d2edecaa1de7b2d164e268.jpg\" alt=\"\" class=\"caption\" title=\"Las caretas contra el Covid-19 fueron elaboradas por esta instituci\u00f3n.\" width=\"960\" height=\"640\" srcset=\"https:\/\/www.opinionpublica.tv\/portada\/wp-content\/uploads\/2020\/04\/4dd129e473d2edecaa1de7b2d164e268.jpg 960w, https:\/\/www.opinionpublica.tv\/portada\/wp-content\/uploads\/2020\/04\/4dd129e473d2edecaa1de7b2d164e268-300x200.jpg 300w, https:\/\/www.opinionpublica.tv\/portada\/wp-content\/uploads\/2020\/04\/4dd129e473d2edecaa1de7b2d164e268-768x512.jpg 768w\" sizes=\"(max-width: 960px) 100vw, 960px\" \/><br \/>\n<!--more--><\/p>\n<p style=\"text-align: justify;\"><em>Ciudad Ju\u00e1rez, Chih<\/em>.- Directivos de la Universidad Tecnol\u00f3gica de Ciudad Ju\u00e1rez realizaron el d\u00eda de hoy la entrega de 250 caretas al Dr. Arturo Valenzuela, Director M\u00e9dico de la Zona Norte de la Secretar\u00eda de Salud del Estado de Chihuahua, las cuales ser\u00e1n repartidas al personal del sector salud que actualmente realiza una ardua labor en contra de la pandemia del Coronavirus (Covid-19).<\/p>\n<p style=\"text-align: justify;\">Un total de 25 mil mascarillas que fueron elaboradas por la Asociaci\u00f3n Nacional de Universidades Tecnol\u00f3gicas (ANUT), mediante un convenio con el Banco Santander, fueron entregadas a diferentes universidades tecnol\u00f3gicas para ser repartidas en los estados con los que se cuenta con mayor n\u00famero de casos confirmados.<\/p>\n<p style=\"text-align: justify;\">La 250 caretas, se suman a m\u00e1s de 97 que ya fueron donadas por esta Casa de Estudios a diferentes instituciones de salud, esto con la finalidad de hacer frente a esta contingencia que aqueja a nuestra ciudad y como una muestra de compromiso hacia la sociedad juarense.<\/p>\n","protected":false},"excerpt":{"rendered":"","protected":false},"author":6,"featured_media":23015,"comment_status":"open","ping_status":"open","sticky":false,"template":"","format":"standard","meta":{"_acf_changed":false,"_monsterinsights_skip_tracking":false,"slim_seo":{"title":"Entrega UTCJ 250 caretas contra Covid-19 al Sector Salud - Opini\u00f3n P\u00fablica","description":"Ciudad Ju\u00e1rez, Chih .- Directivos de la Universidad Tecnol\u00f3gica de Ciudad Ju\u00e1rez realizaron el d\u00eda de hoy la entrega de 250 caretas al Dr. Arturo Valenzuela, Di"},"footnotes":""},"categories":[5],"tags":[],"class_list":["post-23016","post","type-post","status-publish","format-standard","has-post-thumbnail","hentry","category-frontera"],"acf":[],"_links":{"self":[{"href":"https:\/\/www.opinionpublica.tv\/portada\/wp-json\/wp\/v2\/posts\/23016","targetHints":{"allow":["GET"]}}],"collection":[{"href":"https:\/\/www.opinionpublica.tv\/portada\/wp-json\/wp\/v2\/posts"}],"about":[{"href":"https:\/\/www.opinionpublica.tv\/portada\/wp-json\/wp\/v2\/types\/post"}],"author":[{"embeddable":true,"href":"https:\/\/www.opinionpublica.tv\/portada\/wp-json\/wp\/v2\/users\/6"}],"replies":[{"embeddable":true,"href":"https:\/\/www.opinionpublica.tv\/portada\/wp-json\/wp\/v2\/comments?post=23016"}],"version-history":[{"count":0,"href":"https:\/\/www.opinionpublica.tv\/portada\/wp-json\/wp\/v2\/posts\/23016\/revisions"}],"wp:featuredmedia":[{"embeddable":true,"href":"https:\/\/www.opinionpublica.tv\/portada\/wp-json\/wp\/v2\/media\/23015"}],"wp:attachment":[{"href":"https:\/\/www.opinionpublica.tv\/portada\/wp-json\/wp\/v2\/media?parent=23016"}],"wp:term":[{"taxonomy":"category","embeddable":true,"href":"https:\/\/www.opinionpublica.tv\/portada\/wp-json\/wp\/v2\/categories?post=23016"},{"taxonomy":"post_tag","embeddable":true,"href":"https:\/\/www.opinionpublica.tv\/portada\/wp-json\/wp\/v2\/tags?post=23016"}],"curies":[{"name":"wp","href":"https:\/\/api.w.org\/{rel}","templated":true}]}}