{"id":22978,"date":"2020-04-18T06:00:00","date_gmt":"2020-04-18T04:00:00","guid":{"rendered":"https:\/\/www.opinionpublica.tv\/portada\/2020\/04\/18\/efemerides-18-de-abril-2\/"},"modified":"2020-04-18T06:00:00","modified_gmt":"2020-04-18T04:00:00","slug":"efemerides-18-de-abril-2","status":"publish","type":"post","link":"https:\/\/www.opinionpublica.tv\/portada\/efemerides-18-de-abril-2\/","title":{"rendered":"Efem\u00e9rides 18 de abril"},"content":{"rendered":"<img fetchpriority=\"high\" decoding=\"async\" class=\" size-full wp-image-22977\" src=\"https:\/\/www.opinionpublica.tv\/portada\/wp-content\/uploads\/2020\/04\/81d3986abf921fdda69caf50c56d561d.jpg\" alt=\"\" class=\"caption\" title=\"San Francisco California est\u00e1 en una altamente s\u00edsmica.\" width=\"256\" height=\"197\" \/>\n<p style=\"text-align: justify;\">Un d\u00eda 18 de abril como hoy, pero de 1906, un devastador terremoto que degener\u00f3 en incendio destruy\u00f3 totalmente la ciudad de San Francisco, California, EU.<\/p>\n<p><!--more--><\/p>\n<p style=\"text-align: justify;\"><strong>Otras efem\u00e9rides<\/strong><\/p>\n<p style=\"text-align: justify;\">1506.- Colocaci\u00f3n de la primera piedra de la bas\u00edlica de San Pedro, en Roma, por el Papa Julio II.<\/p>\n<p style=\"text-align: justify;\">1819.- Nace Carlos Manuel de C\u00e9spedes, considerado primer presidente cubano de la Rep\u00fablica en Armas.<\/p>\n<p style=\"text-align: justify;\">1847.- En la guerra de EEUU con M\u00e9xico, las tropas del general Santa Anna son derrotadas por las del general estadounidense Scott en la batalla de Cerro Gordo.<\/p>\n<p style=\"text-align: justify;\">1898.- La C\u00e1mara de Representantes y el Senado de los EEUU aprueban conjuntamente la guerra contra Espa\u00f1a por causa de Cuba.<\/p>\n<p style=\"text-align: justify;\">1902.- Un terremoto destruye la ciudad de Quezaltenango, la segunda poblaci\u00f3n m\u00e1s importante de Guatemala.<\/p>\n<p style=\"text-align: justify;\">1907.- Estados Unidos interviene en el conflicto entre Honduras y Nicaragua e impone la paz.<\/p>\n<p style=\"text-align: justify;\">1909.- Ceremonia de beatificaci\u00f3n de Juana de Arco en Roma.<\/p>\n<p style=\"text-align: justify;\">1927.- Nace Tadeusz Mazowiecki, pol\u00edtico polaco.<\/p>\n<p style=\"text-align: justify;\">1936.- Muere Ottorino Respighi, compositor italiano.<\/p>\n<p style=\"text-align: justify;\">1942.- Segunda Guerra Mundial: Ataque a\u00e9reo estadounidense contra Tokio.<\/p>\n<p style=\"text-align: justify;\">1945.- El presidente brasile\u00f1o, Getulio Vargas, concede amnist\u00eda a todos los presos pol\u00edticos.<\/p>\n<p style=\"text-align: justify;\">1946.- Se disuelve la Sociedad de Naciones, que transfiere sus funciones a la ONU.<\/p>\n<p style=\"text-align: justify;\">1946.- Se establece en Grecia un gobierno mon\u00e1rquico, presidido por Konstantin Tsaldaris.<\/p>\n<p style=\"text-align: justify;\">1949.- Proclamaci\u00f3n formal de la Rep\u00fablica de Irlanda (Eire) en Dubl\u00edn.<\/p>\n<p style=\"text-align: justify;\">1951.- Constituci\u00f3n de la Comunidad Europea del Carb\u00f3n y del Acero (CECA), germen de la Comunidad Econ\u00f3mica Europea.<\/p>\n<p style=\"text-align: justify;\">1951.- Fallece Antonio Oscar Carmona, general portugu\u00e9s y presidente de la Rep\u00fablica.<\/p>\n<p style=\"text-align: justify;\">1955.- Muere Albert Einstein, f\u00edsico alem\u00e1n nacionalizado estadounidense, autor de la teor\u00eda de la Relatividad y Premio Nobel de F\u00edsica 1921.<\/p>\n<p style=\"text-align: justify;\">1955.- Comienza la Conferencia Internacional de Bandung (isla de Java), a la que asisten delegados de 29 pa\u00edses afroasi\u00e1ticos.<\/p>\n<p style=\"text-align: justify;\">1961.- Manifestaciones en Argentina, Chile, M\u00e9xico y Venezuela en favor del r\u00e9gimen de Cuba y contra EEUU.<\/p>\n<p style=\"text-align: justify;\">1966.- Comienza la revoluci\u00f3n cultural en China Popular.<\/p>\n<p style=\"text-align: justify;\">1980.- Zimbabue inaugura su independencia.<\/p>\n<p style=\"text-align: justify;\">1983.- Mueren 63 personas al ser voladas con dinamita varias plantas de la embajada de EEUU en Beirut.<\/p>\n<p style=\"text-align: justify;\">1985.- El presidente franc\u00e9s Francois Mitterrand presenta a sus colegas europeos el Plan Eureka para el progreso de la tecnolog\u00eda europea frente al reto de EEUU y Jap\u00f3n.<\/p>\n<p style=\"text-align: justify;\">1987.- Fallece Cecil King, magnate de la prensa brit\u00e1nica.<\/p>\n<p style=\"text-align: justify;\">1988.- Guerra Ir\u00e1n-Irak: EEUU ataca dos instalaciones petrol\u00edferas iran\u00edes en la pen\u00ednsula de Fao, en apoyo a una ofensiva iraqu\u00ed, mientras Ir\u00e1n ataca embarcaciones y plataformas petrol\u00edferas.<\/p>\n<p style=\"text-align: justify;\">1989.- Muere Daphne du Maurier, escritora brit\u00e1nica.<\/p>\n<p style=\"text-align: justify;\">1995.- Fallece Arturo Frondizi, pol\u00edtico argentino, ex presidente de la Rep\u00fablica.<\/p>\n<p style=\"text-align: justify;\">1999.- Los suizos apoyan en refer\u00e9ndum la reforma completa de la Constituci\u00f3n Federal.<\/p>\n<p style=\"text-align: justify;\">2001.- La Comisi\u00f3n de Derechos Humanos de la ONU condena la situaci\u00f3n de Cuba.<\/p>\n<p style=\"text-align: justify;\">2002.- El rey Mohamed Zahir regresa a Kabul despu\u00e9s de 30 a\u00f1os de exilio.<\/p>\n<p style=\"text-align: justify;\">2002.- Muere Thor Heyerdahl, aventurero noruego.<\/p>\n<p style=\"text-align: justify;\">2007.- Cuatro coches-bomba causan cerca de 200 muertos en Bagdad (Irak).<\/p>\n","protected":false},"excerpt":{"rendered":"<p>Un d\u00eda 18 de abril como hoy, pero de 1906, un devastador terremoto que degener\u00f3 en incendio destruy\u00f3 totalmente la ciudad de San Francisco, California, EU.<\/p>\n","protected":false},"author":6,"featured_media":22977,"comment_status":"open","ping_status":"open","sticky":false,"template":"","format":"standard","meta":{"_acf_changed":false,"_monsterinsights_skip_tracking":false,"slim_seo":{"title":"Efem\u00e9rides 18 de abril - Opini\u00f3n P\u00fablica","description":"Un d\u00eda 18 de abril como hoy, pero de 1906, un devastador terremoto que degener\u00f3 en incendio destruy\u00f3 totalmente la ciudad de San Francisco, California, EU. Otra"},"footnotes":""},"categories":[27],"tags":[],"class_list":["post-22978","post","type-post","status-publish","format-standard","has-post-thumbnail","hentry","category-un-dia-como-hoy"],"acf":[],"_links":{"self":[{"href":"https:\/\/www.opinionpublica.tv\/portada\/wp-json\/wp\/v2\/posts\/22978","targetHints":{"allow":["GET"]}}],"collection":[{"href":"https:\/\/www.opinionpublica.tv\/portada\/wp-json\/wp\/v2\/posts"}],"about":[{"href":"https:\/\/www.opinionpublica.tv\/portada\/wp-json\/wp\/v2\/types\/post"}],"author":[{"embeddable":true,"href":"https:\/\/www.opinionpublica.tv\/portada\/wp-json\/wp\/v2\/users\/6"}],"replies":[{"embeddable":true,"href":"https:\/\/www.opinionpublica.tv\/portada\/wp-json\/wp\/v2\/comments?post=22978"}],"version-history":[{"count":0,"href":"https:\/\/www.opinionpublica.tv\/portada\/wp-json\/wp\/v2\/posts\/22978\/revisions"}],"wp:featuredmedia":[{"embeddable":true,"href":"https:\/\/www.opinionpublica.tv\/portada\/wp-json\/wp\/v2\/media\/22977"}],"wp:attachment":[{"href":"https:\/\/www.opinionpublica.tv\/portada\/wp-json\/wp\/v2\/media?parent=22978"}],"wp:term":[{"taxonomy":"category","embeddable":true,"href":"https:\/\/www.opinionpublica.tv\/portada\/wp-json\/wp\/v2\/categories?post=22978"},{"taxonomy":"post_tag","embeddable":true,"href":"https:\/\/www.opinionpublica.tv\/portada\/wp-json\/wp\/v2\/tags?post=22978"}],"curies":[{"name":"wp","href":"https:\/\/api.w.org\/{rel}","templated":true}]}}