{"id":22950,"date":"2020-04-14T06:00:00","date_gmt":"2020-04-14T04:00:00","guid":{"rendered":"https:\/\/www.opinionpublica.tv\/portada\/2020\/04\/14\/abandona-lilly-tellez-la-bancada-de-morena-en-el-senado\/"},"modified":"2020-04-14T06:00:00","modified_gmt":"2020-04-14T04:00:00","slug":"abandona-lilly-tellez-la-bancada-de-morena-en-el-senado","status":"publish","type":"post","link":"https:\/\/www.opinionpublica.tv\/portada\/abandona-lilly-tellez-la-bancada-de-morena-en-el-senado\/","title":{"rendered":"Abandona Lilly T\u00e9llez la bancada de Morena en el Senado"},"content":{"rendered":"<p><img fetchpriority=\"high\" decoding=\"async\" class=\" size-full wp-image-22949\" src=\"https:\/\/www.opinionpublica.tv\/portada\/wp-content\/uploads\/2020\/04\/1ce904c7c68baa49eb152d26d28ab98e.jpg\" alt=\"\" class=\"caption\" title=\"La senadora Lily T\u00e9llez ha tenido serias diferencias ideol\u00f3gicas con Morena.\" width=\"980\" height=\"550\" srcset=\"https:\/\/www.opinionpublica.tv\/portada\/wp-content\/uploads\/2020\/04\/1ce904c7c68baa49eb152d26d28ab98e.jpg 980w, https:\/\/www.opinionpublica.tv\/portada\/wp-content\/uploads\/2020\/04\/1ce904c7c68baa49eb152d26d28ab98e-300x168.jpg 300w, https:\/\/www.opinionpublica.tv\/portada\/wp-content\/uploads\/2020\/04\/1ce904c7c68baa49eb152d26d28ab98e-768x431.jpg 768w\" sizes=\"(max-width: 980px) 100vw, 980px\" \/><br \/>\n<!--more--><\/p>\n<p><em>Ciudad de M\u00e9xico<\/em>.- La senadora Lilly T\u00e9llez inform\u00f3, a trav\u00e9s de sus cuenta oficial de Twitter, que dej\u00f3 de formar parte de la bancada de Morena en el Senado de la Rep\u00fablica, por diferencias de criterio.<\/p>\n<p>Sin embargo, agradeci\u00f3 al secretario de Seguridad Publica y Protecci\u00f3n Ciudadana (SPPC) y al presidente de la Junta de Coordinaci\u00f3n Pol\u00edtica (Jucopo), Ricardo Monreal, as\u00ed como al presidente de la Rep\u00fablica, Andr\u00e9s Manuel L\u00f3pez Obrador por el respeto que le demostraron.<\/p>\n<p>La ex conductora ya hab\u00eda tenido complicaciones con la bancada de mayor\u00eda en la C\u00e1mara Alta, adem\u00e1s de que la Comisi\u00f3n Nacional de Honestidad y Justicia de Morena solicit\u00f3 a Ricardo Monreal separarla de su fracci\u00f3n por no seguir los estatutos del partido.<\/p>\n<p>Sin embargo, la\u00a0Sala Superior del Tribunal Electoral del Poder Judicial de la Federaci\u00f3n (TEPJF), revoc\u00f3 la solicitud de la Comisi\u00f3n\u00a0e impidi\u00f3 que fuera separada de la fracci\u00f3n parlamentaria.<\/p>\n","protected":false},"excerpt":{"rendered":"","protected":false},"author":6,"featured_media":22949,"comment_status":"open","ping_status":"open","sticky":false,"template":"","format":"standard","meta":{"_acf_changed":false,"_monsterinsights_skip_tracking":false,"slim_seo":{"title":"Abandona Lilly T\u00e9llez la bancada de Morena en el Senado - Opini\u00f3n P\u00fablica","description":"Ciudad de M\u00e9xico .- La senadora Lilly T\u00e9llez inform\u00f3, a trav\u00e9s de sus cuenta oficial de Twitter, que dej\u00f3 de formar parte de la bancada de Morena en el Senado d"},"footnotes":""},"categories":[9],"tags":[],"class_list":["post-22950","post","type-post","status-publish","format-standard","has-post-thumbnail","hentry","category-nacional"],"acf":[],"_links":{"self":[{"href":"https:\/\/www.opinionpublica.tv\/portada\/wp-json\/wp\/v2\/posts\/22950","targetHints":{"allow":["GET"]}}],"collection":[{"href":"https:\/\/www.opinionpublica.tv\/portada\/wp-json\/wp\/v2\/posts"}],"about":[{"href":"https:\/\/www.opinionpublica.tv\/portada\/wp-json\/wp\/v2\/types\/post"}],"author":[{"embeddable":true,"href":"https:\/\/www.opinionpublica.tv\/portada\/wp-json\/wp\/v2\/users\/6"}],"replies":[{"embeddable":true,"href":"https:\/\/www.opinionpublica.tv\/portada\/wp-json\/wp\/v2\/comments?post=22950"}],"version-history":[{"count":0,"href":"https:\/\/www.opinionpublica.tv\/portada\/wp-json\/wp\/v2\/posts\/22950\/revisions"}],"wp:featuredmedia":[{"embeddable":true,"href":"https:\/\/www.opinionpublica.tv\/portada\/wp-json\/wp\/v2\/media\/22949"}],"wp:attachment":[{"href":"https:\/\/www.opinionpublica.tv\/portada\/wp-json\/wp\/v2\/media?parent=22950"}],"wp:term":[{"taxonomy":"category","embeddable":true,"href":"https:\/\/www.opinionpublica.tv\/portada\/wp-json\/wp\/v2\/categories?post=22950"},{"taxonomy":"post_tag","embeddable":true,"href":"https:\/\/www.opinionpublica.tv\/portada\/wp-json\/wp\/v2\/tags?post=22950"}],"curies":[{"name":"wp","href":"https:\/\/api.w.org\/{rel}","templated":true}]}}