{"id":22948,"date":"2020-04-14T06:00:00","date_gmt":"2020-04-14T04:00:00","guid":{"rendered":"https:\/\/www.opinionpublica.tv\/portada\/2020\/04\/14\/crisis-una-oportunidad-para-el-cambio-de-regimen\/"},"modified":"2020-04-14T06:00:00","modified_gmt":"2020-04-14T04:00:00","slug":"crisis-una-oportunidad-para-el-cambio-de-regimen","status":"publish","type":"post","link":"https:\/\/www.opinionpublica.tv\/portada\/crisis-una-oportunidad-para-el-cambio-de-regimen\/","title":{"rendered":"Crisis, una oportunidad para el cambio de r\u00e9gimen"},"content":{"rendered":"<img fetchpriority=\"high\" decoding=\"async\" class=\" size-full wp-image-22947\" src=\"https:\/\/www.opinionpublica.tv\/portada\/wp-content\/uploads\/2020\/04\/c270f4724185fe1d477757f596be9305.jpg\" alt=\"\" class=\"caption\" title=\"Carlos Fernando Angulo Parra.\" width=\"270\" height=\"270\" srcset=\"https:\/\/www.opinionpublica.tv\/portada\/wp-content\/uploads\/2020\/04\/c270f4724185fe1d477757f596be9305.jpg 270w, https:\/\/www.opinionpublica.tv\/portada\/wp-content\/uploads\/2020\/04\/c270f4724185fe1d477757f596be9305-150x150.jpg 150w\" sizes=\"(max-width: 270px) 100vw, 270px\" \/>\n<p style=\"text-align: justify;\">Haciendo un recorrido r\u00e1pido de los cambios de reg\u00edmenes pol\u00edticos que M\u00e9xico ha tenido despu\u00e9s de la Revoluci\u00f3n Mexicana, podemos decir que despu\u00e9s del PRI hegem\u00f3nico durante el Siglo XX, tuvimos dos gobiernos panistas y el regreso del PRI del 2012 al 2018.<\/p>\n<p><!--more--><\/p>\n<p style=\"text-align: justify;\">Los ciudadanos mexicanos que adquirieron la mayor\u00eda de edad durante el Siglo XXI no tuvieron pr\u00e1cticamente noci\u00f3n alguna vivencial y poca noci\u00f3n hist\u00f3rica de lo que fue el r\u00e9gimen pri\u00edsta del Siglo XX, lo \u00fanico que oyeron y vivieron fueron los gobiernos del Siglo XXI que a trav\u00e9s de una ret\u00f3rica muy bien desarrollada de L\u00f3pez Obrador, no sin ciertos fundamentos f\u00e1cticos, desarroll\u00f3 la noci\u00f3n del \u201cPRIAN\u201d, como si el PRI y el PAN hubieran sido lo mismo, y hubieran sido los culpables de la pobreza y corrupci\u00f3n en M\u00e9xico, olvid\u00e1ndose pr\u00e1cticamente de la existencia del PRI del Siglo XX, salvo los gobiernos de Salinas de Gortari y Zedillo, que calific\u00f3 como los m\u00e1s funestos ejemplares del \u201cmal\u201d que trajo a M\u00e9xico el llamado neoliberalismo.<\/p>\n<p style=\"text-align: justify;\">Este discurso pol\u00edtico de AMLO le dio grandes dividendos pol\u00edticos y electorales en el 2018, al grado que Morena y sus aliados, se levantaron con una gran mayor\u00eda en el Congreso de la Uni\u00f3n que les permiti\u00f3 hacer reformas constitucionales y cambios legislativos con la intenci\u00f3n de \u201camarrar\u201d un nuevo r\u00e9gimen que me niego a mencionar por su nombre para no hacerles el caldo m\u00e1s gordo.<\/p>\n<p style=\"text-align: justify;\">En 2018 muchos candidatos de Morena a legisladores se alzaron con el triunfo despu\u00e9s de hacer poco proselitismo electoral en sus estados y distritos, por el simple efecto AMLO, que se erigi\u00f3 como una especie de mes\u00edas salvador de M\u00e9xico.<\/p>\n<p style=\"text-align: justify;\">Poco tiempo ha durado el gran deterioro pol\u00edtico del pretendido nuevo r\u00e9gimen comandado por AMLO, derivado de los serios errores en la implementaci\u00f3n de pol\u00edticas p\u00fablicas que han deteriorado a la econom\u00eda y a las instituciones democr\u00e1ticas que tanto trabajo les ha costado a los ciudadanos implantar para evitar el regreso de un r\u00e9gimen hegem\u00f3nico como el que tuvo el PRI en el Siglo XX.<\/p>\n<p style=\"text-align: justify;\">Pero ahora, en plena crisis global por el Covid-19, se ha hecho m\u00e1s patente que nunca la irracionalidad del presidente para dictar las medidas adecuadas para que nuestra econom\u00eda no sufra un colapso total como el que se avecina, gener\u00e1ndose una clara ca\u00edda por la aceptaci\u00f3n popular del presidente que se refleja en un colapso may\u00fasculo por las preferencias electorales de Morena para la renovaci\u00f3n de la C\u00e1mara de Diputados, una gran cantidad de gubernaturas y congresos locales y m\u00faltiples ayuntamientos.<\/p>\n<p style=\"text-align: justify;\">Por lo anterior, existe la gran oportunidad de verdaderamente hacer un cambio de r\u00e9gimen en el pa\u00eds que haga que regrese la vida institucional, el Estado de Derecho y la ca\u00edda de un gobierno de un solo hombre por el retorno de la democracia.<\/p>\n<p style=\"text-align: justify;\">Pero ello no suceder\u00e1 con previas convulsiones graves que ser\u00e1n generadas por una gran crisis de salud y econ\u00f3mica que provocar\u00e1 reacciones de ingobernabilidad, por lo que debemos de estar en acci\u00f3n pol\u00edtica ciudadana para no crear vac\u00edos de poder que nos lleven al caos, y lograr el triunfo de candidatos que no sean de Morena en las elecciones del 2021, para luego irnos por la revocaci\u00f3n del mandato del presidente en el 2022.<\/p>\n<p style=\"text-align: justify;\">Por desgracia, los mexicanos sufriremos y m\u00e1s los pobres, pero esta crisis vendr\u00e1 \u201ccomo anillo al dedo\u201d para el retorno de la democracia sana a M\u00e9xico y para elegir liderazgos comprometidos con el bien com\u00fan y no con gobiernos tir\u00e1nicos de un solo hombre, con ideolog\u00edas populistas y falsos socialismos.<\/p>\n<p style=\"text-align: justify;\">Pero, debemos de evitar al m\u00e1ximo que no le vaya a venir a AMLO esta crisis \u201ccomo anillo al dedo\u201d, para aprovecharse y radicalizarse en quitarnos libertades y convertirse en un claro dictador para su pretendido cambio en M\u00e9xico que nos hunda en el mal com\u00fan.<\/p>\n<p style=\"text-align: justify;\">Por eso debemos ahora desnudar al presidente en su verdadera dimensi\u00f3n de falso redentor. Esta crisis nos hadado la oportunidad para cambiar al r\u00e9gimen.<\/p>\n","protected":false},"excerpt":{"rendered":"<p>Haciendo un recorrido r\u00e1pido de los cambios de reg\u00edmenes pol\u00edticos que M\u00e9xico ha tenido despu\u00e9s de la Revoluci\u00f3n Mexicana, podemos decir que despu\u00e9s del PRI hegem\u00f3nico durante el Siglo XX, tuvimos dos gobiernos panistas y el regreso del PRI del 2012 al 2018.<\/p>\n","protected":false},"author":6,"featured_media":22947,"comment_status":"open","ping_status":"open","sticky":false,"template":"","format":"standard","meta":{"_acf_changed":false,"_monsterinsights_skip_tracking":false,"slim_seo":{"title":"Crisis, una oportunidad para el cambio de r\u00e9gimen - Opini\u00f3n P\u00fablica","description":"Haciendo un recorrido r\u00e1pido de los cambios de reg\u00edmenes pol\u00edticos que M\u00e9xico ha tenido despu\u00e9s de la Revoluci\u00f3n Mexicana, podemos decir que despu\u00e9s del PRI heg"},"footnotes":""},"categories":[17],"tags":[],"class_list":["post-22948","post","type-post","status-publish","format-standard","has-post-thumbnail","hentry","category-ultima-instancia"],"acf":[],"_links":{"self":[{"href":"https:\/\/www.opinionpublica.tv\/portada\/wp-json\/wp\/v2\/posts\/22948","targetHints":{"allow":["GET"]}}],"collection":[{"href":"https:\/\/www.opinionpublica.tv\/portada\/wp-json\/wp\/v2\/posts"}],"about":[{"href":"https:\/\/www.opinionpublica.tv\/portada\/wp-json\/wp\/v2\/types\/post"}],"author":[{"embeddable":true,"href":"https:\/\/www.opinionpublica.tv\/portada\/wp-json\/wp\/v2\/users\/6"}],"replies":[{"embeddable":true,"href":"https:\/\/www.opinionpublica.tv\/portada\/wp-json\/wp\/v2\/comments?post=22948"}],"version-history":[{"count":0,"href":"https:\/\/www.opinionpublica.tv\/portada\/wp-json\/wp\/v2\/posts\/22948\/revisions"}],"wp:featuredmedia":[{"embeddable":true,"href":"https:\/\/www.opinionpublica.tv\/portada\/wp-json\/wp\/v2\/media\/22947"}],"wp:attachment":[{"href":"https:\/\/www.opinionpublica.tv\/portada\/wp-json\/wp\/v2\/media?parent=22948"}],"wp:term":[{"taxonomy":"category","embeddable":true,"href":"https:\/\/www.opinionpublica.tv\/portada\/wp-json\/wp\/v2\/categories?post=22948"},{"taxonomy":"post_tag","embeddable":true,"href":"https:\/\/www.opinionpublica.tv\/portada\/wp-json\/wp\/v2\/tags?post=22948"}],"curies":[{"name":"wp","href":"https:\/\/api.w.org\/{rel}","templated":true}]}}