{"id":22946,"date":"2020-04-14T06:00:00","date_gmt":"2020-04-14T04:00:00","guid":{"rendered":"https:\/\/www.opinionpublica.tv\/portada\/2020\/04\/14\/reitera-trump-que-sera-el-quien-decida-aliviar-la-cuarentena-no-los-gobernadores\/"},"modified":"2020-04-14T06:00:00","modified_gmt":"2020-04-14T04:00:00","slug":"reitera-trump-que-sera-el-quien-decida-aliviar-la-cuarentena-no-los-gobernadores","status":"publish","type":"post","link":"https:\/\/www.opinionpublica.tv\/portada\/reitera-trump-que-sera-el-quien-decida-aliviar-la-cuarentena-no-los-gobernadores\/","title":{"rendered":"Reitera Trump que ser\u00e1 \u00e9l quien decida aliviar la cuarentena, no los gobernadores"},"content":{"rendered":"<p><img fetchpriority=\"high\" decoding=\"async\" class=\" size-full wp-image-22945\" src=\"https:\/\/www.opinionpublica.tv\/portada\/wp-content\/uploads\/2020\/04\/60efffcbf1093b59c82ee226bbd2b726.jpg\" alt=\"\" class=\"caption\" title=\"Donald Trump, presidente de Estados Unidos.\" width=\"850\" height=\"478\" srcset=\"https:\/\/www.opinionpublica.tv\/portada\/wp-content\/uploads\/2020\/04\/60efffcbf1093b59c82ee226bbd2b726.jpg 850w, https:\/\/www.opinionpublica.tv\/portada\/wp-content\/uploads\/2020\/04\/60efffcbf1093b59c82ee226bbd2b726-300x169.jpg 300w, https:\/\/www.opinionpublica.tv\/portada\/wp-content\/uploads\/2020\/04\/60efffcbf1093b59c82ee226bbd2b726-768x432.jpg 768w\" sizes=\"(max-width: 850px) 100vw, 850px\" \/><br \/>\n<!--more--><\/p>\n<p style=\"text-align: justify;\"><em>Washington, EU<\/em>.- Al tiempo que crecen las interrogantes acerca de cu\u00e1ndo ser\u00e1 el momento adecuado para reabrir el pa\u00eds y paulatinamente regresar a la normalidad despu\u00e9s de la pandemia del coronavirus, el presidente Donald Trump insiste en que debe hacerse lo antes posible para reactivar la econom\u00eda.<\/p>\n<p style=\"text-align: justify;\">Por una parte, gobernadores y l\u00edderes locales, quienes en la mayor\u00eda de los estados han impuesto cuarentenas y restricciones obligatorias para detener la propagaci\u00f3n del civod-19, temen que, si el presidente se anticipa y ordena la reapertura del pa\u00eds, cauce un rebrote que traiga m\u00e1s muertes y establezca nuevos confinamientos sociales.<\/p>\n<p style=\"text-align: justify;\">La pregunta que surge entonces es qui\u00e9n ordenar\u00e1 la reapertura y a partir de cu\u00e1ndo. La respuesta a ambas interrogantes lleg\u00f3 este lunes y fue publicada por el mismo presidente en su cuenta de la red social Twitter.<\/p>\n<p style=\"text-align: justify;\">\u201cDicen que es decisi\u00f3n de los gobernadores abrir los estados, no la del presidente de Estados Unidos &amp; Gobierno Federal. Que quede completamente claro que esto es incorrecto&#8230; es la decisi\u00f3n del presidente y por muchos buenos motivos\u201d, poste\u00f3 el mandatario este lunes.<\/p>\n<p style=\"text-align: justify;\">Seguidamente poste\u00f3 un segundo mensaje:<\/p>\n<p style=\"text-align: justify;\">\u201cHabiendo dicho eso, la Administraci\u00f3n y yo trabajamos de cerca con los gobernadores y esto continuar\u00e1. \u00a1Una decisi\u00f3n m\u00eda, en conjunto con los gobernadores e informaci\u00f3n de otros, se tomar\u00e1 a la brevedad!\u201d, agreg\u00f3.<\/p>\n<p style=\"text-align: justify;\">Si bien ambos mensajes dejan en claro qui\u00e9n tomar\u00e1 la decisi\u00f3n y c\u00f3mo, las dudas a nivel nacional persisten. Fue el propio Trump quien pidi\u00f3 a la naci\u00f3n en marzo que la mayor\u00eda de los estadounidenses se quedaran en casa y mantuvieran distancia para contener la propagaci\u00f3n del virus.<\/p>\n<p style=\"text-align: justify;\">Dos semanas despu\u00e9s, dijo que abrir\u00eda el pa\u00eds este lunes de Pascua de Resurrecci\u00f3n, pero por recomendaci\u00f3n de sus asesores de salud p\u00fablica, retras\u00f3 la cuarentena hasta el 1 de mayo.<\/p>\n<p style=\"text-align: justify;\">La fecha, sin embargo, sigue siendo incierta debido a que el virus, quiz\u00e1s no con la misma fuerza de hace dos semanas, contin\u00faa propag\u00e1ndose y las muertes, de la misma manera, siguen report\u00e1ndose a nivel nacional.<\/p>\n<p style=\"text-align: justify;\">Este lunes el alcalde de Nueva York, Bill De Blasio, se mostr\u00f3 positivo con las cifras de coronavirus del fin de semana en los hospitales de la ciudad, considerada como la zona cero a nivel mundial de covid-19, pero pidi\u00f3 no bajar la guardia por ning\u00fan motivo y hacer caso a la totalidad de las medidas sanitarias emitidas por las autoridades para evitar la propagaci\u00f3n del coronavirus.<\/p>\n<p style=\"text-align: justify;\">El s\u00e1bado, el diario\u00a0<em>The Washington Post\u00a0<\/em>revel\u00f3 que gobernadores, ex directores de los Centros para el Control de las Enfermedades (CDC) y ex funcionarios de gobierno, trabajaban en un plan para combatir el coronavirus, pero que no estaba participando la Casa Blanca.<\/p>\n<p style=\"text-align: justify;\">El proyecto se basa en tres \u00e1reas: pruebas masivas a la poblaci\u00f3n, aislar a los contagiados y curar a los enfermos de covid-19. El reportaje, sin embargo, se\u00f1al\u00f3 que no se sabe si tendr\u00e1 \u00e9xito si no cuenta con el respaldo del gobierno.<\/p>\n<p style=\"text-align: justify;\">Mientras, el presidente sigue molesto con los se\u00f1alamientos de que tard\u00f3 demasiado en ordenar el confinamiento social. Trump aseguras que actu\u00f3 mucho antes que otros, pero reportes de prensa aseguran que el mandatario supo de la peligrosidad de la pandemia enero, mientras que otros reportes indican que los primeros avisos comenzaron a llegar en noviembre. (Univision)<\/p>\n","protected":false},"excerpt":{"rendered":"","protected":false},"author":6,"featured_media":22945,"comment_status":"open","ping_status":"open","sticky":false,"template":"","format":"standard","meta":{"_acf_changed":false,"_monsterinsights_skip_tracking":false,"slim_seo":{"title":"Reitera Trump que ser\u00e1 \u00e9l quien decida aliviar la cuarentena, no los gobernadores - Opini\u00f3n P\u00fablica","description":"Washington, EU .- Al tiempo que crecen las interrogantes acerca de cu\u00e1ndo ser\u00e1 el momento adecuado para reabrir el pa\u00eds y paulatinamente regresar a la normalida"},"footnotes":""},"categories":[24],"tags":[],"class_list":["post-22946","post","type-post","status-publish","format-standard","has-post-thumbnail","hentry","category-estados-unidos"],"acf":[],"_links":{"self":[{"href":"https:\/\/www.opinionpublica.tv\/portada\/wp-json\/wp\/v2\/posts\/22946","targetHints":{"allow":["GET"]}}],"collection":[{"href":"https:\/\/www.opinionpublica.tv\/portada\/wp-json\/wp\/v2\/posts"}],"about":[{"href":"https:\/\/www.opinionpublica.tv\/portada\/wp-json\/wp\/v2\/types\/post"}],"author":[{"embeddable":true,"href":"https:\/\/www.opinionpublica.tv\/portada\/wp-json\/wp\/v2\/users\/6"}],"replies":[{"embeddable":true,"href":"https:\/\/www.opinionpublica.tv\/portada\/wp-json\/wp\/v2\/comments?post=22946"}],"version-history":[{"count":0,"href":"https:\/\/www.opinionpublica.tv\/portada\/wp-json\/wp\/v2\/posts\/22946\/revisions"}],"wp:featuredmedia":[{"embeddable":true,"href":"https:\/\/www.opinionpublica.tv\/portada\/wp-json\/wp\/v2\/media\/22945"}],"wp:attachment":[{"href":"https:\/\/www.opinionpublica.tv\/portada\/wp-json\/wp\/v2\/media?parent=22946"}],"wp:term":[{"taxonomy":"category","embeddable":true,"href":"https:\/\/www.opinionpublica.tv\/portada\/wp-json\/wp\/v2\/categories?post=22946"},{"taxonomy":"post_tag","embeddable":true,"href":"https:\/\/www.opinionpublica.tv\/portada\/wp-json\/wp\/v2\/tags?post=22946"}],"curies":[{"name":"wp","href":"https:\/\/api.w.org\/{rel}","templated":true}]}}