{"id":22866,"date":"2020-04-07T06:00:00","date_gmt":"2020-04-07T04:00:00","guid":{"rendered":"https:\/\/www.opinionpublica.tv\/portada\/2020\/04\/07\/han-contratado-2-mil-844-medicos-para-atender-covid-19\/"},"modified":"2020-04-07T06:00:00","modified_gmt":"2020-04-07T04:00:00","slug":"han-contratado-2-mil-844-medicos-para-atender-covid-19","status":"publish","type":"post","link":"https:\/\/www.opinionpublica.tv\/portada\/han-contratado-2-mil-844-medicos-para-atender-covid-19\/","title":{"rendered":"Han contratado ya 2 mil 844 m\u00e9dicos para atender Covid-19"},"content":{"rendered":"<p><img fetchpriority=\"high\" decoding=\"async\" class=\" size-full wp-image-22865\" src=\"https:\/\/www.opinionpublica.tv\/portada\/wp-content\/uploads\/2020\/04\/4e8ed8605ea3329dd24acebe731baa6a.jpg\" alt=\"\" class=\"caption\" title=\"La Secretar\u00eda de Salud est\u00e1 contratando m\u00e9dicos para la crisis del Covid-19 en M\u00e9xico.\" width=\"720\" height=\"405\" srcset=\"https:\/\/www.opinionpublica.tv\/portada\/wp-content\/uploads\/2020\/04\/4e8ed8605ea3329dd24acebe731baa6a.jpg 720w, https:\/\/www.opinionpublica.tv\/portada\/wp-content\/uploads\/2020\/04\/4e8ed8605ea3329dd24acebe731baa6a-300x169.jpg 300w\" sizes=\"(max-width: 720px) 100vw, 720px\" \/><br \/>\n<!--more--><\/p>\n<p style=\"text-align: justify;\"><em>Ciudad de M\u00e9xico.-<\/em><em><strong>\u00a0<\/strong><\/em>El presidente Andr\u00e9s Manuel L\u00f3pez Obrador asegur\u00f3 que hasta el momento han sido contratados casi 3 mil m\u00e9dicos generales tras convocatoria para contar con personal para atender a enfermos de Covid-19.<\/p>\n<p style=\"text-align: justify;\">De acuerdo con una tabla presentada por el subsecretario de Salud, se ha contratado a 2 mil 844 doctores.<\/p>\n<p style=\"text-align: justify;\">\u00abDel s\u00e1bado a hoy martes, b\u00e1sicamente ayer que fue el d\u00eda que se convoc\u00f3 a esto, se inscribieron 7 mil m\u00e9dicos en general para el Insabi y para el Seguro Social y ayer me informaron que de esos 7 mil ya fueron constatados 3 mil ayer mismo\u00bb, afirm\u00f3 el mandatario en conferencia ma\u00f1anera.<\/p>\n<p style=\"text-align: justify;\">\u00abHay mucha solidaridad, inclusive pasantes que quieren ayudar, pero la contrataci\u00f3n se est\u00e1 haciendo a titulados, m\u00e9dicos generales\u00bb.<\/p>\n<p style=\"text-align: justify;\">L\u00f3pez Obrador agradeci\u00f3 al personal m\u00e9dico por cuidar enfermos y salvar vidas, y a la ciudadan\u00eda por atender el llamado a quedarse en casa.<\/p>\n<p style=\"text-align: justify;\">\u00abSeguir agradeciendo a la gente porque est\u00e1 haciendo caso a las recomendaciones y debemos de continuar as\u00ed, no se relaja la disciplina, hay que seguirnos quedando en casa de manera voluntaria, es por el bien de nosotros mismos, hay que cuidarnos en familia, esto nos est\u00e1 ayudando a que no haya un desbordamiento en la epidemia, si continuamos as\u00ed, vamos a salir pronto de la crisis\u00bb, expres\u00f3.<\/p>\n<p style=\"text-align: justify;\">\u00abTambi\u00e9n los empresarios, comerciantes, est\u00e1n ayudando porque se est\u00e1n cerrando establecimientos empresariales, comerciales y se le sigue pagando a trabajadores\u00bb.<\/p>\n<p style=\"text-align: justify;\">El s\u00e1bado, el presidente anunci\u00f3 un plan para contar con m\u00e9dicos capacitados para atender a pacientes con Covid-19 en el pa\u00eds.<\/p>\n<p style=\"text-align: justify;\">El plan consiste en la creaci\u00f3n de equipos de respuesta donde especialistas capacitar\u00e1n a m\u00e9dicos generales. Dichos equipos estar\u00e1n liderados por un neum\u00f3logo, internista, intensivista o urgenci\u00f3logo, quienes capacitar\u00e1n en l\u00ednea y presencialmente al personal de apoyo que incluye m\u00e9dicos y enfermeros. (Reforma)<\/p>\n","protected":false},"excerpt":{"rendered":"","protected":false},"author":6,"featured_media":22865,"comment_status":"open","ping_status":"open","sticky":false,"template":"","format":"standard","meta":{"_acf_changed":false,"_monsterinsights_skip_tracking":false,"slim_seo":{"title":"Han contratado ya 2 mil 844 m\u00e9dicos para atender Covid-19 - Opini\u00f3n P\u00fablica","description":"Ciudad de M\u00e9xico.- \u00a0 El presidente Andr\u00e9s Manuel L\u00f3pez Obrador asegur\u00f3 que hasta el momento han sido contratados casi 3 mil m\u00e9dicos generales tras convocatoria"},"footnotes":""},"categories":[9],"tags":[],"class_list":["post-22866","post","type-post","status-publish","format-standard","has-post-thumbnail","hentry","category-nacional"],"acf":[],"_links":{"self":[{"href":"https:\/\/www.opinionpublica.tv\/portada\/wp-json\/wp\/v2\/posts\/22866","targetHints":{"allow":["GET"]}}],"collection":[{"href":"https:\/\/www.opinionpublica.tv\/portada\/wp-json\/wp\/v2\/posts"}],"about":[{"href":"https:\/\/www.opinionpublica.tv\/portada\/wp-json\/wp\/v2\/types\/post"}],"author":[{"embeddable":true,"href":"https:\/\/www.opinionpublica.tv\/portada\/wp-json\/wp\/v2\/users\/6"}],"replies":[{"embeddable":true,"href":"https:\/\/www.opinionpublica.tv\/portada\/wp-json\/wp\/v2\/comments?post=22866"}],"version-history":[{"count":0,"href":"https:\/\/www.opinionpublica.tv\/portada\/wp-json\/wp\/v2\/posts\/22866\/revisions"}],"wp:featuredmedia":[{"embeddable":true,"href":"https:\/\/www.opinionpublica.tv\/portada\/wp-json\/wp\/v2\/media\/22865"}],"wp:attachment":[{"href":"https:\/\/www.opinionpublica.tv\/portada\/wp-json\/wp\/v2\/media?parent=22866"}],"wp:term":[{"taxonomy":"category","embeddable":true,"href":"https:\/\/www.opinionpublica.tv\/portada\/wp-json\/wp\/v2\/categories?post=22866"},{"taxonomy":"post_tag","embeddable":true,"href":"https:\/\/www.opinionpublica.tv\/portada\/wp-json\/wp\/v2\/tags?post=22866"}],"curies":[{"name":"wp","href":"https:\/\/api.w.org\/{rel}","templated":true}]}}