{"id":22837,"date":"2020-04-04T07:00:00","date_gmt":"2020-04-04T05:00:00","guid":{"rendered":"https:\/\/www.opinionpublica.tv\/portada\/2020\/04\/04\/aumenta-a-13-el-numero-de-casos-de-covid-19-en-chihuahua\/"},"modified":"2020-04-04T07:00:00","modified_gmt":"2020-04-04T05:00:00","slug":"aumenta-a-13-el-numero-de-casos-de-covid-19-en-chihuahua","status":"publish","type":"post","link":"https:\/\/www.opinionpublica.tv\/portada\/aumenta-a-13-el-numero-de-casos-de-covid-19-en-chihuahua\/","title":{"rendered":"Ya son ocho los casos de coronavirus en Ciudad Ju\u00e1rez"},"content":{"rendered":"<p><img fetchpriority=\"high\" decoding=\"async\" class=\" size-full wp-image-22836\" src=\"https:\/\/www.opinionpublica.tv\/portada\/wp-content\/uploads\/2020\/04\/3679cc22798bdc0a7ef0d01bee468343.jpg\" alt=\"\" class=\"caption\" title=\"De los 13 casos confirmados de Covid-19, ocho son de Ciudad Ju\u00e1rez.\" width=\"1824\" height=\"1216\" srcset=\"https:\/\/www.opinionpublica.tv\/portada\/wp-content\/uploads\/2020\/04\/3679cc22798bdc0a7ef0d01bee468343.jpg 1824w, https:\/\/www.opinionpublica.tv\/portada\/wp-content\/uploads\/2020\/04\/3679cc22798bdc0a7ef0d01bee468343-300x200.jpg 300w, https:\/\/www.opinionpublica.tv\/portada\/wp-content\/uploads\/2020\/04\/3679cc22798bdc0a7ef0d01bee468343-1024x683.jpg 1024w, https:\/\/www.opinionpublica.tv\/portada\/wp-content\/uploads\/2020\/04\/3679cc22798bdc0a7ef0d01bee468343-768x512.jpg 768w, https:\/\/www.opinionpublica.tv\/portada\/wp-content\/uploads\/2020\/04\/3679cc22798bdc0a7ef0d01bee468343-1536x1024.jpg 1536w\" sizes=\"(max-width: 1824px) 100vw, 1824px\" \/><br \/>\n<!--more--><\/p>\n<p style=\"text-align: justify;\"><em>Ciudad Ju\u00e1rez, Chih<\/em>.- Las autoridades de la Secretar\u00eda de Salud del Gobierno del Estado, confirmaron un total de 13 casos de COVID-19, de los cuales ocho son de Ju\u00e1rez, cuatro de Chihuahua y uno de Cuauht\u00e9moc, adem\u00e1s se tienen 37 sospechosos.<\/p>\n<p style=\"text-align: justify;\">El director m\u00e9dico de la Zona Norte, Arturo Valenzuela Zorrilla, se\u00f1al\u00f3 que estos 13 casos confirman que el estado se encuentra ya en la fase de dispersi\u00f3n comunitaria, por lo que es preciso redoblar esfuerzos para permanecer en casa, as\u00ed como las dem\u00e1s medidas de prevenci\u00f3n por parte de toda la poblaci\u00f3n.<\/p>\n<p style=\"text-align: justify;\">Precis\u00f3 que a la fecha van 67 casos negativos y uno recuperado, y se cuenta en estos momentos con 37 casos sospechosos; \u201ca estas personas se les orienta para que sigan los protocolos junto con sus familiares, para en caso de que se les confirme la enfermedad, eviten lo m\u00e1s posible la propagaci\u00f3n del virus\u201d, se\u00f1al\u00f3.<\/p>\n<p style=\"text-align: justify;\">Dijo que el 23 por ciento (%) de los casos son graves, es decir, siguen siendo tres las personas que est\u00e1n hospitalizadas y el 77 por ciento son ambulatorios, esto es, que est\u00e1n en sus casas con el seguimiento y las medidas correspondientes.<\/p>\n<p style=\"text-align: justify;\">Valenzuela Zorrilla manifest\u00f3 que de los 13 casos, el 54 % son mujeres y el 46 % hombres; en cuanto a las edades, el 40 % est\u00e1 entre 45 y 64 a\u00f1os de edad, 23 % entre 15 y 19 a\u00f1os, de la misma manera que un 23 % entre 25 y 44 a\u00f1os y un 15 % de 20 a 24 a\u00f1os de edad.<\/p>\n<p style=\"text-align: justify;\">El responsable de la informaci\u00f3n relacionada con el Covid-19 en el estado de Chihuahua, lament\u00f3 que la tasa mundial de mortalidad sigue en aumento, puesto que subi\u00f3 de 5.1 ayer a un 5.2 el d\u00eda de hoy.<\/p>\n<p style=\"text-align: justify;\">Por lo anterior, llam\u00f3 de nuevo a la sociedad en general a permanecer en el hogar, no asistir a lugares concurridos, salir solo para lo esencial, estornudar o toser en la parte interna del brazo y lavar las manos de manera muy frecuente, as\u00ed como el uso de gel con base alcohol.<\/p>\n","protected":false},"excerpt":{"rendered":"","protected":false},"author":6,"featured_media":22836,"comment_status":"open","ping_status":"open","sticky":false,"template":"","format":"standard","meta":{"_acf_changed":false,"_monsterinsights_skip_tracking":false,"slim_seo":{"title":"Ya son ocho los casos de coronavirus en Ciudad Ju\u00e1rez - Opini\u00f3n P\u00fablica","description":"Ciudad Ju\u00e1rez, Chih .- Las autoridades de la Secretar\u00eda de Salud del Gobierno del Estado, confirmaron un total de 13 casos de COVID-19, de los cuales ocho son d"},"footnotes":""},"categories":[5],"tags":[],"class_list":["post-22837","post","type-post","status-publish","format-standard","has-post-thumbnail","hentry","category-frontera"],"acf":[],"_links":{"self":[{"href":"https:\/\/www.opinionpublica.tv\/portada\/wp-json\/wp\/v2\/posts\/22837","targetHints":{"allow":["GET"]}}],"collection":[{"href":"https:\/\/www.opinionpublica.tv\/portada\/wp-json\/wp\/v2\/posts"}],"about":[{"href":"https:\/\/www.opinionpublica.tv\/portada\/wp-json\/wp\/v2\/types\/post"}],"author":[{"embeddable":true,"href":"https:\/\/www.opinionpublica.tv\/portada\/wp-json\/wp\/v2\/users\/6"}],"replies":[{"embeddable":true,"href":"https:\/\/www.opinionpublica.tv\/portada\/wp-json\/wp\/v2\/comments?post=22837"}],"version-history":[{"count":0,"href":"https:\/\/www.opinionpublica.tv\/portada\/wp-json\/wp\/v2\/posts\/22837\/revisions"}],"wp:featuredmedia":[{"embeddable":true,"href":"https:\/\/www.opinionpublica.tv\/portada\/wp-json\/wp\/v2\/media\/22836"}],"wp:attachment":[{"href":"https:\/\/www.opinionpublica.tv\/portada\/wp-json\/wp\/v2\/media?parent=22837"}],"wp:term":[{"taxonomy":"category","embeddable":true,"href":"https:\/\/www.opinionpublica.tv\/portada\/wp-json\/wp\/v2\/categories?post=22837"},{"taxonomy":"post_tag","embeddable":true,"href":"https:\/\/www.opinionpublica.tv\/portada\/wp-json\/wp\/v2\/tags?post=22837"}],"curies":[{"name":"wp","href":"https:\/\/api.w.org\/{rel}","templated":true}]}}