{"id":22830,"date":"2020-04-04T07:00:00","date_gmt":"2020-04-04T05:00:00","guid":{"rendered":"https:\/\/www.opinionpublica.tv\/portada\/2020\/04\/04\/como-anillo-al-dedo-el-peor-comentario-de-amlo-como-presidente-frente-a-una-desgracia-mundial\/"},"modified":"2020-04-04T07:00:00","modified_gmt":"2020-04-04T05:00:00","slug":"como-anillo-al-dedo-el-peor-comentario-de-amlo-como-presidente-frente-a-una-desgracia-mundial","status":"publish","type":"post","link":"https:\/\/www.opinionpublica.tv\/portada\/como-anillo-al-dedo-el-peor-comentario-de-amlo-como-presidente-frente-a-una-desgracia-mundial\/","title":{"rendered":"\u00abComo anillo al dedo\u00bb: el peor comentario de AMLO como presidente frente a una desgracia mundial"},"content":{"rendered":"<p><img fetchpriority=\"high\" decoding=\"async\" class=\" size-full wp-image-22829\" src=\"https:\/\/www.opinionpublica.tv\/portada\/wp-content\/uploads\/2020\/04\/a184017e6828fd6de16348a214f6bad1.jpg\" alt=\"\" class=\"caption\" title=\"Andr\u00e9s Manuel L\u00f3pez Obrador, presidente de M\u00e9xico.\" width=\"800\" height=\"534\" srcset=\"https:\/\/www.opinionpublica.tv\/portada\/wp-content\/uploads\/2020\/04\/a184017e6828fd6de16348a214f6bad1.jpg 800w, https:\/\/www.opinionpublica.tv\/portada\/wp-content\/uploads\/2020\/04\/a184017e6828fd6de16348a214f6bad1-300x200.jpg 300w, https:\/\/www.opinionpublica.tv\/portada\/wp-content\/uploads\/2020\/04\/a184017e6828fd6de16348a214f6bad1-768x513.jpg 768w\" sizes=\"(max-width: 800px) 100vw, 800px\" \/><br \/>\n<!--more--><\/p>\n<p style=\"text-align: justify;\"><em>Ciudad de M\u00e9xico<\/em>.- El registro mundial de contagiados por el coronavirus en el mundo ya rebas\u00f3 el mill\u00f3n. Hasta el viernes\u00a03 de abril, la cuenta de muertos es de 55 mil 132. No hay precedente reciente de una crisis sanitaria de este tama\u00f1o. Habla de la interdependencia entre naciones que son afectadas en su salud y tambi\u00e9n en su econom\u00eda.<\/p>\n<p style=\"text-align: justify;\">En M\u00e9xico, las autoridades sanitarias informaron (3 de abril) que registraron 1 mil 688 casos confirmados de infectados y 60 muertos.<\/p>\n<p style=\"text-align: justify;\">Los empresarios se reunieron con el presidente L\u00f3pez Obrador en Palacio Nacional para tratar de convencerlo de que otorgue apoyos que salven los empleos que generan las micro, peque\u00f1as y medianas empresas.<\/p>\n<p style=\"text-align: justify;\">Los gobernantes en el mundo est\u00e1n preocupados por la salud de sus pueblos y por el futuro en el que su econom\u00eda estar\u00e1 afectada por el freno imprevisto que acabar\u00e1 con miles de peque\u00f1as empresas y para ello disponen apoyos para preservar millones de empleos.<\/p>\n<p style=\"text-align: justify;\">La reacci\u00f3n del presidente L\u00f3pez Obrador ante la contingencia sanitaria y econ\u00f3mica que ya afecta a M\u00e9xico es diferente, \u00e9l es optimista, en su conferencia de prensa ma\u00f1anera expres\u00f3 su convicci\u00f3n:<\/p>\n<p style=\"text-align: justify;\">\u00abVamos a salir adelante. Ayer us\u00e9 por primera vez el t\u00e9rmino \u2018crisis transitoria\u2019. Esto no va a tardar, y vamos a salir fortalecidos. Y vamos a salir fortalecidos porque no nos van a hacer cambiar en nuestro prop\u00f3sito de acabar con la corrupci\u00f3n y de que haya justicia en el pa\u00eds.\u201d<\/p>\n<p style=\"text-align: justify;\">\u201cPor eso vamos a salir fortalecidos, o sea, que nos vino esto como anillo al dedo para afianzar el prop\u00f3sito de la transformaci\u00f3n\u00bb.<\/p>\n<p style=\"text-align: justify;\">El sentir de presidentes y primeros ministros en el mundo es distante al de L\u00f3pez Obrador. La columna Templo Mayor del peri\u00f3dico Reforma public\u00f3:<\/p>\n<p style=\"text-align: justify;\">\u201cAlemania:\u00a0Haremos lo que sea necesario.<\/p>\n<p style=\"text-align: justify;\">Francia:\u00a0Estamos en guerra, no contra otra naci\u00f3n ni contra otro ejercito; es una guerra sanitaria.<\/p>\n<p style=\"text-align: justify;\">Espa\u00f1a:\u00a0El enemigo es el virus. Llamo a la unidad pol\u00edtica y ciudadana. Una pandemia no distingue colores e ideas y debe ser combatida por todos.<\/p>\n<p style=\"text-align: justify;\">Colombia:\u00a0Es el mayor desaf\u00edo de la humanidad en tiempos recientes.<\/p>\n<p style=\"text-align: justify;\">Israel:\u00a0El coronavirus se une a las epidemias mortales que han azotado a la humanidad. La peste negra, el c\u00f3lera y la viruela espa\u00f1ola.<\/p>\n<p style=\"text-align: justify;\">Italia:\u00a0Nos podr\u00e1 separar una puerta, un balc\u00f3n o una calle. Pero nada ni nadie podr\u00e1 separar nuestros corazones.<\/p>\n<p style=\"text-align: justify;\">El muy personal optimismo de L\u00f3pez Obrador frente a la crisis sanitaria y econ\u00f3mica a la que va entrando M\u00e9xico no corresponde a la reacci\u00f3n de un hombre de Estado. Es la reacci\u00f3n de un pol\u00edtico que solo tiene en mente la consolidaci\u00f3n de su proyecto de pa\u00eds. Es la oportunidad que las circunstancias le ofrecen para ampliar su base electoral y por eso es que, lo que para unos es una crisis, para \u00e9l es una oportunidad. La oportunidad para consolidar lo que llama Cuarta Transformaci\u00f3n.<\/p>\n<p style=\"text-align: justify;\">La expresi\u00f3n de L\u00f3pez Obrador de que esta crisis le \u201cvino como anillo al dedo\u201d fue criticada en redes sociales. \u00a0La periodista Denise Dresser public\u00f3 en su twitter: \u201cSi AMLO no toma con m\u00e1s seriedad la crisis que se avecina, e instrumenta medidas econ\u00f3micas y sanitarias de mayor contundencia, la \u00fanica transformaci\u00f3n que vendr\u00e1 \u201ccomo anillo al dedo\u201d ser\u00e1 la de dejar un pa\u00eds con 82 millones de pobres.\u201d<\/p>\n<p style=\"text-align: justify;\">Jorge Berri, periodista, public\u00f3: \u201cEste es otro comentario que deber\u00eda ganarle un boleto a un hospital siqui\u00e1trico. A nadie le viene \u201ccomo anillo al dedo\u201d una crisis de este tama\u00f1o. Ya perdi\u00f3 todo sentido de la realidad. \u00bfNadie en su equipo lo cuestiona? \u00bfNo se atreven? \u00bfLe tienen miedo?\u201d<\/p>\n<p style=\"text-align: justify;\">Pascal Beltr\u00e1n del Rio public\u00f3: \u201cO sea que nos vino esto como anillo al dedo para afianzar el prop\u00f3sito de la transformaci\u00f3n&#8230;\u201d Es decir, no importa cu\u00e1ntos mueran y cu\u00e1ntos se queden sin empleo. Lo importante es su \u201ctransformaci\u00f3n\u201d. (Yahoo)<\/p>\n","protected":false},"excerpt":{"rendered":"","protected":false},"author":6,"featured_media":22829,"comment_status":"open","ping_status":"open","sticky":false,"template":"","format":"standard","meta":{"_acf_changed":false,"_monsterinsights_skip_tracking":false,"slim_seo":{"title":"\"Como anillo al dedo\": el peor comentario de AMLO como presidente frente a una desgracia mundial - Opini\u00f3n P\u00fablica","description":"Ciudad de M\u00e9xico .- El registro mundial de contagiados por el coronavirus en el mundo ya rebas\u00f3 el mill\u00f3n. Hasta el viernes\u00a03 de abril, la cuenta de muertos es"},"footnotes":""},"categories":[11],"tags":[],"class_list":["post-22830","post","type-post","status-publish","format-standard","has-post-thumbnail","hentry","category-tendencias"],"acf":[],"_links":{"self":[{"href":"https:\/\/www.opinionpublica.tv\/portada\/wp-json\/wp\/v2\/posts\/22830","targetHints":{"allow":["GET"]}}],"collection":[{"href":"https:\/\/www.opinionpublica.tv\/portada\/wp-json\/wp\/v2\/posts"}],"about":[{"href":"https:\/\/www.opinionpublica.tv\/portada\/wp-json\/wp\/v2\/types\/post"}],"author":[{"embeddable":true,"href":"https:\/\/www.opinionpublica.tv\/portada\/wp-json\/wp\/v2\/users\/6"}],"replies":[{"embeddable":true,"href":"https:\/\/www.opinionpublica.tv\/portada\/wp-json\/wp\/v2\/comments?post=22830"}],"version-history":[{"count":0,"href":"https:\/\/www.opinionpublica.tv\/portada\/wp-json\/wp\/v2\/posts\/22830\/revisions"}],"wp:featuredmedia":[{"embeddable":true,"href":"https:\/\/www.opinionpublica.tv\/portada\/wp-json\/wp\/v2\/media\/22829"}],"wp:attachment":[{"href":"https:\/\/www.opinionpublica.tv\/portada\/wp-json\/wp\/v2\/media?parent=22830"}],"wp:term":[{"taxonomy":"category","embeddable":true,"href":"https:\/\/www.opinionpublica.tv\/portada\/wp-json\/wp\/v2\/categories?post=22830"},{"taxonomy":"post_tag","embeddable":true,"href":"https:\/\/www.opinionpublica.tv\/portada\/wp-json\/wp\/v2\/tags?post=22830"}],"curies":[{"name":"wp","href":"https:\/\/api.w.org\/{rel}","templated":true}]}}