{"id":22826,"date":"2020-04-04T07:00:00","date_gmt":"2020-04-04T05:00:00","guid":{"rendered":"https:\/\/www.opinionpublica.tv\/portada\/2020\/04\/04\/el-nuevo-estado-de-bienestar-mexicano\/"},"modified":"2020-04-04T07:00:00","modified_gmt":"2020-04-04T05:00:00","slug":"el-nuevo-estado-de-bienestar-mexicano","status":"publish","type":"post","link":"https:\/\/www.opinionpublica.tv\/portada\/el-nuevo-estado-de-bienestar-mexicano\/","title":{"rendered":"El nuevo estado de bienestar mexicano"},"content":{"rendered":"<img fetchpriority=\"high\" decoding=\"async\" class=\" size-full wp-image-22825\" src=\"https:\/\/www.opinionpublica.tv\/portada\/wp-content\/uploads\/2020\/04\/0d070842974eca3dc1c68e4385434054.jpg\" alt=\"\" class=\"caption\" title=\"Jorge G. Casta\u00f1eda.\" width=\"225\" height=\"225\" srcset=\"https:\/\/www.opinionpublica.tv\/portada\/wp-content\/uploads\/2020\/04\/0d070842974eca3dc1c68e4385434054.jpg 225w, https:\/\/www.opinionpublica.tv\/portada\/wp-content\/uploads\/2020\/04\/0d070842974eca3dc1c68e4385434054-150x150.jpg 150w\" sizes=\"(max-width: 225px) 100vw, 225px\" \/>\n<p style=\"text-align: justify;\">A unas horas de que el gobierno de M\u00e9xico anuncie \u2014con varias semanas de retraso\u2014 su plan de respuesta econ\u00f3mica \u2014ya no monetaria, sino fiscal\u2014 a la crisis del coronavirus, contamos con varios ejemplos de lo que se est\u00e1 haciendo en el resto del mundo. Ya s\u00e9 que eso no nos importa, seg\u00fan L\u00f3pez Obrador, pero una r\u00e1pida rese\u00f1a de las opciones disponibles puede resultar interesante, aunque solo fuera por motivos de curiosidad intelectual.<\/p>\n<p><!--more--><\/p>\n<p style=\"text-align: justify;\">Existen, si queremos simplificar al extremo, dos modelos de respuesta a los efectos econ\u00f3micos de la pandemia. El primero, de Estados Unidos, consiste en entregarle dinero a la gente \u2014poco, y por poco tiempo\u2014 ampliar el plazo del seguro contra el desempleo, extender cr\u00e9ditos a empresas \u2014Pymes, pero tambi\u00e9n las aerol\u00edneas, por ejemplo\u2014 y, muy pronto, un programa de reactivaci\u00f3n basado en la infraestructura.<\/p>\n<p style=\"text-align: justify;\">No se apuesta a conservar el empleo; el n\u00famero de solicitudes de pago del seguro super\u00f3 los diez millones durante las \u00faltimas dos semanas. Se busca sostener el consumo privado, evitar lo peor y esperar unas cuantas semanas y que la inyecci\u00f3n de liquidez y de gasto a la econom\u00eda baste para echarla a andar de nuevo cuando pase la pandemia.<\/p>\n<p style=\"text-align: justify;\">En cambio, como lo ilustra en particular un largo art\u00edculo de\u00a0<em>The New York Times<\/em>\u00a0de este jueves, Francia, junto con varios otros pa\u00edses de Europa occidental \u2014Alemania, Reino Unido, Holanda, Dinamarca\u2014 han seguido un camino muy distinto (Ver \u201c<a href=\"https:\/\/www.nytimes.com\/2020\/04\/01\/business\/france-coronavirus-unemployment.html?referringSource=articleShare\">France Tries Limiting Joblessness to Confront Coronavirus Recession<\/a>\u201d.<\/p>\n<p style=\"text-align: justify;\">B\u00e1sicamente, decidieron proteger el empleo en lugar de proteger a los desempleados. El gobierno franc\u00e9s paga 80% de los salarios de cualquier empresa en dificultades; la empresa la otra quinta parte.<\/p>\n<p style=\"text-align: justify;\">Esto va desde los 140 mil empleados de\u00a0<em>A\u00e9roports de Paris<\/em>\u00a0\u2014los vuelos en CDG y Orly han ca\u00eddo 90\u202f%\u2014 hasta Pymes de cincuenta o menos empleados. El programa cuesta 50 mil millones de d\u00f3lares, y se acompa\u00f1a de unos 350 mil millones m\u00e1s en cr\u00e9ditos garantizados por el Estado. Nadie pierde su empleo; el esquema puede durar varios meses; pero cuando la econom\u00eda se reactive, las empresas tardar\u00e1n mucho menos en volver a echar a andar sus actividades.<\/p>\n<p style=\"text-align: justify;\">No quebrar\u00e1n, ni tendr\u00e1n que recontratar, o a recapacitar a sus trabajadores.<\/p>\n<p style=\"text-align: justify;\">M\u00e1s de 3.6 millones de franceses ya se encuentran protegidos por el programa, que seg\u00fan el\u00a0<em>Times<\/em>\u00a0se inspira en dos fuentes. Primero, en la experiencia de la crisis de 2009, cuando el gobierno actu\u00f3 de manera diferente, y el desempleo pronto lleg\u00f3 al 10\u202f% (medido como en los pa\u00edses normales), y all\u00ed se mantuvo durante m\u00e1s de cinco a\u00f1os.<\/p>\n<p style=\"text-align: justify;\">Parte tambi\u00e9n del esquema alem\u00e1n de\u00a0<em>Kurzarbeitergeld<\/em>, o financiamiento de trabajo de corto plazo, que se utiliz\u00f3 en 2009 y permiti\u00f3 reducir el desempleo poco despu\u00e9s de la crisis financiera.<\/p>\n<p style=\"text-align: justify;\">Es cierto que el sistema europeo de bienestar permite este tipo de mecanismos m\u00e1s f\u00e1cilmente que el estadounidense. En estos pa\u00edses, el seguro de desempleo cubre un porcentaje m\u00e1s elevado del salario anterior, durante m\u00e1s tiempo. Asimismo, se mantiene la cobertura de salud. De modo que el desembolso neto del Estado no es mucho mayor, a condici\u00f3n de que la crisis no pase de unos cuantos meses.<\/p>\n<p style=\"text-align: justify;\">La gran diferencia con el deficiente estado de bienestar norteamericano radica en la tranquilidad de la fuerza de trabajo: gracias a los impuestos pagados por todos, a d\u00e9ficits mucho m\u00e1s elevados permitidos por Bruselas, y a una mayor solidaridad social, nadie sufre la humillaci\u00f3n de perder su trabajo.<\/p>\n<p style=\"text-align: justify;\">En M\u00e9xico, por el momento, se le est\u00e1 pidiendo a las empresas, grandes, medianas y peque\u00f1as, que mantengan un programa como el franc\u00e9s, durante un mes, de su propio bolsillo. Ni el Estado pagar\u00e1 un seguro de desempleo inexistente, ni subsidiar\u00e1 una parte de los salarios de trabajadores que no trabajan.<\/p>\n<p style=\"text-align: justify;\">Algunas empresas -Slim, seg\u00fan AMLO- las cementeras, seg\u00fan su C\u00e1mara, Alejandro Ram\u00edrez de\u00a0<em>Cin\u00e9polis<\/em>, seg\u00fan las redes sociales, han aceptado este arreglo. Veremos si las automotrices \u2014casi un mill\u00f3n de empleos\u2014 las tiendas departamentales \u2014casi medio mill\u00f3n\u2014 las grandes constructoras, aceptan al final del d\u00eda un esquema \u00fanico en el mundo.<\/p>\n<p style=\"text-align: justify;\">Se trata de un estado de bienestar financiado en su totalidad por el capital, por primera vez en la historia.\u00a0<em>Good luck with that.<\/em><\/p>\n","protected":false},"excerpt":{"rendered":"<p>A unas horas de que el gobierno de M\u00e9xico anuncie \u2014con varias semanas de retraso\u2014 su plan de respuesta econ\u00f3mica \u2014ya no monetaria, sino fiscal\u2014 a la crisis del coronavirus, contamos con varios ejemplos de lo que se est\u00e1 haciendo en el resto del mundo. Ya s\u00e9 que eso no nos importa, seg\u00fan L\u00f3pez Obrador, [&hellip;]<\/p>\n","protected":false},"author":6,"featured_media":22825,"comment_status":"open","ping_status":"open","sticky":false,"template":"","format":"standard","meta":{"_acf_changed":false,"_monsterinsights_skip_tracking":false,"slim_seo":{"title":"El nuevo estado de bienestar mexicano - Opini\u00f3n P\u00fablica","description":"A unas horas de que el gobierno de M\u00e9xico anuncie \u2014con varias semanas de retraso\u2014 su plan de respuesta econ\u00f3mica \u2014ya no monetaria, sino fiscal\u2014 a la crisis del"},"footnotes":""},"categories":[18],"tags":[],"class_list":["post-22826","post","type-post","status-publish","format-standard","has-post-thumbnail","hentry","category-castaneda-opina"],"acf":[],"_links":{"self":[{"href":"https:\/\/www.opinionpublica.tv\/portada\/wp-json\/wp\/v2\/posts\/22826","targetHints":{"allow":["GET"]}}],"collection":[{"href":"https:\/\/www.opinionpublica.tv\/portada\/wp-json\/wp\/v2\/posts"}],"about":[{"href":"https:\/\/www.opinionpublica.tv\/portada\/wp-json\/wp\/v2\/types\/post"}],"author":[{"embeddable":true,"href":"https:\/\/www.opinionpublica.tv\/portada\/wp-json\/wp\/v2\/users\/6"}],"replies":[{"embeddable":true,"href":"https:\/\/www.opinionpublica.tv\/portada\/wp-json\/wp\/v2\/comments?post=22826"}],"version-history":[{"count":0,"href":"https:\/\/www.opinionpublica.tv\/portada\/wp-json\/wp\/v2\/posts\/22826\/revisions"}],"wp:featuredmedia":[{"embeddable":true,"href":"https:\/\/www.opinionpublica.tv\/portada\/wp-json\/wp\/v2\/media\/22825"}],"wp:attachment":[{"href":"https:\/\/www.opinionpublica.tv\/portada\/wp-json\/wp\/v2\/media?parent=22826"}],"wp:term":[{"taxonomy":"category","embeddable":true,"href":"https:\/\/www.opinionpublica.tv\/portada\/wp-json\/wp\/v2\/categories?post=22826"},{"taxonomy":"post_tag","embeddable":true,"href":"https:\/\/www.opinionpublica.tv\/portada\/wp-json\/wp\/v2\/tags?post=22826"}],"curies":[{"name":"wp","href":"https:\/\/api.w.org\/{rel}","templated":true}]}}