{"id":22820,"date":"2020-04-03T07:00:00","date_gmt":"2020-04-03T05:00:00","guid":{"rendered":"https:\/\/www.opinionpublica.tv\/portada\/2020\/04\/03\/desperto-de-su-trance\/"},"modified":"2020-04-03T07:00:00","modified_gmt":"2020-04-03T05:00:00","slug":"desperto-de-su-trance","status":"publish","type":"post","link":"https:\/\/www.opinionpublica.tv\/portada\/desperto-de-su-trance\/","title":{"rendered":"Despert\u00f3 de su trance"},"content":{"rendered":"<img fetchpriority=\"high\" decoding=\"async\" class=\" size-full wp-image-22819\" src=\"https:\/\/www.opinionpublica.tv\/portada\/wp-content\/uploads\/2020\/04\/093c3c3b413a9b63c2da8129709e5cf4.jpg\" alt=\"\" class=\"caption\" title=\"Ra\u00fal Ruiz G\u00f3mez.\" width=\"245\" height=\"262\" \/>\n<p style=\"text-align: justify;\">En entrega anterior, les coment\u00e9, que mi anacoreta de cabecera, hab\u00eda ca\u00eddo en trance, para hacer 2 cosas imperativas:<\/p>\n<p><!--more--><\/p>\n<p>1. Practicar sus ejercicios de meditaci\u00f3n y, 2. Reconectar con las fuerzas alien\u00edgenas que vendr\u00e1n en el 38 a salvar a la humanidad. \u00bfRecuerdan?<\/p>\n<p style=\"text-align: justify;\">Hube de esperar 72 horas para que \u00abregresara\u00bb de su viaje astral, y poder recuperar nuestra conversaci\u00f3n.<\/p>\n<p style=\"text-align: justify;\">El primer tema que pusimos sobre la mesa fue el an\u00e1lisis del editorial que public\u00f3 Federico Reyes Heroles el pasado martes 31 de marzo en el peri\u00f3dico Exc\u00e9lsior, bajo el t\u00edtulo de: COLAPSO.<\/p>\n<p style=\"text-align: justify;\">Una pieza editorial cargada de embustes, y verdades a medias. Un misil que fue \u00abarmado\u00bb con la retah\u00edla de aseveraciones que el equipo de intelectuales org\u00e1nicos al servicio de Claudio X Gonz\u00e1lez repiten en todos los medios y redes sociales, para provocar el &#8216;colapso&#8217; que anuncia este editorialista.<\/p>\n<p style=\"text-align: justify;\">Cuando le pregunt\u00e9 su opini\u00f3n, frunci\u00f3 el ce\u00f1o, me tir\u00f3 una flam\u00edgera mirada y me dijo:<\/p>\n<p style=\"text-align: justify;\">\u00bfCrees que vale la pena leer a Reyes Heroles? Uno m\u00e1s de los intelectuales org\u00e1nicos del sistema neoliberal.<\/p>\n<p style=\"text-align: justify;\">Dice lo mismo que dicen todos los d\u00edas, Ricardo Alem\u00e1n, Loret de Mola, Pablo Iriart. Riva Palacio, y todos aquellos que son simplemente los que fueron bajados de la nomina de la presidencia.<\/p>\n<p style=\"text-align: justify;\">Escriben lo mismo todos los fan\u00e1ticos del culto al Mercado.<\/p>\n<p style=\"text-align: justify;\">Para ellos cualquier desviaci\u00f3n del modelo neoliberal es pecado de lesa humanidad.<\/p>\n<p style=\"text-align: justify;\">Sus opiniones forman parte del asedio medi\u00e1tico a AMLO y su 4T. Todos los \u00abintelectuales\u00bb de \u00abNexos\u00bb y \u00abLetra Libres\u00bb (salvo excepciones) son enemigos abiertos de cualquier rasgo de \u00abpopulismo\u00bb, lo que para ellos es el t\u00e9rmino maldito. (Cuba, Venezuela, Nicaragua, un poco antes Brasil, Argentina, Ecuador y Bolivia).<\/p>\n<p style=\"text-align: justify;\">La columna de Reyes Heroles, est\u00e1 llena de tremendismo, exageraciones y verdades a medias. El objetivo es tirar con un \u00abgolpe blando\u00bb al gobierno de la 4T.<\/p>\n<p style=\"text-align: justify;\">Le apuestan al da\u00f1o que causa el manejo del rumor.<\/p>\n<p style=\"text-align: justify;\">Los mismos que ahora atacan con ferocidad a AMLO fueron c\u00f3mplices de los gobiernos de los \u00faltimos 18 a\u00f1os. Ah\u00ed est\u00e1n sus viejas columnas que los delatan.<\/p>\n<p style=\"text-align: justify;\">Pero en fin&#8230; Estos que forman la \u00e9lite intelectual de la ciencia pol\u00edtica se han descarado como simples golpeadores.<\/p>\n<p style=\"text-align: justify;\">Se les cay\u00f3 el brillo que tuvieron. No escriben con rigor, descaradamente usan la mentira y las imprecisiones deliberadas para sostener la hegemon\u00eda cultural del modelo neoliberal (Para ellos \u00abliberalismo\u00bb); Incluye tambi\u00e9n a Jes\u00fas Silva Herzog M\u00e1rquez en esta piara de jabal\u00edes.<\/p>\n<p style=\"text-align: justify;\">Neta, el sistema del Prian, se agot\u00f3 por corruptos. Sus reformas estructurales han sido con simpleza desmantelar al estado.<\/p>\n<p style=\"text-align: justify;\">Privatizar. Precarizar el trabajo. Obligar al estado a cuidar su d\u00e9ficit fiscal, en suma, adoran al Dios Mercado.<\/p>\n<p style=\"text-align: justify;\">La tendencia pol\u00edtica de la 4T no es nueva, ha sido ensayada en otros pa\u00edses de Latinoam\u00e9rica. Todas las medidas de estos intelectuales son marcadas por el FMI, El Banco Mundial y el Banco de la Reserva Federal en EU. Y falso que estos organismos multilaterales busquen el \u00abbien com\u00fan\u00bb, s\u00f3lo les interesa la ganancia. Las utilidades. Controlar la globalizaci\u00f3n. Est\u00e1 claro, muy claro, que en los pa\u00edses que siguen conservando el \u00abestado de bienestar\u00bb, de Keynes, son los que tienen mejores niveles de vida del mundo (obvio, con altos impuestos a la renta) Dinamarca, Suecia, Noruega, Islandia, Holanda, en fin el norte de Europa. Ah\u00ed no ha podido el monstruo del neoliberalismo desmontar el estado de bienestar. (Modelo que sac\u00f3 a los EU de la gran depresi\u00f3n del 29-33, y que permiti\u00f3 el<\/p>\n<p style=\"text-align: justify;\">american way of life con una pr\u00f3spera clase media.<\/p>\n<p style=\"text-align: justify;\">No hay m\u00e1s&#8230; a menos que nos vayamos a vivir a Suecia&#8230;. \u00a1Es lo que hay!, con eso se trabaja, pero creo firmemente que traen br\u00fajula, con todos los vicios y deuda que dejaron los anteriores.<\/p>\n<p style=\"text-align: justify;\">Son lo menos malo que hay en la pol\u00edtica del pa\u00eds. No hay m\u00e1s.<\/p>\n<p style=\"text-align: justify;\">Y cerr\u00f3 el Skype.<\/p>\n","protected":false},"excerpt":{"rendered":"<p>En entrega anterior, les coment\u00e9, que mi anacoreta de cabecera, hab\u00eda ca\u00eddo en trance, para hacer 2 cosas imperativas:<\/p>\n","protected":false},"author":6,"featured_media":22819,"comment_status":"open","ping_status":"open","sticky":false,"template":"","format":"standard","meta":{"_acf_changed":false,"_monsterinsights_skip_tracking":false,"slim_seo":{"title":"Despert\u00f3 de su trance - Opini\u00f3n P\u00fablica","description":"En entrega anterior, les coment\u00e9, que mi anacoreta de cabecera, hab\u00eda ca\u00eddo en trance, para hacer 2 cosas imperativas: 1. Practicar sus ejercicios de meditaci\u00f3n"},"footnotes":""},"categories":[21],"tags":[],"class_list":["post-22820","post","type-post","status-publish","format-standard","has-post-thumbnail","hentry","category-cartapacio"],"acf":[],"_links":{"self":[{"href":"https:\/\/www.opinionpublica.tv\/portada\/wp-json\/wp\/v2\/posts\/22820","targetHints":{"allow":["GET"]}}],"collection":[{"href":"https:\/\/www.opinionpublica.tv\/portada\/wp-json\/wp\/v2\/posts"}],"about":[{"href":"https:\/\/www.opinionpublica.tv\/portada\/wp-json\/wp\/v2\/types\/post"}],"author":[{"embeddable":true,"href":"https:\/\/www.opinionpublica.tv\/portada\/wp-json\/wp\/v2\/users\/6"}],"replies":[{"embeddable":true,"href":"https:\/\/www.opinionpublica.tv\/portada\/wp-json\/wp\/v2\/comments?post=22820"}],"version-history":[{"count":0,"href":"https:\/\/www.opinionpublica.tv\/portada\/wp-json\/wp\/v2\/posts\/22820\/revisions"}],"wp:featuredmedia":[{"embeddable":true,"href":"https:\/\/www.opinionpublica.tv\/portada\/wp-json\/wp\/v2\/media\/22819"}],"wp:attachment":[{"href":"https:\/\/www.opinionpublica.tv\/portada\/wp-json\/wp\/v2\/media?parent=22820"}],"wp:term":[{"taxonomy":"category","embeddable":true,"href":"https:\/\/www.opinionpublica.tv\/portada\/wp-json\/wp\/v2\/categories?post=22820"},{"taxonomy":"post_tag","embeddable":true,"href":"https:\/\/www.opinionpublica.tv\/portada\/wp-json\/wp\/v2\/tags?post=22820"}],"curies":[{"name":"wp","href":"https:\/\/api.w.org\/{rel}","templated":true}]}}