{"id":22802,"date":"2020-04-02T07:00:00","date_gmt":"2020-04-02T05:00:00","guid":{"rendered":"https:\/\/www.opinionpublica.tv\/portada\/2020\/04\/02\/anuncia-gas-natural-mes-gratis-de-consumo-a-50-de-usuarios-por-covid-19-en-juarez\/"},"modified":"2020-04-02T07:00:00","modified_gmt":"2020-04-02T05:00:00","slug":"anuncia-gas-natural-mes-gratis-de-consumo-a-50-de-usuarios-por-covid-19-en-juarez","status":"publish","type":"post","link":"https:\/\/www.opinionpublica.tv\/portada\/anuncia-gas-natural-mes-gratis-de-consumo-a-50-de-usuarios-por-covid-19-en-juarez\/","title":{"rendered":"Anuncia Gas Natural mes gratis de consumo a 50% de usuarios por Covid-19 en Ju\u00e1rez"},"content":{"rendered":"<p><img fetchpriority=\"high\" decoding=\"async\" class=\" size-full wp-image-22801\" src=\"https:\/\/www.opinionpublica.tv\/portada\/wp-content\/uploads\/2020\/04\/6b977e88b6a0ce6c80fcef7ddf27b55d.jpg\" alt=\"\" class=\"caption\" title=\"Los usuarios deben estar al corriente y registrarse en la p\u00e1gina web de Gas Natural del Norte.\" width=\"782\" height=\"521\" srcset=\"https:\/\/www.opinionpublica.tv\/portada\/wp-content\/uploads\/2020\/04\/6b977e88b6a0ce6c80fcef7ddf27b55d.jpg 782w, https:\/\/www.opinionpublica.tv\/portada\/wp-content\/uploads\/2020\/04\/6b977e88b6a0ce6c80fcef7ddf27b55d-300x200.jpg 300w, https:\/\/www.opinionpublica.tv\/portada\/wp-content\/uploads\/2020\/04\/6b977e88b6a0ce6c80fcef7ddf27b55d-768x512.jpg 768w\" sizes=\"(max-width: 782px) 100vw, 782px\" \/><br \/>\n<!--more--><\/p>\n<p style=\"text-align: justify;\"><em>Ciudad Ju\u00e1rez<\/em>.- Para apoyar la econom\u00eda de miles de juarenses durante la contingencia del Covid-19, la empresa Gas Natural del Norte y Fundaci\u00f3n del Grupo Imperial anunciaron que otorgar\u00e1n un mes de consumo gratuito al 50 por ciento de sus usuarios.<\/p>\n<p style=\"text-align: justify;\">Antonio Ruiz N\u00e1jera, director de esta empresa, explic\u00f3 que para ser considerado dentro de este beneficio los usuarios deben de cumplir con dos requisitos.\u00a0<\/p>\n<p style=\"text-align: justify;\">Primero estar al corriente con sus pagos e ingresar a www.gasnn.com y llenar el registro lo antes posible con n\u00famero de cuenta, nombre de titular, n\u00famero de celular y correo electr\u00f3nico.<\/p>\n<p style=\"text-align: justify;\">Los usuarios que cumplan con los requisitos podr\u00e1n ser considerados, pero ser\u00e1n seleccionados aleatoriamente por el n\u00famero del sector y la nota de consumo de marzo, abril o mayo, obteniendo el beneficio por una sola ocasi\u00f3n.<\/p>\n<p style=\"text-align: justify;\">La selecci\u00f3n aleatoria ser\u00e1 por medio del n\u00famero del sector de la ciudad a la que pertenecen y dar\u00e1 fe de la misma, un notario p\u00fablico.<\/p>\n<p style=\"text-align: justify;\">Dicho sector est\u00e1 ubicado en la parte superior izquierda del recibo y son los primeros dos d\u00edgitos del n\u00famero de zona.<\/p>\n<p style=\"text-align: justify;\">\u201cEn Ciudad Ju\u00e1rez y mundo vivimos un momento complicado, la pandemia del coronavirus afecta nuestra salud, la de nuestra familia, nuestras empresas y nuestra econom\u00eda\u201d, se\u00f1al\u00f3.<\/p>\n<p style=\"text-align: justify;\">Ruiz N\u00e1jera mencion\u00f3 que como empresa socialmente responsable y comprometida quiere ayudar en este momento tan delicado de la econom\u00eda.<\/p>\n<p style=\"text-align: justify;\">Agreg\u00f3 que los sectores que corresponden al mes, ser\u00e1n publicados en los diarios de la ciudad, en la p\u00e1gina web www.gasnn.com y en las sucursales, el primer lunes de cada mes.<\/p>\n","protected":false},"excerpt":{"rendered":"","protected":false},"author":6,"featured_media":22801,"comment_status":"open","ping_status":"open","sticky":false,"template":"","format":"standard","meta":{"_acf_changed":false,"_monsterinsights_skip_tracking":false,"slim_seo":{"title":"Anuncia Gas Natural mes gratis de consumo a 50% de usuarios por Covid-19 en Ju\u00e1rez - Opini\u00f3n P\u00fablica","description":"Ciudad Ju\u00e1rez .- Para apoyar la econom\u00eda de miles de juarenses durante la contingencia del Covid-19, la empresa Gas Natural del Norte y Fundaci\u00f3n del Grupo Impe"},"footnotes":""},"categories":[3],"tags":[],"class_list":["post-22802","post","type-post","status-publish","format-standard","has-post-thumbnail","hentry","category-principal"],"acf":[],"_links":{"self":[{"href":"https:\/\/www.opinionpublica.tv\/portada\/wp-json\/wp\/v2\/posts\/22802","targetHints":{"allow":["GET"]}}],"collection":[{"href":"https:\/\/www.opinionpublica.tv\/portada\/wp-json\/wp\/v2\/posts"}],"about":[{"href":"https:\/\/www.opinionpublica.tv\/portada\/wp-json\/wp\/v2\/types\/post"}],"author":[{"embeddable":true,"href":"https:\/\/www.opinionpublica.tv\/portada\/wp-json\/wp\/v2\/users\/6"}],"replies":[{"embeddable":true,"href":"https:\/\/www.opinionpublica.tv\/portada\/wp-json\/wp\/v2\/comments?post=22802"}],"version-history":[{"count":0,"href":"https:\/\/www.opinionpublica.tv\/portada\/wp-json\/wp\/v2\/posts\/22802\/revisions"}],"wp:featuredmedia":[{"embeddable":true,"href":"https:\/\/www.opinionpublica.tv\/portada\/wp-json\/wp\/v2\/media\/22801"}],"wp:attachment":[{"href":"https:\/\/www.opinionpublica.tv\/portada\/wp-json\/wp\/v2\/media?parent=22802"}],"wp:term":[{"taxonomy":"category","embeddable":true,"href":"https:\/\/www.opinionpublica.tv\/portada\/wp-json\/wp\/v2\/categories?post=22802"},{"taxonomy":"post_tag","embeddable":true,"href":"https:\/\/www.opinionpublica.tv\/portada\/wp-json\/wp\/v2\/tags?post=22802"}],"curies":[{"name":"wp","href":"https:\/\/api.w.org\/{rel}","templated":true}]}}