{"id":22796,"date":"2020-04-01T07:00:00","date_gmt":"2020-04-01T05:00:00","guid":{"rendered":"https:\/\/www.opinionpublica.tv\/portada\/2020\/04\/01\/aplaza-ine-elecciones-en-coahuila-e-hidalgo-por-coronavirus\/"},"modified":"2020-04-01T07:00:00","modified_gmt":"2020-04-01T05:00:00","slug":"aplaza-ine-elecciones-en-coahuila-e-hidalgo-por-coronavirus","status":"publish","type":"post","link":"https:\/\/www.opinionpublica.tv\/portada\/aplaza-ine-elecciones-en-coahuila-e-hidalgo-por-coronavirus\/","title":{"rendered":"Aplaza INE elecci\u00f3n en Hidalgo y Coahuila por coronavirus"},"content":{"rendered":"<p><img fetchpriority=\"high\" decoding=\"async\" class=\" size-full wp-image-22795\" src=\"https:\/\/www.opinionpublica.tv\/portada\/wp-content\/uploads\/2020\/04\/981303176170ea772cb11c4af81adf2a.jpg\" alt=\"\" class=\"caption\" title=\"La contingencia del Covid-19 no permite organizar a tiempo esos procesos electorales.\" width=\"255\" height=\"197\" \/><br \/>\n<!--more--><\/p>\n<p style=\"text-align: justify;\"><em>Ciudad de M\u00e9xico<\/em>.- Como consecuencia de la contingencia por la propagaci\u00f3n de COVID-19, las elecciones en\u00a0Coahuila e Hidalgo\u00a0ser\u00e1n aplazadas, incluyendo la jornada electoral, inform\u00f3 este mi\u00e9rcoles el Instituto Nacional Electoral (INE).<\/p>\n<p style=\"text-align: justify;\">El proyecto fue aprobado en lo general, mientras que en lo particular recibi\u00f3 con diez votos a favor y uno en contra.<\/p>\n<p style=\"text-align: justify;\">\u201cLas elecciones se pospondr\u00e1n hasta que existan las condiciones sanitarias para el adecuado ejercicio de los derechos pol\u00edticos\u201d, dijo Lorenzo C\u00f3rdova, presidente del INE.<\/p>\n<p style=\"text-align: justify;\">No se est\u00e1n suspendiendo las elecciones, se est\u00e1n posponiendo hasta que existan las condiciones en el contexto p\u00fablico para que se lleven a cabo, afirm\u00f3 C\u00f3rdova durante el Consejo General de este mi\u00e9rcoles.<\/p>\n<p style=\"text-align: justify;\">Agreg\u00f3 que se trata de una decisi\u00f3n que se basa en dos fundamentos: la declaraci\u00f3n de emergencia sanitaria y el consenso pol\u00edtico que existe en este momento.<\/p>\n<p style=\"text-align: justify;\">El pr\u00f3ximo 7 de junio Coahuila renovar\u00eda su Congreso local, eligiendo 16 diputados por mayor\u00eda y nueve por representaci\u00f3n proporcional. En tanto, Hidalgo elegir\u00eda 84 ayuntamientos.<\/p>\n<p style=\"text-align: justify;\">La sesi\u00f3n extraordinaria del Consejo General del INE, -con 11 consejeros, el secretario ejecutivo y 14 representantes de partidos y del Poder Legislativo-, se realiz\u00f3 de manera virtual.<\/p>\n<p style=\"text-align: justify;\">El Gobierno de M\u00e9xico decret\u00f3 el lunes la emergencia sanitaria por causa de fuerza mayor ante la epidemia del nuevo coronavirus en el pa\u00eds, medida que ser\u00e1 aplicada hasta el 30 de abril.<\/p>\n<p style=\"text-align: justify;\">En M\u00e9xico suman mil 215 casos confirmados de coronavirus y 29 muertos, de acuerdo con el \u00faltimo reporte de la Secretar\u00eda de Salud federal. Mientras que en el mundo son m\u00e1s de 910 mil casos confirmados y m\u00e1s de 45 mil muertes.<\/p>\n<p style=\"text-align: justify;\"><em>Con informaci\u00f3n de Notimex<\/em>.<\/p>\n","protected":false},"excerpt":{"rendered":"","protected":false},"author":6,"featured_media":22795,"comment_status":"open","ping_status":"open","sticky":false,"template":"","format":"standard","meta":{"_acf_changed":false,"_monsterinsights_skip_tracking":false,"slim_seo":{"title":"Aplaza INE elecci\u00f3n en Hidalgo y Coahuila por coronavirus - Opini\u00f3n P\u00fablica","description":"Ciudad de M\u00e9xico .- Como consecuencia de la contingencia por la propagaci\u00f3n de COVID-19, las elecciones en\u00a0Coahuila e Hidalgo\u00a0ser\u00e1n aplazadas, incluyendo la jor"},"footnotes":""},"categories":[9],"tags":[],"class_list":["post-22796","post","type-post","status-publish","format-standard","has-post-thumbnail","hentry","category-nacional"],"acf":[],"_links":{"self":[{"href":"https:\/\/www.opinionpublica.tv\/portada\/wp-json\/wp\/v2\/posts\/22796","targetHints":{"allow":["GET"]}}],"collection":[{"href":"https:\/\/www.opinionpublica.tv\/portada\/wp-json\/wp\/v2\/posts"}],"about":[{"href":"https:\/\/www.opinionpublica.tv\/portada\/wp-json\/wp\/v2\/types\/post"}],"author":[{"embeddable":true,"href":"https:\/\/www.opinionpublica.tv\/portada\/wp-json\/wp\/v2\/users\/6"}],"replies":[{"embeddable":true,"href":"https:\/\/www.opinionpublica.tv\/portada\/wp-json\/wp\/v2\/comments?post=22796"}],"version-history":[{"count":0,"href":"https:\/\/www.opinionpublica.tv\/portada\/wp-json\/wp\/v2\/posts\/22796\/revisions"}],"wp:featuredmedia":[{"embeddable":true,"href":"https:\/\/www.opinionpublica.tv\/portada\/wp-json\/wp\/v2\/media\/22795"}],"wp:attachment":[{"href":"https:\/\/www.opinionpublica.tv\/portada\/wp-json\/wp\/v2\/media?parent=22796"}],"wp:term":[{"taxonomy":"category","embeddable":true,"href":"https:\/\/www.opinionpublica.tv\/portada\/wp-json\/wp\/v2\/categories?post=22796"},{"taxonomy":"post_tag","embeddable":true,"href":"https:\/\/www.opinionpublica.tv\/portada\/wp-json\/wp\/v2\/tags?post=22796"}],"curies":[{"name":"wp","href":"https:\/\/api.w.org\/{rel}","templated":true}]}}