{"id":22786,"date":"2020-04-01T07:00:00","date_gmt":"2020-04-01T05:00:00","guid":{"rendered":"https:\/\/www.opinionpublica.tv\/portada\/2020\/04\/01\/aumenta-a-11-casos-de-covid-19-en-chihuahua-ya-hay-fase-de-dispersion-comunitaria\/"},"modified":"2020-04-01T07:00:00","modified_gmt":"2020-04-01T05:00:00","slug":"aumenta-a-11-casos-de-covid-19-en-chihuahua-ya-hay-fase-de-dispersion-comunitaria","status":"publish","type":"post","link":"https:\/\/www.opinionpublica.tv\/portada\/aumenta-a-11-casos-de-covid-19-en-chihuahua-ya-hay-fase-de-dispersion-comunitaria\/","title":{"rendered":"Suman 11 casos de Covid-19 en Chihuahua; advierten fase de dispersi\u00f3n comunitaria"},"content":{"rendered":"<p><img fetchpriority=\"high\" decoding=\"async\" class=\" size-full wp-image-22785\" src=\"https:\/\/www.opinionpublica.tv\/portada\/wp-content\/uploads\/2020\/04\/4a117be6b67870faae4bfb89a6a9f0e4.jpg\" alt=\"\" class=\"caption\" title=\"Entre los nuevos casos hay gente que no viaj\u00f3 al extranjero.\" width=\"414\" height=\"233\" srcset=\"https:\/\/www.opinionpublica.tv\/portada\/wp-content\/uploads\/2020\/04\/4a117be6b67870faae4bfb89a6a9f0e4.jpg 414w, https:\/\/www.opinionpublica.tv\/portada\/wp-content\/uploads\/2020\/04\/4a117be6b67870faae4bfb89a6a9f0e4-300x169.jpg 300w\" sizes=\"(max-width: 414px) 100vw, 414px\" \/><br \/>\n<!--more--><\/p>\n<p style=\"text-align: justify;\"><em>Ciudad Ju\u00e1rez, Chih<\/em>.- El director m\u00e9dico de la Zona Norte de la Secretar\u00eda de Salud, Arturo Jos\u00e9 Valenzuela Zorrilla, inform\u00f3 que en la entidad se increment\u00f3 a 11 el n\u00famero de casos confirmados de COVID-19 y actualmente se tienen 10 casos sospechosos.<\/p>\n<p style=\"text-align: justify;\">Durante la conferencia de prensa virtual de cada ma\u00f1ana, Valenzuela detall\u00f3 que del total de casos siete son de Ciudad Ju\u00e1rez y cuatro en Chihuahua.<\/p>\n<p style=\"text-align: justify;\">En cuanto a los 10 casos sospechosos, ocho pertenecen a Ciudad Ju\u00e1rez y dos a la capital y tambi\u00e9n dio a conocer que a la fecha se registraron 51 casos negativos.<\/p>\n<p style=\"text-align: justify;\">El n\u00famero de casos positivos se presenta en personas de los siguientes rangos de edad: de 15 a 19 a\u00f1os, son tres; de 20 a 24 a\u00f1os, dos; de 25 a 44 a\u00f1os, dos y de 45 a 64 a\u00f1os son cuatro casos.<\/p>\n<p style=\"text-align: justify;\">Valenzuela Zorrilla puntualiz\u00f3 que los casos m\u00e1s nuevos no han tenido contacto con extranjeros, ni viajaron a los pa\u00edses o las ciudades donde existe el mayor porcentaje de contagio, por lo cual, Chihuahua al igual que el resto del pa\u00eds entr\u00f3 a la fase de la dispersi\u00f3n comunitaria.<\/p>\n<p style=\"text-align: justify;\">Lo anterior significa que una persona que ten\u00eda la enfermedad contagi\u00f3 a alguien de la familia, por lo que se considera muy alto el riesgo de que se d\u00e9 un contagio masivo y la \u00fanica manera de evitarlo o cortarlo, es qued\u00e1ndose en casa.<\/p>\n<p style=\"text-align: justify;\">Hizo un llamado a toda la sociedad chihuahuense a permanecer en el hogar por el bien de familiares, maestros, amigos y compa\u00f1eros de trabajo.<\/p>\n<p style=\"text-align: justify;\">El funcionario a\u00f1adi\u00f3 que este d\u00eda se formar\u00e1 el Comit\u00e9 Jurisdiccional de Seguridad en Salud, que reunir\u00e1 a las autoridades de los municipios fronterizos de Chihuahua, para definir las acciones a seguir por la pandemia mundial de COVID-19, y se incluye la integraci\u00f3n del Comando Operativo de Emergencias, que ser\u00e1 el que ejecutar\u00e1 las instrucciones.<\/p>\n<p style=\"text-align: justify;\">\u201cEstamos es fase de dispersi\u00f3n comunitaria, son contagios de tercera generaci\u00f3n, quedarse en casa ser\u00e1 la mejor herramienta\u201d, se\u00f1al\u00f3 el doctor Valenzuela.<\/p>\n<p style=\"text-align: justify;\">Al referirse a los estados vecinos de la Uni\u00f3n Americana, precis\u00f3 que existen 315 casos confirmados en Nuevo M\u00e9xico, con cinco muertes, mientras que en Texas se diagnosticaron 3 mil 266 casos y se registran 41 decesos.<\/p>\n<p style=\"text-align: justify;\">En cuanto a la franja fronteriza, en El Paso se confirman 50 casos positivos y en la base militar de Fort Bliss son siete los casos confirmados.<\/p>\n<p style=\"text-align: justify;\">Dijo que a nivel mundial existen 750 mil 890 casos y la tasa de mortalidad es de 4.8 por ciento. Europa aglutina el 54 por ciento de los casos.<\/p>\n<p style=\"text-align: justify;\">Para consultar en caso de duda, puedes llamar al 9-1-1, te asesoran y eval\u00faan, incluso hay la posibilidad de una tele revisi\u00f3n por un m\u00e9dico.<\/p>\n","protected":false},"excerpt":{"rendered":"","protected":false},"author":6,"featured_media":22785,"comment_status":"open","ping_status":"open","sticky":false,"template":"","format":"standard","meta":{"_acf_changed":false,"_monsterinsights_skip_tracking":false,"slim_seo":{"title":"Suman 11 casos de Covid-19 en Chihuahua; advierten fase de dispersi\u00f3n comunitaria - Opini\u00f3n P\u00fablica","description":"Ciudad Ju\u00e1rez, Chih .- El director m\u00e9dico de la Zona Norte de la Secretar\u00eda de Salud, Arturo Jos\u00e9 Valenzuela Zorrilla, inform\u00f3 que en la entidad se increment\u00f3 a"},"footnotes":""},"categories":[3],"tags":[],"class_list":["post-22786","post","type-post","status-publish","format-standard","has-post-thumbnail","hentry","category-principal"],"acf":[],"_links":{"self":[{"href":"https:\/\/www.opinionpublica.tv\/portada\/wp-json\/wp\/v2\/posts\/22786","targetHints":{"allow":["GET"]}}],"collection":[{"href":"https:\/\/www.opinionpublica.tv\/portada\/wp-json\/wp\/v2\/posts"}],"about":[{"href":"https:\/\/www.opinionpublica.tv\/portada\/wp-json\/wp\/v2\/types\/post"}],"author":[{"embeddable":true,"href":"https:\/\/www.opinionpublica.tv\/portada\/wp-json\/wp\/v2\/users\/6"}],"replies":[{"embeddable":true,"href":"https:\/\/www.opinionpublica.tv\/portada\/wp-json\/wp\/v2\/comments?post=22786"}],"version-history":[{"count":0,"href":"https:\/\/www.opinionpublica.tv\/portada\/wp-json\/wp\/v2\/posts\/22786\/revisions"}],"wp:featuredmedia":[{"embeddable":true,"href":"https:\/\/www.opinionpublica.tv\/portada\/wp-json\/wp\/v2\/media\/22785"}],"wp:attachment":[{"href":"https:\/\/www.opinionpublica.tv\/portada\/wp-json\/wp\/v2\/media?parent=22786"}],"wp:term":[{"taxonomy":"category","embeddable":true,"href":"https:\/\/www.opinionpublica.tv\/portada\/wp-json\/wp\/v2\/categories?post=22786"},{"taxonomy":"post_tag","embeddable":true,"href":"https:\/\/www.opinionpublica.tv\/portada\/wp-json\/wp\/v2\/tags?post=22786"}],"curies":[{"name":"wp","href":"https:\/\/api.w.org\/{rel}","templated":true}]}}