{"id":22784,"date":"2020-04-02T07:00:00","date_gmt":"2020-04-02T05:00:00","guid":{"rendered":"https:\/\/www.opinionpublica.tv\/portada\/2020\/04\/02\/efemerides-2-de-abril-2\/"},"modified":"2020-04-02T07:00:00","modified_gmt":"2020-04-02T05:00:00","slug":"efemerides-2-de-abril-2","status":"publish","type":"post","link":"https:\/\/www.opinionpublica.tv\/portada\/efemerides-2-de-abril-2\/","title":{"rendered":"Efem\u00e9rides 2 de abril"},"content":{"rendered":"<img fetchpriority=\"high\" decoding=\"async\" class=\" size-full wp-image-22783\" src=\"https:\/\/www.opinionpublica.tv\/portada\/wp-content\/uploads\/2020\/04\/e3f2819648c0d1620c1a391cdfaf84d6.jpg\" alt=\"\" class=\"caption\" title=\"El Papa Juan Pablo Segundo rompi\u00f3 paradigmas y sigue siendo muy popular en el mundo.\" width=\"625\" height=\"350\" srcset=\"https:\/\/www.opinionpublica.tv\/portada\/wp-content\/uploads\/2020\/04\/e3f2819648c0d1620c1a391cdfaf84d6.jpg 625w, https:\/\/www.opinionpublica.tv\/portada\/wp-content\/uploads\/2020\/04\/e3f2819648c0d1620c1a391cdfaf84d6-300x168.jpg 300w\" sizes=\"(max-width: 625px) 100vw, 625px\" \/>\n<p style=\"text-align: justify;\">Un d\u00eda 2 de abril como hoy, pero de 2005 fallece el Papa de origen polaco Juan Pablo II, a los 84 a\u00f1os, tras 26 a\u00f1os de Pontificado.<\/p>\n<p><!--more--><\/p>\n<p style=\"text-align: justify;\"><strong>Otras efem\u00e9rides<\/strong><\/p>\n<p style=\"text-align: justify;\">1453.- Mohamed II, el Magn\u00edfico, comienza el sitio de Constantinopla con 300,000 hombres y 1,400 galeras.<\/p>\n<p style=\"text-align: justify;\">1513.- Juan Ponce de Le\u00f3n toma posesi\u00f3n de La Florida en nombre de la Corona de Castilla.<\/p>\n<p style=\"text-align: justify;\">1782.- Nace Federico Froebel, pedagogo alem\u00e1n, fundador de los jardines de infancia (Kindergarten).<\/p>\n<p style=\"text-align: justify;\">1792.- Nace Francisco de Paula Santander, militar colombiano, que fue presidente de la Rep\u00fablica.<\/p>\n<p style=\"text-align: justify;\">1792.- Primera acu\u00f1aci\u00f3n del d\u00f3lar estadounidense.<\/p>\n<p style=\"text-align: justify;\">1805.- Nace Hans Christian Andersen, escritor dan\u00e9s.<\/p>\n<p style=\"text-align: justify;\">1840.- Nace Emilio Zola, escritor franc\u00e9s.<\/p>\n<p style=\"text-align: justify;\">1854.- Empieza a publicarse en Par\u00eds \u00abLe Figaro\u00bb.<\/p>\n<p style=\"text-align: justify;\">1884.- Inauguraci\u00f3n de la Biblioteca Nacional de M\u00e9xico.<\/p>\n<p style=\"text-align: justify;\">1885.- Derrota de las tropas guatemaltecas frente a las salvadore\u00f1as en el sitio de Chalchuapa, a orillas del r\u00edo Paz. El general Barrios, presidente de Guatemala, muere en la contienda.<\/p>\n<p style=\"text-align: justify;\">1914.- Nace Alec Guiness, actor brit\u00e1nico.<\/p>\n<p style=\"text-align: justify;\">1917.- Primera Guerra Mundial: El Congreso de EEUU vota a favor de la entrada en la contienda junto a las potencias aliadas.<\/p>\n<p style=\"text-align: justify;\">1920.- El Ej\u00e9rcito alem\u00e1n entra en el Ruhr para poner fin a las actividades del \u00abEj\u00e9rcito Rojo\u00bb de esta zona.<\/p>\n<p style=\"text-align: justify;\">1926.- Nace Jack Brabham, piloto australiano de automovilismo, campe\u00f3n del mundo de F\u00f3rmula Uno.<\/p>\n<p style=\"text-align: justify;\">1927.- Nace Ferenc Puskas, futbolista espa\u00f1ol nacido en Hungr\u00eda.<\/p>\n<p style=\"text-align: justify;\">1930.- Muere Osman P\u00e9rez Freire, compositor chileno.<\/p>\n<p style=\"text-align: justify;\">1940.- Publicaci\u00f3n de \u00abPoeta en Nueva York\u00bb, de Federico Garc\u00eda Lorca.<\/p>\n<p style=\"text-align: justify;\">1946.- Un maremoto arrasa las costas de las islas Aleutianas, Alaska, y Hawai. Mueren 300 personas.<\/p>\n<p style=\"text-align: justify;\">1947.- El Consejo de Seguridad de la ONU concede a EEUU la administraci\u00f3n en mandato de las islas Carolinas, Palaos, Marshall y Marianas, anteriormente administradas por Jap\u00f3n.<\/p>\n<p style=\"text-align: justify;\">1951.- El general Eisenhower asume el cargo de comandante supremo de las fuerzas de la OTAN.<\/p>\n<p style=\"text-align: justify;\">1959.- Huelga minera en Bolivia, que siguen m\u00e1s de cien mil trabajadores.<\/p>\n<p style=\"text-align: justify;\">1959.- Nace Juha Kankkunen, piloto finland\u00e9s, varias veces campe\u00f3n de rallies.<\/p>\n<p style=\"text-align: justify;\">1960.- Nace Linford Christie, exatleta brit\u00e1nico, campe\u00f3n ol\u00edmpico y mundial.<\/p>\n<p style=\"text-align: justify;\">1974.- Muere Georges Pompidou, expresidente de Francia.<\/p>\n<p style=\"text-align: justify;\">1981.- Se registran en el L\u00edbano los combates m\u00e1s violentos desde 1978, entre las tropas sirias y las milicias cristianas.<\/p>\n<p style=\"text-align: justify;\">1982.- Tropas argentinas inician la ocupaci\u00f3n de las islas Malvinas, bajo dominio del Reino Unido.<\/p>\n<p style=\"text-align: justify;\">1987.- Un autob\u00fas con 60 pasajeros es sepultado por un corrimiento de tierras en la carretera de Cuenca, al sudeste de Guayaquil (Per\u00fa).<\/p>\n<p style=\"text-align: justify;\">1989.- El presidente de la URSS Mijail Gorbachov inicia una visita oficial a Cuba.<\/p>\n<p style=\"text-align: justify;\">1989.- El presidente Zin Al Abidin Ben Al\u00ed y la gubernamental Agrupaci\u00f3n Constitucional Democr\u00e1tica ganan las elecciones celebradas en T\u00fanez.<\/p>\n<p style=\"text-align: justify;\">1990.- Muere Aldo Fabrizi, actor y director italiano de cine.<\/p>\n<p style=\"text-align: justify;\">1992.- El mafioso John Gotti es condenado a cadena perpetua por un tribunal de Nueva York.<\/p>\n<p style=\"text-align: justify;\">1999.- Al menos 300 muertos en el naufragio de un barco frente a las costas de Nigeria.<\/p>\n<p style=\"text-align: justify;\">2002.- Unos 200 milicianos palestinos asediados por el Ej\u00e9rcito israel\u00ed se refugian en la Bas\u00edlica de la Natividad de Bel\u00e9n, donde se encuentran 70 religiosos.<\/p>\n<p style=\"text-align: justify;\">2005.- Dimite Riccardo Muti, tras 19 a\u00f1os como director musical de la Scala de Mil\u00e1n.<\/p>\n<p style=\"text-align: justify;\">2009.- Muere Rudy Ventura, trompetista y m\u00fasico.<\/p>\n<p style=\"text-align: justify;\">2013.- La ONU aprueba el Tratado sobre el Comercio de Armas.<\/p>\n","protected":false},"excerpt":{"rendered":"<p>Un d\u00eda 2 de abril como hoy, pero de 2005 fallece el Papa de origen polaco Juan Pablo II, a los 84 a\u00f1os, tras 26 a\u00f1os de Pontificado.<\/p>\n","protected":false},"author":6,"featured_media":22783,"comment_status":"open","ping_status":"open","sticky":false,"template":"","format":"standard","meta":{"_acf_changed":false,"_monsterinsights_skip_tracking":false,"slim_seo":{"title":"Efem\u00e9rides 2 de abril - Opini\u00f3n P\u00fablica","description":"Un d\u00eda 2 de abril como hoy, pero de 2005 fallece el Papa de origen polaco Juan Pablo II, a los 84 a\u00f1os, tras 26 a\u00f1os de Pontificado. Otras efem\u00e9rides 1453.- Moh"},"footnotes":""},"categories":[27],"tags":[],"class_list":["post-22784","post","type-post","status-publish","format-standard","has-post-thumbnail","hentry","category-un-dia-como-hoy"],"acf":[],"_links":{"self":[{"href":"https:\/\/www.opinionpublica.tv\/portada\/wp-json\/wp\/v2\/posts\/22784","targetHints":{"allow":["GET"]}}],"collection":[{"href":"https:\/\/www.opinionpublica.tv\/portada\/wp-json\/wp\/v2\/posts"}],"about":[{"href":"https:\/\/www.opinionpublica.tv\/portada\/wp-json\/wp\/v2\/types\/post"}],"author":[{"embeddable":true,"href":"https:\/\/www.opinionpublica.tv\/portada\/wp-json\/wp\/v2\/users\/6"}],"replies":[{"embeddable":true,"href":"https:\/\/www.opinionpublica.tv\/portada\/wp-json\/wp\/v2\/comments?post=22784"}],"version-history":[{"count":0,"href":"https:\/\/www.opinionpublica.tv\/portada\/wp-json\/wp\/v2\/posts\/22784\/revisions"}],"wp:featuredmedia":[{"embeddable":true,"href":"https:\/\/www.opinionpublica.tv\/portada\/wp-json\/wp\/v2\/media\/22783"}],"wp:attachment":[{"href":"https:\/\/www.opinionpublica.tv\/portada\/wp-json\/wp\/v2\/media?parent=22784"}],"wp:term":[{"taxonomy":"category","embeddable":true,"href":"https:\/\/www.opinionpublica.tv\/portada\/wp-json\/wp\/v2\/categories?post=22784"},{"taxonomy":"post_tag","embeddable":true,"href":"https:\/\/www.opinionpublica.tv\/portada\/wp-json\/wp\/v2\/tags?post=22784"}],"curies":[{"name":"wp","href":"https:\/\/api.w.org\/{rel}","templated":true}]}}