{"id":22766,"date":"2020-04-01T07:00:00","date_gmt":"2020-04-01T05:00:00","guid":{"rendered":"https:\/\/www.opinionpublica.tv\/portada\/2020\/04\/01\/efemerides-1-de-abril-2\/"},"modified":"2020-04-01T07:00:00","modified_gmt":"2020-04-01T05:00:00","slug":"efemerides-1-de-abril-2","status":"publish","type":"post","link":"https:\/\/www.opinionpublica.tv\/portada\/efemerides-1-de-abril-2\/","title":{"rendered":"Efem\u00e9rides 1 de abril"},"content":{"rendered":"<img fetchpriority=\"high\" decoding=\"async\" class=\" size-full wp-image-22765\" src=\"https:\/\/www.opinionpublica.tv\/portada\/wp-content\/uploads\/2020\/04\/d3db8fb2a5c7aa378850d5fffda316d3.jpg\" alt=\"\" class=\"caption\" title=\"Adolfo Hitler escribi\u00f3 su ideario pol\u00edtico en la c\u00e1rcel.\" width=\"505\" height=\"337\" srcset=\"https:\/\/www.opinionpublica.tv\/portada\/wp-content\/uploads\/2020\/04\/d3db8fb2a5c7aa378850d5fffda316d3.jpg 505w, https:\/\/www.opinionpublica.tv\/portada\/wp-content\/uploads\/2020\/04\/d3db8fb2a5c7aa378850d5fffda316d3-300x200.jpg 300w\" sizes=\"(max-width: 505px) 100vw, 505px\" \/>\n<p style=\"text-align: justify;\">Un d\u00eda 1 de abril como hoy, pero de 1924, Adolfo Hitler es condenado a cinco a\u00f1os de c\u00e1rcel por alta traici\u00f3n al intentar deponer por la fuerza al Gobierno B\u00e1varo el 8 de noviembre anterior y durante su encierro escribe su libro: \u201cMi Lucha\u201d.<\/p>\n<p><!--more--><\/p>\n<p style=\"text-align: justify;\"><strong>Otras efem\u00e9rides<\/strong><\/p>\n<p style=\"text-align: justify;\">1525.- Diego de Alvarado funda la villa de San Salvador.<\/p>\n<p style=\"text-align: justify;\">1557.- Muerte de Lautaro, caudillo de los araucanos de Chile, en el combate de Peteroa.<\/p>\n<p style=\"text-align: justify;\">1578.- Nace William Harvey, fisi\u00f3logo ingl\u00e9s, descubridor de la circulaci\u00f3n mayor de la sangre.<\/p>\n<p style=\"text-align: justify;\">1767.- Los Jesuitas son expulsados de Espa\u00f1a.<\/p>\n<p style=\"text-align: justify;\">1801.- Comienza a publicarse el primer peri\u00f3dico en Buenos Aires: \u00abTel\u00e9grafo Mercantil, Rural, Econ\u00f3mico e Histori\u00f3grafo del R\u00edo de la Plata\u00bb.<\/p>\n<p style=\"text-align: justify;\">1815.- Nace el pr\u00edncipe Otto von Bismarck, pol\u00edtico y estadista, art\u00edfice de la unificaci\u00f3n alemana.<\/p>\n<p style=\"text-align: justify;\">1825.- El general Antonio Pedro Ola\u00f1eta muere en combate en Tumusla, donde sus tropas son derrotadas y disueltas por los patriotas peruanos.<\/p>\n<p style=\"text-align: justify;\">1843.- El presidente de Ecuador, Juan Jos\u00e9 Flores, proclama una nueva Constituci\u00f3n, llamada por la oposici\u00f3n \u00abCarta de esclavitud\u00bb.<\/p>\n<p style=\"text-align: justify;\">1857.- El conservador Mariano Ospina Rodr\u00edguez es elegido presidente de Colombia.<\/p>\n<p style=\"text-align: justify;\">1862.- Espa\u00f1a e Inglaterra deciden retirar sus tropas de M\u00e9xico.<\/p>\n<p style=\"text-align: justify;\">1867.- Apertura en Par\u00eds de la Exposici\u00f3n Universal de Industrias y Bellas Artes, con la que Napole\u00f3n III quiso realzar su Imperio.<\/p>\n<p style=\"text-align: justify;\">1874.- Santiago P\u00e9rez es elegido presidente de Colombia.<\/p>\n<p style=\"text-align: justify;\">1885.- Los insurrectos colombianos se apoderan de Panam\u00e1 e incendian parte de la ciudad de Col\u00f3n.<\/p>\n<p style=\"text-align: justify;\">1895.- Guerra de Cuba. Llega a la isla Antonio Maceo, uno de los pr\u00f3ceres de la independencia del pa\u00eds, para unirse a los patriotas cubanos.<\/p>\n<p style=\"text-align: justify;\">1913.- Estreno de \u00abLa vida breve\u00bb, de Manuel de Falla, en Niza (Francia).<\/p>\n<p style=\"text-align: justify;\">1918.- Creaci\u00f3n de la Royal Air Force (RAF), en Gran Breta\u00f1a.<\/p>\n<p style=\"text-align: justify;\">1920.- El Partido Obrero Alem\u00e1n se convierte en el Partido Obrero Nacional Socialista (NSDAP).<\/p>\n<p style=\"text-align: justify;\">1928.- Reelecci\u00f3n del presidente de Argentina Hip\u00f3lito Yrigoyen.<\/p>\n<p style=\"text-align: justify;\">1929.- Nace Milan Kundera, escritor franc\u00e9s de origen checo.<\/p>\n<p style=\"text-align: justify;\">1932.- Nace Debbie Reynolds, actriz estadounidense.<\/p>\n<p style=\"text-align: justify;\">1933.- Se establece en M\u00e9xico el \u00abD\u00eda del Libro\u00bb.<\/p>\n<p style=\"text-align: justify;\">1937.- Birmania se separa de la India y obtiene del Reino Unido una especie de estatuto de dominio.<\/p>\n<p style=\"text-align: justify;\">1939.- \u00daltimo parte militar del Cuartel General del general Francisco Franco, en el que se da por terminada y por ganada por los insurrectos la Guerra Civil espa\u00f1ola.<\/p>\n<p style=\"text-align: justify;\">1941.- El general Isa\u00edas Medina Angarita asume la Presidencia de Venezuela.<\/p>\n<p style=\"text-align: justify;\">1945.- II Guerra Mundial: Las tropas estadounidenses desembarcan en Okinawa.<\/p>\n<p style=\"text-align: justify;\">1947.- Muere el rey Jorge II de Grecia y le sucede en el trono su hermano, el pr\u00edncipe Pablo.<\/p>\n<p style=\"text-align: justify;\">1958.- Radio Rebelde de Cuba difunde la declaraci\u00f3n de \u00abguerra total\u00bb de Fidel Castro contra el r\u00e9gimen de Fulgencio Batista.<\/p>\n<p style=\"text-align: justify;\">1961.- Proclamaci\u00f3n de Cuba como Rep\u00fablica Democr\u00e1tica Socialista.<\/p>\n<p style=\"text-align: justify;\">1962.- Pasan a Panam\u00e1 la Administraci\u00f3n de Justicia, las c\u00e1rceles y la Polic\u00eda de la Zona del Canal, seg\u00fan los nuevos tratados entre EEUU y Panam\u00e1.<\/p>\n<p style=\"text-align: justify;\">1964.- Francois Duvalier se proclama presidente vitalicio de Hait\u00ed.<\/p>\n<p style=\"text-align: justify;\">1964- Una sublevaci\u00f3n militar, la llamada \u00abRevoluci\u00f3n Democr\u00e1tica\u00bb, obliga a Joao Goulart a dejar la Presidencia de Brasil.<\/p>\n<p style=\"text-align: justify;\">1971.- El Gobierno del general Lanusse anuncia en Buenos Aires el levantamiento de la prohibici\u00f3n de acci\u00f3n a los partidos pol\u00edticos.<\/p>\n<p style=\"text-align: justify;\">1972.- Anastasio Somoza dimite como presidente de Nicaragua.<\/p>\n<p style=\"text-align: justify;\">1985.- Elecciones legislativas y municipales en El Salvador, que dan la victoria a la Democracia Cristiana.<\/p>\n<p style=\"text-align: justify;\">1991.- El senador Jaime Guzm\u00e1n, uno de los ide\u00f3logos del r\u00e9gimen de Augusto Pinochet, es asesinado en Santiago de Chile.<\/p>\n<p style=\"text-align: justify;\">1991.- Muere Martha Graham, bailarina y core\u00f3grafa estadounidense.<\/p>\n<p style=\"text-align: justify;\">1993.- Entra en vigor la nueva zona de libre comercio de Centroam\u00e9rica, que no incluye a Costa Rica, Panam\u00e1 y Belice.<\/p>\n<p style=\"text-align: justify;\">1993.- Muere don Juan de Borb\u00f3n y Battenberg, Conde de Barcelona, padre del rey Juan Carlos I de Espa\u00f1a.<\/p>\n<p style=\"text-align: justify;\">1995.- El presidente ucraniano, Leonid Kuchma, pone bajo su control el gobierno de Crimea, tras abolir su Constituci\u00f3n.<\/p>\n<p style=\"text-align: justify;\">2001.- El presidente de Yugoslavia, Slobodan Milosevic, es detenido e ingresa en prisi\u00f3n en Belgrado.<\/p>\n<p style=\"text-align: justify;\">2002.- Holanda se convierte en el primer pa\u00eds del mundo que reconoce la eutanasia como un acto legal.<\/p>\n<p style=\"text-align: justify;\">2003.- El Gobierno argentino decreta la liberaci\u00f3n de los ahorros bancarios atrapados en el \u00abcorralito\u00bb, impuesto en 2002.<\/p>\n<p style=\"text-align: justify;\">2004.- Muere Enrique Grau, pintor y escultor colombiano.<\/p>\n<p style=\"text-align: justify;\">2009.- Muere Marcos Moshinsky, f\u00edsico mexicano de origen ucraniano.<\/p>\n<p style=\"text-align: justify;\">2011.- M\u00e9dicos del hospital La Paz de Madrid reconstruyen, por primera vez en Espa\u00f1a, parte de la estructura \u00f3sea de la cara de un hombre a partir de una pr\u00f3tesis de cer\u00e1mica.<\/p>\n<p style=\"text-align: justify;\">2012.- Aung San Suu Kyi, Premio Nobel de la Paz y opositora birmana, obtiene esca\u00f1o en el Parlamento de su pa\u00eds.<\/p>\n","protected":false},"excerpt":{"rendered":"<p>Un d\u00eda 1 de abril como hoy, pero de 1924, Adolfo Hitler es condenado a cinco a\u00f1os de c\u00e1rcel por alta traici\u00f3n al intentar deponer por la fuerza al Gobierno B\u00e1varo el 8 de noviembre anterior y durante su encierro escribe su libro: \u201cMi Lucha\u201d.<\/p>\n","protected":false},"author":6,"featured_media":22765,"comment_status":"open","ping_status":"open","sticky":false,"template":"","format":"standard","meta":{"_acf_changed":false,"_monsterinsights_skip_tracking":false,"slim_seo":{"title":"Efem\u00e9rides 1 de abril - Opini\u00f3n P\u00fablica","description":"Un d\u00eda 1 de abril como hoy, pero de 1924, Adolfo Hitler es condenado a cinco a\u00f1os de c\u00e1rcel por alta traici\u00f3n al intentar deponer por la fuerza al Gobierno B\u00e1va"},"footnotes":""},"categories":[27],"tags":[],"class_list":["post-22766","post","type-post","status-publish","format-standard","has-post-thumbnail","hentry","category-un-dia-como-hoy"],"acf":[],"_links":{"self":[{"href":"https:\/\/www.opinionpublica.tv\/portada\/wp-json\/wp\/v2\/posts\/22766","targetHints":{"allow":["GET"]}}],"collection":[{"href":"https:\/\/www.opinionpublica.tv\/portada\/wp-json\/wp\/v2\/posts"}],"about":[{"href":"https:\/\/www.opinionpublica.tv\/portada\/wp-json\/wp\/v2\/types\/post"}],"author":[{"embeddable":true,"href":"https:\/\/www.opinionpublica.tv\/portada\/wp-json\/wp\/v2\/users\/6"}],"replies":[{"embeddable":true,"href":"https:\/\/www.opinionpublica.tv\/portada\/wp-json\/wp\/v2\/comments?post=22766"}],"version-history":[{"count":0,"href":"https:\/\/www.opinionpublica.tv\/portada\/wp-json\/wp\/v2\/posts\/22766\/revisions"}],"wp:featuredmedia":[{"embeddable":true,"href":"https:\/\/www.opinionpublica.tv\/portada\/wp-json\/wp\/v2\/media\/22765"}],"wp:attachment":[{"href":"https:\/\/www.opinionpublica.tv\/portada\/wp-json\/wp\/v2\/media?parent=22766"}],"wp:term":[{"taxonomy":"category","embeddable":true,"href":"https:\/\/www.opinionpublica.tv\/portada\/wp-json\/wp\/v2\/categories?post=22766"},{"taxonomy":"post_tag","embeddable":true,"href":"https:\/\/www.opinionpublica.tv\/portada\/wp-json\/wp\/v2\/tags?post=22766"}],"curies":[{"name":"wp","href":"https:\/\/api.w.org\/{rel}","templated":true}]}}