{"id":22756,"date":"2020-03-31T07:00:00","date_gmt":"2020-03-31T05:00:00","guid":{"rendered":"https:\/\/www.opinionpublica.tv\/portada\/2020\/03\/31\/ausencia-de-liderato\/"},"modified":"2020-03-31T07:00:00","modified_gmt":"2020-03-31T05:00:00","slug":"ausencia-de-liderato","status":"publish","type":"post","link":"https:\/\/www.opinionpublica.tv\/portada\/ausencia-de-liderato\/","title":{"rendered":"Ausencia de liderato"},"content":{"rendered":"<img fetchpriority=\"high\" decoding=\"async\" class=\" size-full wp-image-22755\" src=\"https:\/\/www.opinionpublica.tv\/portada\/wp-content\/uploads\/2020\/03\/463665e5708cc0f89b6b8a8b6a124d52.jpg\" alt=\"\" class=\"caption\" title=\"Daniel Valles.\" width=\"321\" height=\"343\" srcset=\"https:\/\/www.opinionpublica.tv\/portada\/wp-content\/uploads\/2020\/03\/463665e5708cc0f89b6b8a8b6a124d52.jpg 321w, https:\/\/www.opinionpublica.tv\/portada\/wp-content\/uploads\/2020\/03\/463665e5708cc0f89b6b8a8b6a124d52-281x300.jpg 281w\" sizes=\"(max-width: 321px) 100vw, 321px\" \/>\n<p style=\"text-align: justify;\">Gobernar, para algunos puede ser tal vez muy sencillo. Pero ser el l\u00edder de una naci\u00f3n, es cosa muy diferente. No es para cualquier persona. M\u00e9xico est\u00e1 sin un l\u00edder.<\/p>\n<p><!--more--><\/p>\n<p style=\"text-align: justify;\">M\u00e9xico atraviesa tal vez, la peor crisis de su historia moderna, actual, sin un l\u00edder que tenga la habilidad de unir las fuerzas y las voluntades, los deseos y las esperanzas de todos los mexicanos.<\/p>\n<p style=\"text-align: justify;\">Somos un pa\u00eds que \u201crespetamos\u201d lideratos firmes. Somos un pa\u00eds que esperamos y deseamos ver Tlatuanis dirigir, tomar el control.<\/p>\n<p style=\"text-align: justify;\">De no tenerlo, surgen por montones, pero son l\u00edderes de eso mismo.<\/p>\n<p style=\"text-align: justify;\">\u201cNuestro querido presidente\u201d no ha podido convertirse en eso, en l\u00edder de todos los mexicanos. No tiene ni el apoyo, ni la opini\u00f3n a su favor de la totalidad de la gente. Y la que tiene, cada vez es menos.<\/p>\n<p style=\"text-align: justify;\">El liderato se obtiene cuando se gana demostrando que se puede ser l\u00edder. Lo es, claro, por mandato constitucional. Pero nada m\u00e1s.<\/p>\n<p style=\"text-align: justify;\">M\u00e9xico requiere en este momento de incertidumbre may\u00fascula, un l\u00edder efectivo. No s\u00f3lo carism\u00e1tico y dicharachero. M\u00e9xico requiere de un l\u00edder que con su ejemplo mueva multitudes hacia la direcci\u00f3n correcta. No uno que en todo lo que hace causa divisi\u00f3n, incongruencia y presenta el escenario del egotista.<\/p>\n<p style=\"text-align: justify;\">Subirse a un avi\u00f3n y violar los protocolos de seguridad que las aerol\u00edneas han tomado ante el Coronavirus, no es cosa menor.<\/p>\n<p style=\"text-align: justify;\">Es un contraejemplo que provoca, lo menos, una irritaci\u00f3n en quienes no han apoyado a \u201cnuestro querido presidente\u201d desde la elecci\u00f3n del 2018.<\/p>\n<p style=\"text-align: justify;\">Una sorpresa en quienes lo apoyaron por primera ocasi\u00f3n, porque era la opci\u00f3n contra el sistema.<\/p>\n<p style=\"text-align: justify;\">Pero tambi\u00e9n provoca la alegr\u00eda perversa de quienes siempre se han burlado de las reglas, de las leyes, de la \u00e9tica, de la moral.<\/p>\n<p style=\"text-align: justify;\">Personas inadaptadas y resentidas con la sociedad que ha progresado debido a su esfuerzo y siguiendo las reglas y las leyes la mayor parte del tiempo.<\/p>\n<p style=\"text-align: justify;\">Estas personas son las que celebrar\u00e1n un mensaje como el presentado por L\u00f3pez Obrador desde Culiac\u00e1n.<\/p>\n<p style=\"text-align: justify;\"><em>\u201cLos conservadores quieren que me a\u00edsle para que haya un vac\u00edo de poder, puedan apoderarse de la conducci\u00f3n pol\u00edtica de la naci\u00f3n y fracase la Cuarta Transformaci\u00f3n\u201d. <\/em><\/p>\n<p style=\"text-align: justify;\">Negar que hay gente en el pa\u00eds que s\u00ed desear\u00eda que \u201cnuestro querido presidente\u201d fracasara, es como negar que est\u00e1s leyendo esta entrega.<\/p>\n<p style=\"text-align: justify;\">Pero afirmar categ\u00f3ricamente que con su aislamiento habr\u00eda un vac\u00edo de poder, es como desconocer las funciones, las facultades constitucionales del Ejecutivo.<\/p>\n<p style=\"text-align: justify;\">Adem\u00e1s env\u00eda un contraejemplo o mal ejemplo para todas las personas a las que se nos est\u00e1 pidiendo que nos quedemos a trabajar en casa debido a la pandemia mundial por el Coronavirus. Con todas las consecuencias adversas que significa la medida. Pero eso lo descalifica como l\u00edder.<\/p>\n<p style=\"text-align: justify;\">El mejor liderato se ejerce con y por el ejemplo.<\/p>\n<p style=\"text-align: justify;\">Los mejores ejemplos son los que notan la responsabilidad del l\u00edder y son los que pueden hacer la mayor diferencia en trazar las nuevas direcciones sociales.<\/p>\n<p style=\"text-align: justify;\">La responsabilidad, se\u00f1or presidente Andr\u00e9s Manuel L\u00f3pez Obrador, es el mayor signo de transformaci\u00f3n.<\/p>\n<p style=\"text-align: justify;\">Es algo que no estamos viendo. Pues besa usted y saluda a la gente de mano. Cuando el subsecretario de Salud nos pide que no lo hagamos.<\/p>\n<p style=\"text-align: justify;\">Hoy hemos visto y conocido su buena relaci\u00f3n y familiaridad con la se\u00f1ora Guzm\u00e1n, mam\u00e1 del Chapo y abuela del Chapito. Le va usted a ayudar. Bien por ello.<\/p>\n<p style=\"text-align: justify;\">Hace usted bromas perniciosas acerca de guardar la sana distancia cuando la gente lo ve en p\u00fablico y le pide una fotograf\u00eda. De las mismas instrucciones que su administraci\u00f3n est\u00e1 dando<\/p>\n<p style=\"text-align: justify;\">\u201cS\u00ed, pero de lejos, para que no hablen mis adversarios\u201d.<\/p>\n<p style=\"text-align: justify;\">Antes, invit\u00f3 a la gente a comer a los restaurantes. Los que ahora ya est\u00e1n cerrado. \u201cNo pasa nada, yo les voy a decir cuando se guarden\u201d. Y por ello, hoy, Acapulco est\u00e1 recibiendo a miles de turistas. \u00bfCu\u00e1ntos se van a contagiar? \u00bfMorir\u00e1n algunos? No lo sabemos.<\/p>\n<p style=\"text-align: justify;\">Lo que s\u00ed sabemos es que tenemos un pa\u00eds dividido en sus opiniones, no s\u00f3lo sobre el liderato del presiente L\u00f3pez Obrador, sino de la misma crisis del Coronavirus.<\/p>\n<p style=\"text-align: justify;\">Una que est\u00e1 devastando a Italia. Que golpea fuertemente a Espa\u00f1a, donde murieron en un d\u00eda casi 900 personas.<\/p>\n<p style=\"text-align: justify;\">Una que hasta ayer en EUA exist\u00edan 142 mil 178 casos positivos, 2,484 fallecimientos por lo que el presidente Donald Trump ha extendido la cuarentena hasta el 30 de abril y lo ha hecho con firmeza. Se han recuperado 4,559. En cambio aqu\u00ed.<\/p>\n<p style=\"text-align: justify;\">Vimos a un endeble subsecretario de Salud que no sab\u00eda c\u00f3mo contestarle a <em>\u201cnuestro querido presidente\u201d<\/em>, cuando \u00e9ste, dentro del egotismo que vive, daba fechas para el final de la cuarentena.<\/p>\n<p style=\"text-align: justify;\">Las que el m\u00e9dico subsecretario no sab\u00eda si afirmar o negar en un pat\u00e9tico ejemplo de sumisi\u00f3n rastrera al l\u00edder que le preguntaba.<\/p>\n<p style=\"text-align: justify;\">Ese es precisamente el tipo de liderato que no necesitamos. Y es lo que a L\u00f3pez Obrador le est\u00e1 costando perder su popularidad. Misma que en algunas encuestas ha ca\u00eddo hasta el 39%.<\/p>\n<p style=\"text-align: justify;\">En cambio a Donald Trump, en Estados Unidos, de acuerdo con el sitio de an\u00e1lisis <em>fivethirtyeight.com<\/em> dada a conocer ayer: 45.8 por ciento de la poblaci\u00f3n respalda presidente<\/p>\n<p style=\"text-align: justify;\">Se trata del nivel m\u00e1s alto en la historia, incluso cuando tom\u00f3 el cargo.<\/p>\n<p style=\"text-align: justify;\">Lo mismo est\u00e1 sucediendo en Per\u00fa, Paraguay, El Salvador, Honduras, Canad\u00e1. La gente est\u00e1 recibiendo el apoyo de su gobierno al pausar el cobro de los impuestos, servicios, adeudos, equipo m\u00e9dico y en M\u00e9xico, nada de eso.<\/p>\n<p style=\"text-align: justify;\">Las carencias en hospitales son palpables al grado que personal de las cl\u00ednicas ha salido a protestar por el desabasto. Somos el \u00fanico pa\u00eds donde se han visto escenas de saqueos a comercios y almacenes.<\/p>\n<p style=\"text-align: justify;\">Hay una marcada ausencia de liderato. Es una l\u00e1stima, una desgracia y El Meollo del Asunto.<\/p>\n","protected":false},"excerpt":{"rendered":"<p>Gobernar, para algunos puede ser tal vez muy sencillo. Pero ser el l\u00edder de una naci\u00f3n, es cosa muy diferente. No es para cualquier persona. M\u00e9xico est\u00e1 sin un l\u00edder.<\/p>\n","protected":false},"author":6,"featured_media":22755,"comment_status":"open","ping_status":"open","sticky":false,"template":"","format":"standard","meta":{"_acf_changed":false,"_monsterinsights_skip_tracking":false,"slim_seo":{"title":"Ausencia de liderato - Opini\u00f3n P\u00fablica","description":"Gobernar, para algunos puede ser tal vez muy sencillo. Pero ser el l\u00edder de una naci\u00f3n, es cosa muy diferente. No es para cualquier persona. M\u00e9xico est\u00e1 sin un"},"footnotes":""},"categories":[16],"tags":[],"class_list":["post-22756","post","type-post","status-publish","format-standard","has-post-thumbnail","hentry","category-el-meollo-del-asunto"],"acf":[],"_links":{"self":[{"href":"https:\/\/www.opinionpublica.tv\/portada\/wp-json\/wp\/v2\/posts\/22756","targetHints":{"allow":["GET"]}}],"collection":[{"href":"https:\/\/www.opinionpublica.tv\/portada\/wp-json\/wp\/v2\/posts"}],"about":[{"href":"https:\/\/www.opinionpublica.tv\/portada\/wp-json\/wp\/v2\/types\/post"}],"author":[{"embeddable":true,"href":"https:\/\/www.opinionpublica.tv\/portada\/wp-json\/wp\/v2\/users\/6"}],"replies":[{"embeddable":true,"href":"https:\/\/www.opinionpublica.tv\/portada\/wp-json\/wp\/v2\/comments?post=22756"}],"version-history":[{"count":0,"href":"https:\/\/www.opinionpublica.tv\/portada\/wp-json\/wp\/v2\/posts\/22756\/revisions"}],"wp:featuredmedia":[{"embeddable":true,"href":"https:\/\/www.opinionpublica.tv\/portada\/wp-json\/wp\/v2\/media\/22755"}],"wp:attachment":[{"href":"https:\/\/www.opinionpublica.tv\/portada\/wp-json\/wp\/v2\/media?parent=22756"}],"wp:term":[{"taxonomy":"category","embeddable":true,"href":"https:\/\/www.opinionpublica.tv\/portada\/wp-json\/wp\/v2\/categories?post=22756"},{"taxonomy":"post_tag","embeddable":true,"href":"https:\/\/www.opinionpublica.tv\/portada\/wp-json\/wp\/v2\/tags?post=22756"}],"curies":[{"name":"wp","href":"https:\/\/api.w.org\/{rel}","templated":true}]}}