{"id":22746,"date":"2020-03-30T07:00:00","date_gmt":"2020-03-30T05:00:00","guid":{"rendered":"https:\/\/www.opinionpublica.tv\/portada\/2020\/03\/30\/van-por-mexicanos-varados-en-argentina-y-peru-por-covid-19\/"},"modified":"2020-03-30T07:00:00","modified_gmt":"2020-03-30T05:00:00","slug":"van-por-mexicanos-varados-en-argentina-y-peru-por-covid-19","status":"publish","type":"post","link":"https:\/\/www.opinionpublica.tv\/portada\/van-por-mexicanos-varados-en-argentina-y-peru-por-covid-19\/","title":{"rendered":"Van por mexicanos varados en Argentina y Per\u00fa por Covid-19"},"content":{"rendered":"<p><img fetchpriority=\"high\" decoding=\"async\" class=\" size-full wp-image-22745\" src=\"https:\/\/www.opinionpublica.tv\/portada\/wp-content\/uploads\/2020\/03\/8d47b0c1abc078fcde98bef171064b94.jpg\" alt=\"\" class=\"caption\" title=\"Dos aviones de la Fuerza A\u00e9rea Mexicana traer\u00e1n a mexicanos varados en Per\u00fa y Argentina.\" width=\"664\" height=\"498\" srcset=\"https:\/\/www.opinionpublica.tv\/portada\/wp-content\/uploads\/2020\/03\/8d47b0c1abc078fcde98bef171064b94.jpg 664w, https:\/\/www.opinionpublica.tv\/portada\/wp-content\/uploads\/2020\/03\/8d47b0c1abc078fcde98bef171064b94-300x225.jpg 300w\" sizes=\"(max-width: 664px) 100vw, 664px\" \/><br \/>\n<!--more--><\/p>\n<p style=\"text-align: justify;\"><em>Ciudad de M\u00e9xico<\/em>.- Dos aviones de la Fuerza A\u00e9rea Mexicana despegaron esta ma\u00f1ana desde el\u00a0Aeropuerto Internacional de la Ciudad de M\u00e9xico\u00a0rumbo a Argentina y Per\u00fa para traer de vuelta a mexicanos que se en encuentran varados en esos pa\u00edses desde hace varias semanas por la emergencia sanitaria por Covid-19.<\/p>\n<p style=\"text-align: justify;\">En estas aeronaves se brinda el apoyo de traslado a 300 ciudadanos de origen argentino que se encontraban en distintos entidades de la Rep\u00fablica Mexicana\u00a0y que fueron llevadas hasta las instalaciones del ex Hangar Presidencial donde luego de una revisi\u00f3n m\u00e9dica pudieron abordar.<\/p>\n<p style=\"text-align: justify;\">Se trata de dos aviones Boeing 737 matr\u00edculas 3526 y 3527 de la FAM con personal del Ej\u00e9rcito y de la Fuerza A\u00e9rea Mexicana que despegaron minutos despu\u00e9s de las 5 de la ma\u00f1ana.<\/p>\n<p style=\"text-align: justify;\">El Canciller mexicano,\u00a0Marcelo Ebrard confirm\u00f3 la salida de los vuelos humanitarios que traer\u00e1n de regreso a la se\u00f1ora Ethel Trujillo Rodr\u00edguez, esposa de Isa\u00edas Rodr\u00edguez Rivero, el mexicano que falleci\u00f3 la semana pasada en un hospital de Per\u00fa por coronavirus. La se\u00f1ora de 80 a\u00f1os tambi\u00e9n fue confirmada con Covid-19.<\/p>\n<p style=\"text-align: justify;\">Como lo orden\u00f3 el presidente L\u00f3pez Obrador despeg\u00f3 este lunes a las 5 am avi\u00f3n de la Fuerza A\u00e9rea Mexicana para traer a la se\u00f1ora Ethel del Carmen Trujillo Rodr\u00edguez de 80 a\u00f1os quien se encuentra aislada en Cuzco. Agradecemos el apoyo del gobierno peruano, gracias!!<\/p>\n<p style=\"text-align: justify;\">De acuerdo con el itinerario, los vuelos de regreso a M\u00e9xico de ambas aeronaves de la FAM se contemplan para este mi\u00e9rcoles 1 de abril desde la terminal a\u00e9rea de Buenos Aires con los 300 mexicanos a bordo y una escala t\u00e9cnica en Cusco y Lima, Per\u00fa para traer de vuelta a otro grupo de mexicanos.<\/p>\n<p style=\"text-align: justify;\">Los mexicanos en Argentina recibieron este domingo un correo electr\u00f3nico donde les informan sobre los\u00a0\u201cvuelos humanitarios gratuitos\u201d\u00a0a realizarse a mitad de semana.<\/p>\n<p style=\"text-align: justify;\">En Bueno Aires y las restantes provincias argentinas se calcula que a\u00fan hay al menos 300 mexicanos que requieren apoyo para salir de este pa\u00eds que permanece en cuarentena.<\/p>\n<p style=\"text-align: justify;\"><em>Con informaci\u00f3n de Exc\u00e9lsior<\/em>.<\/p>\n","protected":false},"excerpt":{"rendered":"","protected":false},"author":6,"featured_media":22745,"comment_status":"open","ping_status":"open","sticky":false,"template":"","format":"standard","meta":{"_acf_changed":false,"_monsterinsights_skip_tracking":false,"slim_seo":{"title":"Van por mexicanos varados en Argentina y Per\u00fa por Covid-19 - Opini\u00f3n P\u00fablica","description":"Ciudad de M\u00e9xico .- Dos aviones de la Fuerza A\u00e9rea Mexicana despegaron esta ma\u00f1ana desde el\u00a0Aeropuerto Internacional de la Ciudad de M\u00e9xico\u00a0rumbo a Argentina y"},"footnotes":""},"categories":[9],"tags":[],"class_list":["post-22746","post","type-post","status-publish","format-standard","has-post-thumbnail","hentry","category-nacional"],"acf":[],"_links":{"self":[{"href":"https:\/\/www.opinionpublica.tv\/portada\/wp-json\/wp\/v2\/posts\/22746","targetHints":{"allow":["GET"]}}],"collection":[{"href":"https:\/\/www.opinionpublica.tv\/portada\/wp-json\/wp\/v2\/posts"}],"about":[{"href":"https:\/\/www.opinionpublica.tv\/portada\/wp-json\/wp\/v2\/types\/post"}],"author":[{"embeddable":true,"href":"https:\/\/www.opinionpublica.tv\/portada\/wp-json\/wp\/v2\/users\/6"}],"replies":[{"embeddable":true,"href":"https:\/\/www.opinionpublica.tv\/portada\/wp-json\/wp\/v2\/comments?post=22746"}],"version-history":[{"count":0,"href":"https:\/\/www.opinionpublica.tv\/portada\/wp-json\/wp\/v2\/posts\/22746\/revisions"}],"wp:featuredmedia":[{"embeddable":true,"href":"https:\/\/www.opinionpublica.tv\/portada\/wp-json\/wp\/v2\/media\/22745"}],"wp:attachment":[{"href":"https:\/\/www.opinionpublica.tv\/portada\/wp-json\/wp\/v2\/media?parent=22746"}],"wp:term":[{"taxonomy":"category","embeddable":true,"href":"https:\/\/www.opinionpublica.tv\/portada\/wp-json\/wp\/v2\/categories?post=22746"},{"taxonomy":"post_tag","embeddable":true,"href":"https:\/\/www.opinionpublica.tv\/portada\/wp-json\/wp\/v2\/tags?post=22746"}],"curies":[{"name":"wp","href":"https:\/\/api.w.org\/{rel}","templated":true}]}}