{"id":22726,"date":"2020-03-27T07:00:00","date_gmt":"2020-03-27T06:00:00","guid":{"rendered":"https:\/\/www.opinionpublica.tv\/portada\/2020\/03\/27\/coronavirus-ya-son-12-los-muertos-y-717-los-contagiados-por-covid-19-en-mexico\/"},"modified":"2020-03-27T07:00:00","modified_gmt":"2020-03-27T06:00:00","slug":"coronavirus-ya-son-12-los-muertos-y-717-los-contagiados-por-covid-19-en-mexico","status":"publish","type":"post","link":"https:\/\/www.opinionpublica.tv\/portada\/coronavirus-ya-son-12-los-muertos-y-717-los-contagiados-por-covid-19-en-mexico\/","title":{"rendered":"Coronavirus: ya son 12 los muertos y 717 los contagiados por Covid-19 en M\u00e9xico"},"content":{"rendered":"<p><img fetchpriority=\"high\" decoding=\"async\" class=\" size-full wp-image-22725\" src=\"https:\/\/www.opinionpublica.tv\/portada\/wp-content\/uploads\/2020\/03\/5295f8e705985703c1f3208f9de4f637.jpg\" alt=\"\" class=\"caption\" title=\"La crisis del coronavirus est\u00e1 impactando la econom\u00eda del mundo.\" width=\"503\" height=\"303\" srcset=\"https:\/\/www.opinionpublica.tv\/portada\/wp-content\/uploads\/2020\/03\/5295f8e705985703c1f3208f9de4f637.jpg 503w, https:\/\/www.opinionpublica.tv\/portada\/wp-content\/uploads\/2020\/03\/5295f8e705985703c1f3208f9de4f637-300x181.jpg 300w\" sizes=\"(max-width: 503px) 100vw, 503px\" \/><br \/>\n<!--more--><\/p>\n<p style=\"text-align: justify;\"><em>Ciudad de M\u00e9xico<\/em>.- La Secretar\u00eda de Salud confirm\u00f3 la muerte de 4 personas m\u00e1s por Covid-19, con lo que suman 12 decesos, y 132 contagiados m\u00e1s que ayer, con lo que van 717.<\/p>\n<p style=\"text-align: justify;\">\u201cEste es el panorama que tenemos en nuestro pa\u00eds. El d\u00eda de hoy, tenemos 717 casos confirmados, tenemos un total de 2 mil 475 casos sospechosos, un total de 3 mil 542 casos negativos y 12 defunciones\u00bb, inform\u00f3 Christian Arturo Zaragoza Jim\u00e9nez, director de Informaci\u00f3n Epidemiol\u00f3gica.<\/p>\n<p style=\"text-align: justify;\">Zaragoza coment\u00f3 que 27 estados del Pa\u00eds se encuentran en el estado de 1 a 50 casos.<\/p>\n<p style=\"text-align: justify;\">Asimismo, Puebla, Estado de M\u00e9xico, Jalisco y Nuevo Le\u00f3n se encuentran en el rango de 51 a 100 casos.<\/p>\n<p style=\"text-align: justify;\">Mientras que la Ciudad de M\u00e9xico es la entidad que concentra el mayor n\u00famero de casos de coronavirus al ubicarse en una gradiente de 100 a 250 casos.<\/p>\n<p style=\"text-align: justify;\"><strong>Alerta roja en Estados Unidos<\/strong><\/p>\n<p style=\"text-align: justify;\">As\u00ed mismo, la cifra de contagiados de Covid-19 en Estados Unidos lleg\u00f3 este viernes a cien mil casos y, desde ayer, lidera las infecciones a nivel mundial, de acuerdo con datos de la Universidad Johns Hopkins.<\/p>\n<p style=\"text-align: justify;\">Los nuevos datos reflejan que en el pa\u00eds hay cien mil 717 infectados, a la vez que suman mil 544 muertes por la enfermedad.<\/p>\n<p style=\"text-align: justify;\">Ante la dimensi\u00f3n de la pandemia, el Congreso aprob\u00f3 hoy un plan de rescate por 2.2 billones de d\u00f3lares y horas despu\u00e9s el Presidente Donald Trump promulg\u00f3 la ley.<\/p>\n<p style=\"text-align: justify;\">Adem\u00e1s, orden\u00f3 a General Motors producir ventiladores de conformidad con la Ley de Producci\u00f3n de Defensa (LPD), una ley de guerra que el Presidente invoc\u00f3 recientemente para hacer frente a la pandemia de Covid-19.<\/p>\n","protected":false},"excerpt":{"rendered":"","protected":false},"author":6,"featured_media":22725,"comment_status":"open","ping_status":"open","sticky":false,"template":"","format":"standard","meta":{"_acf_changed":false,"_monsterinsights_skip_tracking":false,"slim_seo":{"title":"Coronavirus: ya son 12 los muertos y 717 los contagiados por Covid-19 en M\u00e9xico - Opini\u00f3n P\u00fablica","description":"Ciudad de M\u00e9xico .- La Secretar\u00eda de Salud confirm\u00f3 la muerte de 4 personas m\u00e1s por Covid-19, con lo que suman 12 decesos, y 132 contagiados m\u00e1s que ayer, con l"},"footnotes":""},"categories":[3],"tags":[],"class_list":["post-22726","post","type-post","status-publish","format-standard","has-post-thumbnail","hentry","category-principal"],"acf":[],"_links":{"self":[{"href":"https:\/\/www.opinionpublica.tv\/portada\/wp-json\/wp\/v2\/posts\/22726","targetHints":{"allow":["GET"]}}],"collection":[{"href":"https:\/\/www.opinionpublica.tv\/portada\/wp-json\/wp\/v2\/posts"}],"about":[{"href":"https:\/\/www.opinionpublica.tv\/portada\/wp-json\/wp\/v2\/types\/post"}],"author":[{"embeddable":true,"href":"https:\/\/www.opinionpublica.tv\/portada\/wp-json\/wp\/v2\/users\/6"}],"replies":[{"embeddable":true,"href":"https:\/\/www.opinionpublica.tv\/portada\/wp-json\/wp\/v2\/comments?post=22726"}],"version-history":[{"count":0,"href":"https:\/\/www.opinionpublica.tv\/portada\/wp-json\/wp\/v2\/posts\/22726\/revisions"}],"wp:featuredmedia":[{"embeddable":true,"href":"https:\/\/www.opinionpublica.tv\/portada\/wp-json\/wp\/v2\/media\/22725"}],"wp:attachment":[{"href":"https:\/\/www.opinionpublica.tv\/portada\/wp-json\/wp\/v2\/media?parent=22726"}],"wp:term":[{"taxonomy":"category","embeddable":true,"href":"https:\/\/www.opinionpublica.tv\/portada\/wp-json\/wp\/v2\/categories?post=22726"},{"taxonomy":"post_tag","embeddable":true,"href":"https:\/\/www.opinionpublica.tv\/portada\/wp-json\/wp\/v2\/tags?post=22726"}],"curies":[{"name":"wp","href":"https:\/\/api.w.org\/{rel}","templated":true}]}}