{"id":22718,"date":"2020-03-27T07:00:00","date_gmt":"2020-03-27T06:00:00","guid":{"rendered":"https:\/\/www.opinionpublica.tv\/portada\/2020\/03\/27\/el-liderazgo-tiene-una-cita-con-el-futuro\/"},"modified":"2020-03-27T07:00:00","modified_gmt":"2020-03-27T06:00:00","slug":"el-liderazgo-tiene-una-cita-con-el-futuro","status":"publish","type":"post","link":"https:\/\/www.opinionpublica.tv\/portada\/el-liderazgo-tiene-una-cita-con-el-futuro\/","title":{"rendered":"El liderazgo tiene una cita con el futuro"},"content":{"rendered":"<img fetchpriority=\"high\" decoding=\"async\" class=\" size-full wp-image-22717\" src=\"https:\/\/www.opinionpublica.tv\/portada\/wp-content\/uploads\/2020\/03\/383993895820fd87cf2236637e4eecc1.jpg\" alt=\"\" class=\"caption\" title=\"Jorge G. Casta\u00f1eda.\" width=\"225\" height=\"225\" srcset=\"https:\/\/www.opinionpublica.tv\/portada\/wp-content\/uploads\/2020\/03\/383993895820fd87cf2236637e4eecc1.jpg 225w, https:\/\/www.opinionpublica.tv\/portada\/wp-content\/uploads\/2020\/03\/383993895820fd87cf2236637e4eecc1-150x150.jpg 150w\" sizes=\"(max-width: 225px) 100vw, 225px\" \/>\n<p style=\"text-align: justify;\">Como era l\u00f3gico, los l\u00edderes de los m\u00e1s de 30 pa\u00edses latinoamericanos tomaron rumbos distintos desde el principio de la crisis del\u00a0<a href=\"https:\/\/cnnespanol.cnn.com\/category\/coronavirus\/\">coronavirus<\/a>. Algunos -los de las naciones m\u00e1s grandes- antepusieron consideraciones econ\u00f3micas y escepticismo frente a elementos de salud p\u00fablica. Otros procedieron a cerrar sus fronteras r\u00e1pidamente, incluyendo el tr\u00e1fico a\u00e9reo y terminaron por clausurar todas las actividades, siguiendo el esquema de varios pa\u00edses de\u00a0<a href=\"https:\/\/cnnespanol.cnn.com\/category\/europa\/\">Europa<\/a>\u00a0occidental.<\/p>\n<p><!--more--><\/p>\n<p style=\"text-align: justify;\">Pero con el paso de los d\u00edas, las diferencias iniciales se disiparon. Haciendo a un lado las excentricidades individuales \u2013la obsesi\u00f3n de Andr\u00e9s Manuel L\u00f3pez Obrador por besar ni\u00f1os y saludar de mano a todos sus seguidores, la de\u00a0<a href=\"https:\/\/cnnespanol.cnn.com\/tag\/jair-bolsonaro\/\">Jair Bolsonaro<\/a>\u00a0por despreciar todo lo que viene de afuera-, paulatinamente los diversos gobiernos de Am\u00e9rica Latina han visto converger entre ellos sus respuestas, y tambi\u00e9n con las del resto del mundo. Al menos en los hechos, aunque la ret\u00f3rica pueda parecer dis\u00edmbola, as\u00ed como en los factores que condujeron a dicha convergencia.<\/p>\n<p style=\"text-align: justify;\">El liderazgo m\u00e1s personal, en efecto, contribuy\u00f3 a las diferencias iniciales. Mandatarios como Nayib Bukele de El Salvador fueron m\u00e1s lejos y m\u00e1s r\u00e1pido que la mayor\u00eda, cerrando fronteras, decretando cuarentena y poniendo en pr\u00e1ctica medidas econ\u00f3micas radicales de apoyo a la poblaci\u00f3n, desde la suspensi\u00f3n de cobro de ciertos servicios, como la luz, internet y tel\u00e9fono -negociando con la banca y otros en el sector privado- hasta la postergaci\u00f3n de pagos de hipotecas durante tres meses.<\/p>\n<p style=\"text-align: justify;\">Por el contrario, el pasado fin de semana el presidente de Brasil insisti\u00f3 en continuar con el festejo sus 65 a\u00f1os en compa\u00f1\u00eda de sus partidarios y critic\u00f3 a varios gobernadores por considerar que se exceden en las medidas contra el virus. L\u00f3pez Obrador conmemor\u00f3 el natalicio de Benito Ju\u00e1rez el s\u00e1bado pasado en un (peque\u00f1o) acto de masas en Oaxaca.<\/p>\n<p style=\"text-align: justify;\">Mientras que Sebasti\u00e1n Pi\u00f1era, en Chile, ha sido m\u00e1s recatado en lo individual, y declar\u00f3 el \u201cestado de cat\u00e1strofe\u201d el 18 de marzo, incluyendo el cierre de la mayor\u00eda de las escuelas. Pero por ahora, en Chile se mantienen los vuelos desde y hacia el exterior, las tiendas permanecen abiertas, as\u00ed como la mayor\u00eda de los centros de congregaci\u00f3n de personas. Por lo menos hasta el domingo 22 de marzo, Pi\u00f1era se hab\u00eda resistido a decretar una cuarentena nacional.<\/p>\n<p style=\"text-align: justify;\">Asimismo, los mandatarios de Brasil y M\u00e9xico no aceptaron decretar inicialmente un cierre de actividades gubernamentales o de fronteras terrestres o a\u00e9reas, o de escuelas y del comercio -almacenes, restaurantes, bares, cines- a diferencia de otros. Han ido cambiando de postura.<\/p>\n<p style=\"text-align: justify;\">Contrastaron as\u00ed con\u00a0<a href=\"https:\/\/cnnespanol.cnn.com\/category\/zona-andina\/colombia\/\">Colombia<\/a>, Per\u00fa y El Salvador, por ejemplo, que cerraron sus fronteras r\u00e1pidamente. Avianca, la l\u00ednea a\u00e9rea de Colombia, ces\u00f3 operaciones internacionales esta semana y el presidente Mart\u00edn Vizcarra decret\u00f3 una cuarentena completa en Per\u00fa, como lo hizo tambi\u00e9n\u00a0<a href=\"https:\/\/cnnespanol.cnn.com\/tag\/alberto-fernandez\/\">Alberto Fern\u00e1ndez<\/a>\u00a0en Argentina. El s\u00e1bado lo hizo Bolivia, posponiendo adem\u00e1s las elecciones presidenciales de principios de mayo, as\u00ed como en Chile se pospuso hasta octubre el refer\u00e9ndum del 26 de abril.<\/p>\n<p style=\"text-align: justify;\">Pero poco a poco, los matices se han ido borrando. Ya sea porque los presidentes han evolucionado, porque los gobiernos estatales o municipales han tomado cartas en el asunto, porque la sociedad se le ha adelantado a los gobiernos federales o sencillamente porque, por ejemplo, si la gente no sale a la calle, los restaurantes se vac\u00edan y cierran por falta de clientes; la situaci\u00f3n en materia de medidas de salud p\u00fablica comienza emparejarse en casi todos los pa\u00edses de la regi\u00f3n. Lo mismo sucede en el \u00e1mbito econ\u00f3mico.<\/p>\n<p style=\"text-align: justify;\">La hecatombe econ\u00f3mica afecta a todos casi por igual. Pa\u00edses m\u00e1s imbricados con la econom\u00eda estadounidense, como M\u00e9xico,\u00a0<a href=\"https:\/\/cnnespanol.cnn.com\/category\/caribe\/republica-dominicana\/\">Rep\u00fablica Dominicana<\/a>\u00a0y Jamaica, o que ya se encontraban en una situaci\u00f3n catastr\u00f3fica como Venezuela, seguramente sufrir\u00e1n m\u00e1s. Si China se recupera r\u00e1pidamente, econom\u00edas m\u00e1s vinculadas al gigante asi\u00e1tico, como Chile, Per\u00fa y Brasil, quiz\u00e1s salgan mejor libradas.<\/p>\n<p style=\"text-align: justify;\">Pero todos los gobiernos se ver\u00e1n obligados a aplicar pol\u00edticas contra c\u00edclicas y de apoyo a las personas m\u00e1s afectadas por el colapso econ\u00f3mico. En pa\u00edses en buena medida carentes de un Estado de bienestar -por ejemplo, de un seguro contra el desempleo- y cuya poblaci\u00f3n trabaja mayoritariamente en el sector informal -sin seguro m\u00e9dico-, va a ser indispensable inyectarle grandes cantidades de recursos a la sociedad y a las econom\u00edas.<\/p>\n<p style=\"text-align: justify;\">Algunos, como Bukele, empezaron ya, mientras que Pi\u00f1era ha adelantado un plan contra c\u00edclico de 4,7 puntos del PIB. El propio Bolsonaro aument\u00f3 el n\u00famero de hogares destinatarios del programa Bolsa Familia y anunci\u00f3 una ayuda de US$ 4.000 millones para trabajadores informales. S\u00f3lo M\u00e9xico se ha quedado atr\u00e1s por el momento, debido a una par\u00e1lisis generalizada de su gobierno unipersonal.<\/p>\n<p style=\"text-align: justify;\">La crisis es global, y por lo tanto, tambi\u00e9n es regional. Todos los pa\u00edses se ver\u00e1n afectados en materia de salud, y en sus econom\u00edas. Sus respuestas, con el tiempo, ser\u00e1n parecidas, si no id\u00e9nticas. Los resultados, sin embargo, variar\u00e1n. Quienes no se tardaron, fueron m\u00e1s audaces y contaron con un aparato estatal m\u00e1s s\u00f3lido, y una sociedad civil m\u00e1s organizada, saldr\u00e1n mejor de este desastre. Los otros, saldr\u00e1n peor.<\/p>\n","protected":false},"excerpt":{"rendered":"<p>Como era l\u00f3gico, los l\u00edderes de los m\u00e1s de 30 pa\u00edses latinoamericanos tomaron rumbos distintos desde el principio de la crisis del\u00a0coronavirus. Algunos -los de las naciones m\u00e1s grandes- antepusieron consideraciones econ\u00f3micas y escepticismo frente a elementos de salud p\u00fablica. Otros procedieron a cerrar sus fronteras r\u00e1pidamente, incluyendo el tr\u00e1fico a\u00e9reo y terminaron por clausurar [&hellip;]<\/p>\n","protected":false},"author":6,"featured_media":22717,"comment_status":"open","ping_status":"open","sticky":false,"template":"","format":"standard","meta":{"_acf_changed":false,"_monsterinsights_skip_tracking":false,"slim_seo":{"title":"El liderazgo tiene una cita con el futuro - Opini\u00f3n P\u00fablica","description":"Como era l\u00f3gico, los l\u00edderes de los m\u00e1s de 30 pa\u00edses latinoamericanos tomaron rumbos distintos desde el principio de la crisis del\u00a0 coronavirus . Algunos -los d"},"footnotes":""},"categories":[18],"tags":[],"class_list":["post-22718","post","type-post","status-publish","format-standard","has-post-thumbnail","hentry","category-castaneda-opina"],"acf":[],"_links":{"self":[{"href":"https:\/\/www.opinionpublica.tv\/portada\/wp-json\/wp\/v2\/posts\/22718","targetHints":{"allow":["GET"]}}],"collection":[{"href":"https:\/\/www.opinionpublica.tv\/portada\/wp-json\/wp\/v2\/posts"}],"about":[{"href":"https:\/\/www.opinionpublica.tv\/portada\/wp-json\/wp\/v2\/types\/post"}],"author":[{"embeddable":true,"href":"https:\/\/www.opinionpublica.tv\/portada\/wp-json\/wp\/v2\/users\/6"}],"replies":[{"embeddable":true,"href":"https:\/\/www.opinionpublica.tv\/portada\/wp-json\/wp\/v2\/comments?post=22718"}],"version-history":[{"count":0,"href":"https:\/\/www.opinionpublica.tv\/portada\/wp-json\/wp\/v2\/posts\/22718\/revisions"}],"wp:featuredmedia":[{"embeddable":true,"href":"https:\/\/www.opinionpublica.tv\/portada\/wp-json\/wp\/v2\/media\/22717"}],"wp:attachment":[{"href":"https:\/\/www.opinionpublica.tv\/portada\/wp-json\/wp\/v2\/media?parent=22718"}],"wp:term":[{"taxonomy":"category","embeddable":true,"href":"https:\/\/www.opinionpublica.tv\/portada\/wp-json\/wp\/v2\/categories?post=22718"},{"taxonomy":"post_tag","embeddable":true,"href":"https:\/\/www.opinionpublica.tv\/portada\/wp-json\/wp\/v2\/tags?post=22718"}],"curies":[{"name":"wp","href":"https:\/\/api.w.org\/{rel}","templated":true}]}}