{"id":22716,"date":"2020-03-27T07:00:00","date_gmt":"2020-03-27T06:00:00","guid":{"rendered":"https:\/\/www.opinionpublica.tv\/portada\/2020\/03\/27\/lanza-la-onu-plan-de-respuesta-global-contra-el-covid-19\/"},"modified":"2020-03-27T07:00:00","modified_gmt":"2020-03-27T06:00:00","slug":"lanza-la-onu-plan-de-respuesta-global-contra-el-covid-19","status":"publish","type":"post","link":"https:\/\/www.opinionpublica.tv\/portada\/lanza-la-onu-plan-de-respuesta-global-contra-el-covid-19\/","title":{"rendered":"Lanza ONU plan de respuesta global contra el Covid-19"},"content":{"rendered":"<p><img fetchpriority=\"high\" decoding=\"async\" class=\" size-full wp-image-22715\" src=\"https:\/\/www.opinionpublica.tv\/portada\/wp-content\/uploads\/2020\/03\/1da05856518bec8f4108a2b510601806.jpg\" alt=\"\" class=\"caption\" title=\"El plan emergente de la ONU frente al Covid-19 busca reactivar la econom\u00eda mundial.\" width=\"299\" height=\"168\" \/><br \/>\n<!--more--><\/p>\n<p style=\"text-align: justify;\"><em>Nueva York.<\/em>\u00a0Al lanzar un plan de respuesta al Covid-19, que prev\u00e9 donaciones por hasta 2 mil millones de d\u00f3lares, el secretario general de la Organizaci\u00f3n de las Naciones Unidas (ONU), Ant\u00f3nio Guterres, asever\u00f3 ayer que la nueva pandemia\u00a0est\u00e1 amenazando a toda la humanidad\u00a0y agreg\u00f3 que este coronavirus puede mutar en los pa\u00edses en desarrollo si no se garantiza el apoyo financiero adecuado para combatirlo.<\/p>\n<p style=\"text-align: justify;\">En tanto, la Organizaci\u00f3n Mundial de la Salud (OMS) indic\u00f3 que entiende el dilema de proteger las econom\u00edas y sistemas de protecci\u00f3n social, pero la prioridad debe ser detener la enfermedad.<\/p>\n<p style=\"text-align: justify;\">En conferencia de prensa en esta ciudad, Guterres afirm\u00f3 que el prop\u00f3sito del Plan Mundial de Respuesta Humanitaria al Covid-19 es combatir al nuevo virus\u00a0en los pa\u00edses m\u00e1s pobres del mundo\u00a0y responder a las necesidades de las personas m\u00e1s vulnerables.<\/p>\n<p style=\"text-align: justify;\">El proyecto, detallado en 80 p\u00e1ginas, se implementar\u00e1 de abril a diciembre en 51 naciones de Am\u00e9rica Latina, \u00c1frica, Medio Oriente y Asia, afectadas por crisis pol\u00edticas o conflictos armados, por conducto de las agencias de la ONU con organizaciones humanitarias en un\u00a0rol directo.<\/p>\n<p style=\"text-align: justify;\">Modesto ante los 2 billones de d\u00f3lares que destinar\u00e1 Estados Unidos para fortalecer su econom\u00eda entre la crisis del Covid-19, el plan destinar\u00e1 2 mil 12 millones de d\u00f3lares, de los cuales 450 millones se asignar\u00e1n a la OMS, 405 millones al Fondo de las Naciones Unidas para la Infancia (Unicef) y 350 millones al Programa Mundial de Alimentos (PAM) con el fin de donarlos.<\/p>\n<p style=\"text-align: justify;\">El plan identifica a unas 20 naciones prioritarias que requieren ayuda, como Afganist\u00e1n, Libia, Siria, Yemen y Venezuela.<\/p>\n<p style=\"text-align: justify;\">A escala global hay 467 mil 594 contagios, 21 mil 181 muertos y 113 mil 770 recuperados en 182 pa\u00edses o territorios, de acuerdo con el conteo de la Universidad Johns Hopkins (<a href=\"https:\/\/bit.ly\/2vUneBO\"><strong>https:\/\/bit.ly\/2vUneBO<\/strong><\/a>). China continental, donde se detect\u00f3 en diciembre el primer contagio, registr\u00f3 seis decesos, lo que elev\u00f3 la cifra nacional a 3 mil 285, y tiene 67 nuevos casos importados, que suman 81 mil 667.<\/p>\n<p style=\"text-align: justify;\">En Ginebra, el director general de la OMS, el et\u00edope Tedros Adhanom Ghebreyesus, dijo que varios pa\u00edses han introducido medidas sin precedente con un costo social y econ\u00f3mico significativo: confinamientos masivos, cierre de escuelas y negocios, cancelaci\u00f3n de eventos deportivos y solicitar a las personas que se queden en casa y se mantengan a salvo.<\/p>\n<p style=\"text-align: justify;\">Con el confinamiento de los mil 300 millones de habitantes de India, hasta ayer m\u00e1s de 3 mil millones, m\u00e1s de un tercio de la humanidad, estaban en casa con el fin de evitar la propagaci\u00f3n del Covid-19.<\/p>\n<p style=\"text-align: justify;\">Mike Ryan, director de emergencias de la OMS, indic\u00f3 que entiende el dilema de proteger a las econom\u00edas y los sistemas de asistencia social, pero la prioridad debe ser detener la enfermedad.<\/p>\n<p style=\"text-align: justify;\">En Bruselas, la Uni\u00f3n Europea (UE) apoy\u00f3 la petici\u00f3n de la ONU de establecer un alto el fuego en todos los conflictos armados del mundo.<\/p>\n<p style=\"text-align: justify;\">Europa es uno de los continentes m\u00e1s afectados, con 239 mil 912 contagios y 13 mil 824 fallecidos.<\/p>\n<p style=\"text-align: justify;\">El aumento del n\u00famero de muertes y casos por coronavirus contin\u00faa ralentiz\u00e1ndose en Italia, la naci\u00f3n m\u00e1s afectada en Europa, pese a la ligera alza que present\u00f3 en estos d\u00edas, con un tope de casi 800 fallecimientos. De martes a mi\u00e9rcoles registr\u00f3 683 decesos, lo que elev\u00f3 la cifra nacional a 7 mil 503, y detect\u00f3 3 mil 491 infectados, lo que subi\u00f3 a 74 mil 386.<\/p>\n<p style=\"text-align: justify;\">En Francia, con mil 333 muertos y 25 mil 600 infectados, el presidente Emmanuel Macron llam\u00f3 a la\u00a0unidad\u00a0frente a la pandemia y anunci\u00f3 la aplicaci\u00f3n de un\u00a0plan masivo de inversi\u00f3n\u00a0para hospitales y trabajadores del sector sanitario.<\/p>\n<p style=\"text-align: justify;\">Par\u00eds reducir\u00e1 al m\u00ednimo los servicios de Metro y ferrocarriles y cerrar\u00e1 el aeropuerto de Orly esta semana. En la casa de retiro de la fundaci\u00f3n Rothschild murieron 16 ancianos y 81 est\u00e1n contagiados.<\/p>\n<p style=\"text-align: justify;\">En Gran Breta\u00f1a, la poblaci\u00f3n respondi\u00f3 en forma masiva al llamado del gobierno para ayudar a las personas vulnerables durante el confinamiento. En 24 horas se registraron m\u00e1s de 400 mil voluntarios de los 250 mil que necesitaban.<\/p>\n<p style=\"text-align: justify;\">La canciller alemana, Angela Merkel, seguir\u00e1 en cuarentena al menos hasta la pr\u00f3xima semana aunque la segunda prueba para detectar el nuevo coronavirus tambi\u00e9n dio negativo. (La Jornada)<\/p>\n","protected":false},"excerpt":{"rendered":"","protected":false},"author":6,"featured_media":22715,"comment_status":"open","ping_status":"open","sticky":false,"template":"","format":"standard","meta":{"_acf_changed":false,"_monsterinsights_skip_tracking":false,"slim_seo":{"title":"Lanza ONU plan de respuesta global contra el Covid-19 - Opini\u00f3n P\u00fablica","description":"Nueva York. \u00a0Al lanzar un plan de respuesta al Covid-19, que prev\u00e9 donaciones por hasta 2 mil millones de d\u00f3lares, el secretario general de la Organizaci\u00f3n de l"},"footnotes":""},"categories":[11],"tags":[],"class_list":["post-22716","post","type-post","status-publish","format-standard","has-post-thumbnail","hentry","category-tendencias"],"acf":[],"_links":{"self":[{"href":"https:\/\/www.opinionpublica.tv\/portada\/wp-json\/wp\/v2\/posts\/22716","targetHints":{"allow":["GET"]}}],"collection":[{"href":"https:\/\/www.opinionpublica.tv\/portada\/wp-json\/wp\/v2\/posts"}],"about":[{"href":"https:\/\/www.opinionpublica.tv\/portada\/wp-json\/wp\/v2\/types\/post"}],"author":[{"embeddable":true,"href":"https:\/\/www.opinionpublica.tv\/portada\/wp-json\/wp\/v2\/users\/6"}],"replies":[{"embeddable":true,"href":"https:\/\/www.opinionpublica.tv\/portada\/wp-json\/wp\/v2\/comments?post=22716"}],"version-history":[{"count":0,"href":"https:\/\/www.opinionpublica.tv\/portada\/wp-json\/wp\/v2\/posts\/22716\/revisions"}],"wp:featuredmedia":[{"embeddable":true,"href":"https:\/\/www.opinionpublica.tv\/portada\/wp-json\/wp\/v2\/media\/22715"}],"wp:attachment":[{"href":"https:\/\/www.opinionpublica.tv\/portada\/wp-json\/wp\/v2\/media?parent=22716"}],"wp:term":[{"taxonomy":"category","embeddable":true,"href":"https:\/\/www.opinionpublica.tv\/portada\/wp-json\/wp\/v2\/categories?post=22716"},{"taxonomy":"post_tag","embeddable":true,"href":"https:\/\/www.opinionpublica.tv\/portada\/wp-json\/wp\/v2\/tags?post=22716"}],"curies":[{"name":"wp","href":"https:\/\/api.w.org\/{rel}","templated":true}]}}