{"id":22712,"date":"2020-03-27T07:00:00","date_gmt":"2020-03-27T06:00:00","guid":{"rendered":"https:\/\/www.opinionpublica.tv\/portada\/2020\/03\/27\/efemerides-27-de-marzo-2\/"},"modified":"2020-03-27T07:00:00","modified_gmt":"2020-03-27T06:00:00","slug":"efemerides-27-de-marzo-2","status":"publish","type":"post","link":"https:\/\/www.opinionpublica.tv\/portada\/efemerides-27-de-marzo-2\/","title":{"rendered":"Efem\u00e9rides 27 de marzo"},"content":{"rendered":"<img fetchpriority=\"high\" decoding=\"async\" class=\" size-full wp-image-22711\" src=\"https:\/\/www.opinionpublica.tv\/portada\/wp-content\/uploads\/2020\/03\/786ce832b1ed7a8d925d35779da5018d.jpg\" alt=\"\" class=\"caption\" title=\"Ronald Reagan, fue uno de los presidentes m\u00e1s populares de Estados Unidos.\" width=\"750\" height=\"495\" srcset=\"https:\/\/www.opinionpublica.tv\/portada\/wp-content\/uploads\/2020\/03\/786ce832b1ed7a8d925d35779da5018d.jpg 750w, https:\/\/www.opinionpublica.tv\/portada\/wp-content\/uploads\/2020\/03\/786ce832b1ed7a8d925d35779da5018d-300x198.jpg 300w\" sizes=\"(max-width: 750px) 100vw, 750px\" \/>\n<p style=\"text-align: justify;\">Un d\u00eda 27 de marzo como hoy, pero de 1985, el presidente estadounidense Ronald Reagan obtiene el apoyo de la OTAN para su programa de defensa espacial, llamado \u2018Guerra de las Galaxias\u2019.<\/p>\n<p><!--more--><\/p>\n<p style=\"text-align: justify;\"><strong>Otras efem\u00e9rides<\/strong><\/p>\n<p style=\"text-align: justify;\">1513.- Juan Ponce de Le\u00f3n descubre la pen\u00ednsula de La Florida.<\/p>\n<p style=\"text-align: justify;\">1528.- Se establece la Capitan\u00eda de Venezuela.<\/p>\n<p style=\"text-align: justify;\">1558.- El conquistador espa\u00f1ol Garc\u00eda Hurtado de Mendoza funda en Chile la ciudad de San Mateo de Osorno.<\/p>\n<p style=\"text-align: justify;\">1642.- Fundaci\u00f3n de la Real y Pontificia Universidad de San Francisco Javier, en Chuquisaca (Bolivia).<\/p>\n<p style=\"text-align: justify;\">1770.- Muere Juan Bautista Ti\u00e9polo, pintor italiano.<\/p>\n<p style=\"text-align: justify;\">1776.- Tras 27 d\u00edas de resistencia, los espa\u00f1oles hacen que se rindan los portugueses del fuerte de Santa Tecla, en Buenos Aires.<\/p>\n<p style=\"text-align: justify;\">1802.- Paz de Amiens, por la que Espa\u00f1a recobra la isla de Menorca, hasta entonces en posesi\u00f3n de los ingleses, y la ciudad de Olivenza, tierra portuguesa que hab\u00edan conquistado los franceses, pero pierde la isla de Trinidad, en beneficio de Inglaterra.<\/p>\n<p style=\"text-align: justify;\">1808.- P\u00edo VII excomulga a Napole\u00f3n I.<\/p>\n<p style=\"text-align: justify;\">1845.- Nace Wilhelm Roentgen, f\u00edsico alem\u00e1n, descubridor de los rayos X.<\/p>\n<p style=\"text-align: justify;\">1851.- Nace Ruperto Chap\u00ed, compositor espa\u00f1ol de zarzuelas.<\/p>\n<p style=\"text-align: justify;\">1854.- Francia e Inglaterra declaran la guerra a Rusia, con lo que comienza la contienda de Crimea.<\/p>\n<p style=\"text-align: justify;\">1861.- El Parlamento piamont\u00e9s, reunido en Tur\u00edn, declara a Roma capital de Italia.<\/p>\n<p style=\"text-align: justify;\">1882.- Primer d\u00eda de operaciones del Banco Mercantil Mexicano.<\/p>\n<p style=\"text-align: justify;\">1887.- China reconoce la ocupaci\u00f3n de Macao por los portugueses.<\/p>\n<p style=\"text-align: justify;\">1903.- Nace Xavier Villaurrutia, poeta y escritor mexicano.<\/p>\n<p style=\"text-align: justify;\">1923.- Muere Sarah Bernhardt, actriz francesa.<\/p>\n<p style=\"text-align: justify;\">1927.- Nace Mstislav Rostropovich, m\u00fasico ruso.<\/p>\n<p style=\"text-align: justify;\">1929.- Isidro Ayora es elegido presidente de Ecuador.<\/p>\n<p style=\"text-align: justify;\">1940.- Segunda Guerra Mundial: Himmler ordena la construcci\u00f3n del campo de concentraci\u00f3n de Auschwitz.<\/p>\n<p style=\"text-align: justify;\">1941.- El Gobierno yugoslavo es derrocado por un golpe de Estado militar.<\/p>\n<p style=\"text-align: justify;\">1942.- La asamblea legislativa argentina acepta la renuncia de Roberto Mar\u00eda Ortiz a la presidencia de la Rep\u00fablica y asume el cargo Ram\u00f3n Castillo.<\/p>\n<p style=\"text-align: justify;\">1942.- Nace Michael York, actor brit\u00e1nico.<\/p>\n<p style=\"text-align: justify;\">1945.- Argentina declara la guerra a Alemania y Jap\u00f3n.<\/p>\n<p style=\"text-align: justify;\">1955.- Nace Mariano Rajoy, presidente del gobierno espa\u00f1ol.<\/p>\n<p style=\"text-align: justify;\">1958.- Nikita Kruschev asume la direcci\u00f3n del Estado y del partido comunista en la URSS.<\/p>\n<p style=\"text-align: justify;\">1960.- Muere Gregorio Mara\u00f1\u00f3n, m\u00e9dico y humanista espa\u00f1ol.<\/p>\n<p style=\"text-align: justify;\">1968.- Muere Yuri Gagarin, primer astronauta sovi\u00e9tico.<\/p>\n<p style=\"text-align: justify;\">1968.- Suharto asume la presidencia de Indonesia.<\/p>\n<p style=\"text-align: justify;\">1970.- Nace Mariah Carey, cantante estadounidense.<\/p>\n<p style=\"text-align: justify;\">1977.- Choque de dos aviones en el aeropuerto de Los Rodeos, en la isla espa\u00f1ola de Tenerife, en el que mueren 583 personas.<\/p>\n<p style=\"text-align: justify;\">1984.- M\u00e9xico, Venezuela, Brasil y Colombia acuerdan un pr\u00e9stamo de 300 millones de d\u00f3lares a Argentina, para ayudarle a pagar los intereses de su deuda exterior.<\/p>\n<p style=\"text-align: justify;\">1985.- Jos\u00e9 Sarney es declarado presidente de Brasil.<\/p>\n<p style=\"text-align: justify;\">1989.- Muere Claudio Santoro, m\u00fasico brasile\u00f1o.<\/p>\n<p style=\"text-align: justify;\">1993.- El secretario general del Partido Comunista, Jiang Zemin, es elegido presidente de la Rep\u00fablica Popular China.<\/p>\n<p style=\"text-align: justify;\">1994.- El colombiano C\u00e9sar Gaviria es elegido secretario general de la OEA.<\/p>\n<p style=\"text-align: justify;\">1996.- Condenado a cadena perpetua y seis a\u00f1os adicionales el extremista jud\u00edo Igal Amir por el asesinado del primer ministro Isaac Rabin.<\/p>\n<p style=\"text-align: justify;\">1999.- El Parlamento de Venezuela aprobada la Ley Habilitante que da plenos poderes al presidente, Hugo Ch\u00e1vez, para legislar sobre asuntos econ\u00f3micos.<\/p>\n<p style=\"text-align: justify;\">1999.- M\u00e1s de 40 muertos en un incendio en el t\u00fanel del Mont-Blanc, que une Francia e Italia.<\/p>\n<p style=\"text-align: justify;\">2001.- Miles de campesinos del MST invaden dos haciendas del estado brasile\u00f1o de R\u00edo Grande do Sul.<\/p>\n<p style=\"text-align: justify;\">2002.- Detienen al narcotraficante mexicano Ad\u00e1n Medrano, miembro destacado del c\u00e1rtel del Golfo, en la frontera con EEUU.<\/p>\n<p style=\"text-align: justify;\">2002.- Muere Billy Wilder, cineasta estadounidense.<\/p>\n<p style=\"text-align: justify;\">2006.- El ministro brasile\u00f1o de Hacienda, Antonio Palocci, renuncia acosado por las denuncias sobre corrupci\u00f3n.<\/p>\n<p style=\"text-align: justify;\">2006.- El ex presidente de Chile Ricardo Lagos asume la presidencia del Club de Madrid, organismo dedicado al fortalecimiento de la democracia en el mundo.<\/p>\n<p style=\"text-align: justify;\">2007.- Muere Faustino Oramas, m\u00fasico cubano conocido como \u00abEl Guayabero\u00bb.<\/p>\n","protected":false},"excerpt":{"rendered":"<p>Un d\u00eda 27 de marzo como hoy, pero de 1985, el presidente estadounidense Ronald Reagan obtiene el apoyo de la OTAN para su programa de defensa espacial, llamado \u2018Guerra de las Galaxias\u2019.<\/p>\n","protected":false},"author":6,"featured_media":22711,"comment_status":"open","ping_status":"open","sticky":false,"template":"","format":"standard","meta":{"_acf_changed":false,"_monsterinsights_skip_tracking":false,"slim_seo":{"title":"Efem\u00e9rides 27 de marzo - Opini\u00f3n P\u00fablica","description":"Un d\u00eda 27 de marzo como hoy, pero de 1985, el presidente estadounidense Ronald Reagan obtiene el apoyo de la OTAN para su programa de defensa espacial, llamado"},"footnotes":""},"categories":[27],"tags":[],"class_list":["post-22712","post","type-post","status-publish","format-standard","has-post-thumbnail","hentry","category-un-dia-como-hoy"],"acf":[],"_links":{"self":[{"href":"https:\/\/www.opinionpublica.tv\/portada\/wp-json\/wp\/v2\/posts\/22712","targetHints":{"allow":["GET"]}}],"collection":[{"href":"https:\/\/www.opinionpublica.tv\/portada\/wp-json\/wp\/v2\/posts"}],"about":[{"href":"https:\/\/www.opinionpublica.tv\/portada\/wp-json\/wp\/v2\/types\/post"}],"author":[{"embeddable":true,"href":"https:\/\/www.opinionpublica.tv\/portada\/wp-json\/wp\/v2\/users\/6"}],"replies":[{"embeddable":true,"href":"https:\/\/www.opinionpublica.tv\/portada\/wp-json\/wp\/v2\/comments?post=22712"}],"version-history":[{"count":0,"href":"https:\/\/www.opinionpublica.tv\/portada\/wp-json\/wp\/v2\/posts\/22712\/revisions"}],"wp:featuredmedia":[{"embeddable":true,"href":"https:\/\/www.opinionpublica.tv\/portada\/wp-json\/wp\/v2\/media\/22711"}],"wp:attachment":[{"href":"https:\/\/www.opinionpublica.tv\/portada\/wp-json\/wp\/v2\/media?parent=22712"}],"wp:term":[{"taxonomy":"category","embeddable":true,"href":"https:\/\/www.opinionpublica.tv\/portada\/wp-json\/wp\/v2\/categories?post=22712"},{"taxonomy":"post_tag","embeddable":true,"href":"https:\/\/www.opinionpublica.tv\/portada\/wp-json\/wp\/v2\/tags?post=22712"}],"curies":[{"name":"wp","href":"https:\/\/api.w.org\/{rel}","templated":true}]}}