{"id":22710,"date":"2020-03-27T07:00:00","date_gmt":"2020-03-27T06:00:00","guid":{"rendered":"https:\/\/www.opinionpublica.tv\/portada\/2020\/03\/27\/paros-tecnicos-en-30-de-maquiladoras-de-juarez-por-crisis-mundial-de-coronavirus\/"},"modified":"2020-03-27T07:00:00","modified_gmt":"2020-03-27T06:00:00","slug":"paros-tecnicos-en-30-de-maquiladoras-de-juarez-por-crisis-mundial-de-coronavirus","status":"publish","type":"post","link":"https:\/\/www.opinionpublica.tv\/portada\/paros-tecnicos-en-30-de-maquiladoras-de-juarez-por-crisis-mundial-de-coronavirus\/","title":{"rendered":"Paros t\u00e9cnicos en 30% de maquiladoras de Ju\u00e1rez por crisis mundial de coronavirus"},"content":{"rendered":"<p><img fetchpriority=\"high\" decoding=\"async\" class=\" size-full wp-image-22709\" src=\"https:\/\/www.opinionpublica.tv\/portada\/wp-content\/uploads\/2020\/03\/f733ebb3e7fa7cc8293577f8dc59e30c.jpg\" alt=\"\" class=\"caption\" title=\"La falta de insumos y la par\u00e1lisis de la econom\u00eda mundial est\u00e1 afectando al sector maquilador.\" width=\"278\" height=\"181\" \/><br \/>\n<!--more--><\/p>\n<p style=\"text-align: justify;\"><em>Ciudad Ju\u00e1rez, Chih<\/em>.- Cerca del 30 por ciento de las empresas maquiladoras establecidas en Ciudad Ju\u00e1rez suspender\u00e1n labores a partir del lunes 30 de marzo, debido a la crisis mundial que ha paralizado la econom\u00eda por el coronavirus.<\/p>\n<p style=\"text-align: justify;\">Pedro Chavira, presidente de INDEX Ju\u00e1rez, que agrupa a las empresas m\u00e1s importantes de este sector, explic\u00f3 que 98 de las 327 maquiladoras locales suspender\u00e1n labores durante la semana del 30 de marzo al 3 de abril, luego de un acuerdo de pago parcial de 65 por ciento con sus trabajadores.<\/p>\n<p style=\"text-align: justify;\">Mencion\u00f3 que desde que se paraliz\u00f3 la actividad industrial en China, la falta de materias primas e insumos procedentes de aquel pa\u00eds, comenzaron a reflejarse en problemas para cumplir con los programas de producci\u00f3n.<\/p>\n<p style=\"text-align: justify;\">De acuerdo con informaci\u00f3n de la Secretar\u00eda de Econom\u00eda y del Instituto Nacional de Estad\u00edstica y Geograf\u00eda (INEGI), a nivel nacional operan 5 mil 144 empresas bajo el programa de Industria Maquiladora Manufacturera de Importaci\u00f3n (IMMEX), de las cuales 500 se ubican en el Estado de Chihuahua.<\/p>\n<p style=\"text-align: justify;\">S\u00f3lo en esta frontera este sector realiz\u00f3 durante el 2019 una derrama econ\u00f3mica de 83 mil 604 millones de pesos, incluidas prestaciones sociales, seguridad social y salarios.<\/p>\n<p style=\"text-align: justify;\">Entre los trabajadores juarenses se distribuyeron, s\u00f3lo en salarios, 67 mil 684 millones de pesos seg\u00fan la misma informaci\u00f3n.<\/p>\n<p style=\"text-align: justify;\"><strong>Aptiv se suma a paro parcial de actividades<\/strong><\/p>\n<p style=\"text-align: justify;\">De igual forma, la empresa Aptiv emiti\u00f3 esta semana el siguiente comunicado:<\/p>\n<p style=\"text-align: justify;\">\u201cNuestra industria enfrenta desaf\u00edos sin precedentes con el brote del Coronavirus (COVID-19). Seguimos comprometidos con la seguridad de nuestros empleados y trabajando muy de cerca con nuestros clientes para superar estos desaf\u00edos.<\/p>\n<p style=\"text-align: justify;\">Mientras que nuestras plantas tienen fuertes medidas implementadas para mantener a nuestros empleados seguros, muchos de nuestros clientes est\u00e1n anunciando la suspensi\u00f3n de producci\u00f3n en Europa y en Am\u00e9rica.<\/p>\n<p style=\"text-align: justify;\">A partir del viernes 20 de marzo de 2020, Aptiv comenz\u00f3 a reducir producci\u00f3n de manera alineada a los cierres de las plantas de nuestros clientes.<\/p>\n<p style=\"text-align: justify;\">Para estar preparados para satisfacer las necesidades de producci\u00f3n sin comprometer la calidad, continuaremos asegur\u00e1ndonos de que nuestras plantas sean un lugar seguro de trabajo para nuestros empleados a su regreso.<\/p>\n<p style=\"text-align: justify;\">Trabajaremos de cerca con nuestros clientes y gobiernos locales para determinar cu\u00e1ndo la producci\u00f3n comenzar\u00e1 de nuevo.\u201d<\/p>\n","protected":false},"excerpt":{"rendered":"","protected":false},"author":6,"featured_media":22709,"comment_status":"open","ping_status":"open","sticky":false,"template":"","format":"standard","meta":{"_acf_changed":false,"_monsterinsights_skip_tracking":false,"slim_seo":{"title":"Paros t\u00e9cnicos en 30% de maquiladoras de Ju\u00e1rez por crisis mundial de coronavirus - Opini\u00f3n P\u00fablica","description":"Ciudad Ju\u00e1rez, Chih .- Cerca del 30 por ciento de las empresas maquiladoras establecidas en Ciudad Ju\u00e1rez suspender\u00e1n labores a partir del lunes 30 de marzo, de"},"footnotes":""},"categories":[3],"tags":[],"class_list":["post-22710","post","type-post","status-publish","format-standard","has-post-thumbnail","hentry","category-principal"],"acf":[],"_links":{"self":[{"href":"https:\/\/www.opinionpublica.tv\/portada\/wp-json\/wp\/v2\/posts\/22710","targetHints":{"allow":["GET"]}}],"collection":[{"href":"https:\/\/www.opinionpublica.tv\/portada\/wp-json\/wp\/v2\/posts"}],"about":[{"href":"https:\/\/www.opinionpublica.tv\/portada\/wp-json\/wp\/v2\/types\/post"}],"author":[{"embeddable":true,"href":"https:\/\/www.opinionpublica.tv\/portada\/wp-json\/wp\/v2\/users\/6"}],"replies":[{"embeddable":true,"href":"https:\/\/www.opinionpublica.tv\/portada\/wp-json\/wp\/v2\/comments?post=22710"}],"version-history":[{"count":0,"href":"https:\/\/www.opinionpublica.tv\/portada\/wp-json\/wp\/v2\/posts\/22710\/revisions"}],"wp:featuredmedia":[{"embeddable":true,"href":"https:\/\/www.opinionpublica.tv\/portada\/wp-json\/wp\/v2\/media\/22709"}],"wp:attachment":[{"href":"https:\/\/www.opinionpublica.tv\/portada\/wp-json\/wp\/v2\/media?parent=22710"}],"wp:term":[{"taxonomy":"category","embeddable":true,"href":"https:\/\/www.opinionpublica.tv\/portada\/wp-json\/wp\/v2\/categories?post=22710"},{"taxonomy":"post_tag","embeddable":true,"href":"https:\/\/www.opinionpublica.tv\/portada\/wp-json\/wp\/v2\/tags?post=22710"}],"curies":[{"name":"wp","href":"https:\/\/api.w.org\/{rel}","templated":true}]}}