{"id":22706,"date":"2020-03-27T07:00:00","date_gmt":"2020-03-27T06:00:00","guid":{"rendered":"https:\/\/www.opinionpublica.tv\/portada\/2020\/03\/27\/el-experimento-concluyo\/"},"modified":"2020-03-27T07:00:00","modified_gmt":"2020-03-27T06:00:00","slug":"el-experimento-concluyo","status":"publish","type":"post","link":"https:\/\/www.opinionpublica.tv\/portada\/el-experimento-concluyo\/","title":{"rendered":"El experimento concluy\u00f3"},"content":{"rendered":"<img fetchpriority=\"high\" decoding=\"async\" class=\" size-full wp-image-22705\" src=\"https:\/\/www.opinionpublica.tv\/portada\/wp-content\/uploads\/2020\/03\/81f4a4dbfe78103be72f53fbeadfacae.jpg\" alt=\"\" class=\"caption\" title=\"Ra\u00fal Ruiz G\u00f3mez.\" width=\"245\" height=\"262\" \/>\n<p style=\"text-align: justify;\">Luego de aislarnos aterrorizados por el coco, durante dos semanas obligadas, en lo que se conoce como la fase 2 de la pandemia, todo volver\u00e1 a la normalidad.\u00a0Entendi\u00e9ndose por tal, el retorno a la actividad econ\u00f3mica.<\/p>\n<p><!--more--><\/p>\n<p style=\"text-align: justify;\">As\u00ed tendr\u00e1 que ser pues a\u00fan existe el riesgo de contagio. Pero ya todo volver\u00e1 a estar bajo control. \u00bfDe quien? De los poderosos del orbe. Obvio.<\/p>\n<p style=\"text-align: justify;\">Lo dijo ayer Trump, y el plazo se vencer\u00e1 el pr\u00f3ximo 12 de abril, para que se reactive la econom\u00eda norteamericana, y de rebote la mexicana.<\/p>\n<p style=\"text-align: justify;\">El mort\u00edfero experimento ha concluido.<\/p>\n<p style=\"text-align: justify;\">Como ya lo he dicho en otras ocasiones, buscar culpables es lo de menos. El terror cobr\u00f3 su esencia y presencia. Y colaps\u00f3 al mundo.<\/p>\n<p style=\"text-align: justify;\">En el recuento de los da\u00f1os:<\/p>\n<p style=\"text-align: justify;\">&#8211; 20 mil muertos. Tal vez treinta por los que ya est\u00e1n m\u00e1s all\u00e1 que ac\u00e1. No es tan relevante si tan s\u00f3lo en un d\u00eda mueren 18 mil ni\u00f1os por hambre, y nadie volte\u00f3 a verlos, mucho menos a salvarlos.<\/p>\n<p style=\"text-align: justify;\">&#8211; 6,500 millones de hist\u00e9ricos con secuelas graves de trastornos mentales causados por el terror. El resto de la humanidad ni se enter\u00f3. No tienen internet.<\/p>\n<p style=\"text-align: justify;\">&#8211; Incalculable cifra de fam\u00e9licos que s\u00f3lo pasar\u00e1n de semana Santa, y sucumbir\u00e1n v\u00edctimas del crack universal. Sin dinero, sin empleo y sin oportunidades, su destino es el pante\u00f3n.<\/p>\n<p style=\"text-align: justify;\">Entre apocal\u00edpticos e hipocondr\u00edacos. El mundo se colapsa.<\/p>\n<p style=\"text-align: justify;\">Aflora el Trastorno de la Ansiedad.<\/p>\n<p style=\"text-align: justify;\">Es un\u00a0trastorno\u00a0mental en el cual una persona a menudo est\u00e1 preocupada o ansiosa respecto a muchas cosas y le parece dif\u00edcil controlar esta\u00a0ansiedad.<\/p>\n<p style=\"text-align: justify;\">Conforme avanza la cuarentena, el terror se va carcomiendo las fortalezas an\u00edmicas de la gente.<\/p>\n<p style=\"text-align: justify;\">Y si intentas sacarlos de su trastorno, se vuelcan contra ti como si hubieses lastimado sus fundamentos m\u00e1s profundos. Como los fumadores a los que conminas a dejar el tabaco.<\/p>\n<p style=\"text-align: justify;\">El fin de semana estuve conversando con mi anacoreta de cabecera, quien tiene su covacha en el Valle del Tangamanga, y peloteamos el tema de la histeria colectiva que ha zangoloteado al mundo.<\/p>\n<p style=\"text-align: justify;\">\u201cNunca imagin\u00e9 que viviera esta situaci\u00f3n de neurosis colectiva; jam\u00e1s vi tan claramente el poder de la \u00e9lites globales en uno de sus operativos m\u00e1s espectaculares. Lograron acobardar al mundo entero. Lograron que la gente enloqueciera de miedo. Ya no hay resistencia posible al poder. Hoy aparecen en todos lados manadas de corderos. Todos buscando un lugar en el hato.\u201d Me dijo.<\/p>\n<p style=\"text-align: justify;\">Y agreg\u00f3 un tanto molesto: \u201cSi sobrevivo a la pandemia, luego har\u00e9 un resumen de la locura&#8230; Muchos se har\u00e1n pendejos, pero no tienen escapatoria, han dejado huellas por todos lados de su pavor a lo desconocido. Cobardes.\u201d<\/p>\n<p style=\"text-align: justify;\">Diezmada la humanidad en su fortaleza an\u00edmica quedar\u00e1 expuesta a otros flagelos m\u00e1s terribles.<\/p>\n<p style=\"text-align: justify;\">Cuando el hambre apriete al l\u00edmite, la masa saldr\u00e1 a la calle a quitarle al vecino lo que necesita.<\/p>\n<p style=\"text-align: justify;\">Porque los hambreadores del pueblo triplicar\u00e1n los precios de los productos b\u00e1sicos con toda impunidad. Y vendr\u00e1n los saqueos de la perrada enfurecida y hambrienta.<\/p>\n<p style=\"text-align: justify;\">El control social ser\u00e1 del narcopoder. La f\u00f3rmula: hambre + crimen organizado, dar\u00e1 como resultado la muerte de muchos, muchos m\u00e1s de los que pudo matar el bicho amarillo plantado en el Oriente.<\/p>\n<p style=\"text-align: justify;\">Apenas vamos saliendo de la Caverna de Plat\u00f3n.<\/p>\n<p style=\"text-align: justify;\">El mito de la caverna es donde Plat\u00f3n explica su teor\u00eda de c\u00f3mo podemos captar la existencia de los dos mundos. El mundo sensible y el mundo inteligible.<\/p>\n<p style=\"text-align: justify;\">C\u00f3mo la gente no ve la realidad, sino sombras de ella. Cuando salen descubren la realidad, pueden ver que sus cadenas y vidas estaban proyectadas en sombras, \u00a1que eran ciegos!<\/p>\n<p style=\"text-align: justify;\">As\u00ed andamos todav\u00eda.<\/p>\n<p style=\"text-align: justify;\">La dram\u00e1tica realidad nos abrir\u00e1 los ojos y nos provocar\u00e1 gritos.<\/p>\n<p style=\"text-align: justify;\">Este experimento ha concluido. Pero vienen otros temores por enfrentar. Tomen un poco de aire antes de sumergirse nuevamente en el miedo.<\/p>\n<p style=\"text-align: justify;\">Hasta que un d\u00eda puedan ver la manipulaci\u00f3n masiva a la que hab\u00e9is sido sujetos.<\/p>\n<p style=\"text-align: justify;\">Por hoy, los amos del mundo les han liberado ya. El precio del petr\u00f3leo subi\u00f3, el buque vuelve a navegar.<\/p>\n<p style=\"text-align: justify;\">Domingo 12 de abril, \u00a1Se abrir\u00e1 la Glor\u00eda! Resucitar\u00e1n los mercados. Revive el consumismo.<\/p>\n<p style=\"text-align: justify;\">Morir\u00e1 el maldito coronavirus.<\/p>\n<p style=\"text-align: justify;\">\u00a1Cerveza para todos!<\/p>\n","protected":false},"excerpt":{"rendered":"<p>Luego de aislarnos aterrorizados por el coco, durante dos semanas obligadas, en lo que se conoce como la fase 2 de la pandemia, todo volver\u00e1 a la normalidad.\u00a0Entendi\u00e9ndose por tal, el retorno a la actividad econ\u00f3mica.<\/p>\n","protected":false},"author":6,"featured_media":22705,"comment_status":"open","ping_status":"open","sticky":false,"template":"","format":"standard","meta":{"_acf_changed":false,"_monsterinsights_skip_tracking":false,"slim_seo":{"title":"El experimento concluy\u00f3 - Opini\u00f3n P\u00fablica","description":"Luego de aislarnos aterrorizados por el coco, durante dos semanas obligadas, en lo que se conoce como la fase 2 de la pandemia, todo volver\u00e1 a la normalidad.\u00a0En"},"footnotes":""},"categories":[21],"tags":[],"class_list":["post-22706","post","type-post","status-publish","format-standard","has-post-thumbnail","hentry","category-cartapacio"],"acf":[],"_links":{"self":[{"href":"https:\/\/www.opinionpublica.tv\/portada\/wp-json\/wp\/v2\/posts\/22706","targetHints":{"allow":["GET"]}}],"collection":[{"href":"https:\/\/www.opinionpublica.tv\/portada\/wp-json\/wp\/v2\/posts"}],"about":[{"href":"https:\/\/www.opinionpublica.tv\/portada\/wp-json\/wp\/v2\/types\/post"}],"author":[{"embeddable":true,"href":"https:\/\/www.opinionpublica.tv\/portada\/wp-json\/wp\/v2\/users\/6"}],"replies":[{"embeddable":true,"href":"https:\/\/www.opinionpublica.tv\/portada\/wp-json\/wp\/v2\/comments?post=22706"}],"version-history":[{"count":0,"href":"https:\/\/www.opinionpublica.tv\/portada\/wp-json\/wp\/v2\/posts\/22706\/revisions"}],"wp:featuredmedia":[{"embeddable":true,"href":"https:\/\/www.opinionpublica.tv\/portada\/wp-json\/wp\/v2\/media\/22705"}],"wp:attachment":[{"href":"https:\/\/www.opinionpublica.tv\/portada\/wp-json\/wp\/v2\/media?parent=22706"}],"wp:term":[{"taxonomy":"category","embeddable":true,"href":"https:\/\/www.opinionpublica.tv\/portada\/wp-json\/wp\/v2\/categories?post=22706"},{"taxonomy":"post_tag","embeddable":true,"href":"https:\/\/www.opinionpublica.tv\/portada\/wp-json\/wp\/v2\/tags?post=22706"}],"curies":[{"name":"wp","href":"https:\/\/api.w.org\/{rel}","templated":true}]}}