{"id":22702,"date":"2020-03-26T07:00:00","date_gmt":"2020-03-26T06:00:00","guid":{"rendered":"https:\/\/www.opinionpublica.tv\/portada\/2020\/03\/26\/ya-son-ocho-muertos-y-585-casos-de-coronavirus-en-mexico-piden-extremar-precauciones\/"},"modified":"2020-03-26T07:00:00","modified_gmt":"2020-03-26T06:00:00","slug":"ya-son-ocho-muertos-y-585-casos-de-coronavirus-en-mexico-piden-extremar-precauciones","status":"publish","type":"post","link":"https:\/\/www.opinionpublica.tv\/portada\/ya-son-ocho-muertos-y-585-casos-de-coronavirus-en-mexico-piden-extremar-precauciones\/","title":{"rendered":"Suman ocho muertos y 585 casos de Covid19 en M\u00e9xico; piden extremar precauciones"},"content":{"rendered":"<p><img fetchpriority=\"high\" decoding=\"async\" class=\" size-full wp-image-22701\" src=\"https:\/\/www.opinionpublica.tv\/portada\/wp-content\/uploads\/2020\/03\/0ec7a4a902e1a08d02b1280d6d6c0d8f.jpg\" alt=\"\" class=\"caption\" title=\"La fase dos contra el coronavirus apenas inicia en M\u00e9xico.\" width=\"1080\" height=\"625\" srcset=\"https:\/\/www.opinionpublica.tv\/portada\/wp-content\/uploads\/2020\/03\/0ec7a4a902e1a08d02b1280d6d6c0d8f.jpg 1080w, https:\/\/www.opinionpublica.tv\/portada\/wp-content\/uploads\/2020\/03\/0ec7a4a902e1a08d02b1280d6d6c0d8f-300x174.jpg 300w, https:\/\/www.opinionpublica.tv\/portada\/wp-content\/uploads\/2020\/03\/0ec7a4a902e1a08d02b1280d6d6c0d8f-1024x593.jpg 1024w, https:\/\/www.opinionpublica.tv\/portada\/wp-content\/uploads\/2020\/03\/0ec7a4a902e1a08d02b1280d6d6c0d8f-768x444.jpg 768w\" sizes=\"(max-width: 1080px) 100vw, 1080px\" \/><br \/>\n<!--more--><\/p>\n<p style=\"text-align: justify;\"><em>Ciudad de M\u00e9xico<\/em>.- La Secretar\u00eda de Salud confirm\u00f3 este jueves que ya son ocho las personas fallecidas por el nuevo coronavirus SARS-COV-2 en M\u00e9xico.<\/p>\n<p style=\"text-align: justify;\">Adem\u00e1s, los casos confirmados ascienden a 585, inform\u00f3 Ana Luc\u00eda De la Garza Barroso, directora de Investigaci\u00f3n Operativa Epidemiol\u00f3gica.<\/p>\n<p style=\"text-align: justify;\">De estos, el 3 por ciento fueron reportados como graves.<\/p>\n<p style=\"text-align: justify;\">Mientras tanto, los casos sospechosos de la enfermedad COVID-19 ascendieron a dos mil 156.<\/p>\n<p style=\"text-align: justify;\">Los casos confirmados en el mundo son 462 mil 684, de acuerdo con la Organizaci\u00f3n Mundial de la Salud, por lo cual las autoridades mexicanas anunciaron que extremaran las medidas de precauci\u00f3n.<\/p>\n","protected":false},"excerpt":{"rendered":"","protected":false},"author":6,"featured_media":22701,"comment_status":"open","ping_status":"open","sticky":false,"template":"","format":"standard","meta":{"_acf_changed":false,"_monsterinsights_skip_tracking":false,"slim_seo":{"title":"Suman ocho muertos y 585 casos de Covid19 en M\u00e9xico; piden extremar precauciones - Opini\u00f3n P\u00fablica","description":"Ciudad de M\u00e9xico .- La Secretar\u00eda de Salud confirm\u00f3 este jueves que ya son ocho las personas fallecidas por el nuevo coronavirus SARS-COV-2 en M\u00e9xico. Adem\u00e1s, l"},"footnotes":""},"categories":[3],"tags":[],"class_list":["post-22702","post","type-post","status-publish","format-standard","has-post-thumbnail","hentry","category-principal"],"acf":[],"_links":{"self":[{"href":"https:\/\/www.opinionpublica.tv\/portada\/wp-json\/wp\/v2\/posts\/22702","targetHints":{"allow":["GET"]}}],"collection":[{"href":"https:\/\/www.opinionpublica.tv\/portada\/wp-json\/wp\/v2\/posts"}],"about":[{"href":"https:\/\/www.opinionpublica.tv\/portada\/wp-json\/wp\/v2\/types\/post"}],"author":[{"embeddable":true,"href":"https:\/\/www.opinionpublica.tv\/portada\/wp-json\/wp\/v2\/users\/6"}],"replies":[{"embeddable":true,"href":"https:\/\/www.opinionpublica.tv\/portada\/wp-json\/wp\/v2\/comments?post=22702"}],"version-history":[{"count":0,"href":"https:\/\/www.opinionpublica.tv\/portada\/wp-json\/wp\/v2\/posts\/22702\/revisions"}],"wp:featuredmedia":[{"embeddable":true,"href":"https:\/\/www.opinionpublica.tv\/portada\/wp-json\/wp\/v2\/media\/22701"}],"wp:attachment":[{"href":"https:\/\/www.opinionpublica.tv\/portada\/wp-json\/wp\/v2\/media?parent=22702"}],"wp:term":[{"taxonomy":"category","embeddable":true,"href":"https:\/\/www.opinionpublica.tv\/portada\/wp-json\/wp\/v2\/categories?post=22702"},{"taxonomy":"post_tag","embeddable":true,"href":"https:\/\/www.opinionpublica.tv\/portada\/wp-json\/wp\/v2\/tags?post=22702"}],"curies":[{"name":"wp","href":"https:\/\/api.w.org\/{rel}","templated":true}]}}