{"id":22694,"date":"2020-03-26T07:00:00","date_gmt":"2020-03-26T06:00:00","guid":{"rendered":"https:\/\/www.opinionpublica.tv\/portada\/2020\/03\/26\/la-fase-2\/"},"modified":"2020-03-26T07:00:00","modified_gmt":"2020-03-26T06:00:00","slug":"la-fase-2","status":"publish","type":"post","link":"https:\/\/www.opinionpublica.tv\/portada\/la-fase-2\/","title":{"rendered":"La fase 2"},"content":{"rendered":"<img fetchpriority=\"high\" decoding=\"async\" class=\" size-full wp-image-22693\" src=\"https:\/\/www.opinionpublica.tv\/portada\/wp-content\/uploads\/2020\/03\/e4a45df6692659b6f8387fdc8321c013.jpg\" alt=\"\" class=\"caption\" title=\"Ra\u00fal Ruiz G\u00f3mez.\" width=\"245\" height=\"262\" \/>\n<p style=\"text-align: justify;\">Todo cuanto hayamos escuchado acerca del Covid 19, requiere ser procesado por nuestra inteligencia. Hasta el momento est\u00e1 muy claro que el malvado virus mata.<\/p>\n<p><!--more--><\/p>\n<p style=\"text-align: justify;\">Pero no mata a cualquiera. Se lleva a las profundidades del Mictl\u00e1n, a aquellas personas que tienen alguna deficiencia fisiol\u00f3gica grave como una diabetes mal cuidada, problemas de hipertensi\u00f3n, pulmonares, c\u00e1ncer, etc. O a los viejitos ya muy cascaritas.<\/p>\n<p style=\"text-align: justify;\">Al principio de esta peste, el p\u00e1nico comenz\u00f3 con la informaci\u00f3n de que habr\u00eda sido un virus dise\u00f1ado y patentado en los Estados Unidos, dirigido a la poblaci\u00f3n de 60 a\u00f1os y m\u00e1s, para una hacer una profilaxis social. Un plan eugen\u00e9sico urdido por la oligarqu\u00eda mundial, para establecer un nuevo Orden Mundial.<\/p>\n<p style=\"text-align: justify;\">Esta versi\u00f3n est\u00e1 por comprobarse, pero seguramente la verdad quedar\u00e1 sepultada entre las catacumbas del olvido.<\/p>\n<p style=\"text-align: justify;\">El mundo est\u00e1 detenido, pero al mismo tiempo en el n\u00facleo de la fuerza que lo impele, se est\u00e1n realizando a toda velocidad, los cambios de paradigmas que regir\u00e1n el futuro de nuestra existencia.<\/p>\n<p style=\"text-align: justify;\">Din\u00e1mica tan veloz que toma a todos por sorpresa y nos deja m\u00e1s ciegos de lo que ya estamos.<\/p>\n<p style=\"text-align: justify;\">Daremos tumbos y palos de ciego en la b\u00fasqueda de nuestras fuentes de financiamiento. Porque en este crack universal los \u00fanicos que salen ganando, y mucho, son los amos de la econom\u00eda mundial. Los oligarcas de toda la vida.<\/p>\n<p style=\"text-align: justify;\">Descubrir el origen de esta desgracia mundial ya es lo de menos. Urge m\u00e1s la supervivencia en la fase de reconstrucci\u00f3n de la econom\u00eda mundial.<\/p>\n<p style=\"text-align: justify;\">La figura de productividad humana denominada \u00abempleo\u00bb qued\u00f3 hecha a\u00f1icos.<\/p>\n<p style=\"text-align: justify;\">Esa es la principal preocupaci\u00f3n que debemos solventar por el momento.<\/p>\n<p style=\"text-align: justify;\">El terror nos cubri\u00f3 por completo; y es hasta ahora, cuando han muerto casi 20 mil personas en el mundo, es que sabemos que el tal Covid 19, es controlable de manera natural.<\/p>\n<p style=\"text-align: justify;\">Es cosa de mantener alcalino nuestro cuerpo y el coronavirus deja de ser letal.<\/p>\n<p style=\"text-align: justify;\">Esta categor\u00eda podr\u00e1 ser descalificada de inmediato por aquellos que exigen la certificaci\u00f3n de cient\u00edficos que la avalen.<\/p>\n<p style=\"text-align: justify;\">Sin embargo os digo, ser\u00e1 casi imposible que lo lleguen a aceptar, porque les significa perder miles de millones de d\u00f3lares en la aplicaci\u00f3n de vacunas y la receta de medicamentos placebos.<\/p>\n<p style=\"text-align: justify;\">En una recopilaci\u00f3n de recomendaciones hechas por m\u00e9dicos de todo el mundo, a trav\u00e9s de redes sociales, retomo lo principal:<\/p>\n<p style=\"text-align: justify;\">\u00bfC\u00d3MO PUEDO MANTENER MI CUERPO ALCALINO?<\/p>\n<p style=\"text-align: justify;\">Parecer\u00e1 comercial de comida chatarra, cuando al final del anuncio te sugieren: &#8216;come frutas y verduras&#8217;, pero en verdad, hay que someternos a una dieta alcalinizadora.<\/p>\n<p style=\"text-align: justify;\">Comer bien, con una predominancia de vegetales, beber agua alcalina. Todos sabemos que agua con lim\u00f3n y bicarbonato alcaliniza tu sistema inmunol\u00f3gico.<\/p>\n<p style=\"text-align: justify;\">Tomar t\u00e9 verde, de manzanilla, o diente de le\u00f3n. O un medicamento denominado Interfer\u00f3n Alpha 2 B.<\/p>\n<p style=\"text-align: justify;\">Y mantener el cuerpo ejercitado.<\/p>\n<p style=\"text-align: justify;\">Hacer deporte, caminar, trotar, bicicleta, todo al aire libre. Respetando desde luego la sana distancia. No los deportes de equipo ni asistir a los gimnasios.<\/p>\n<p style=\"text-align: justify;\">Otra recomendaci\u00f3n sana, dicen los especialistas, es el contacto sexual. Qui\u00e9n dijera, que aquello que un d\u00eda fue reprimido y satanizado, hoy te puede salvar la vida.<\/p>\n<p style=\"text-align: justify;\">Desde luego que hay necesidad de cumplir con los protocolos para evitar el contagio.<\/p>\n<p style=\"text-align: justify;\">Los puristas del protocolo acad\u00e9mico descalificar\u00e1n las opiniones m\u00e9dicas externadas v\u00eda internet, pero la velocidad del tif\u00f3n amarillo ha obligado a los especialistas a evaluar y practicar de manera improvisada pero con registros que nos dan luz; y paz a nuestras angustias. Por ejemplo:<\/p>\n<p style=\"text-align: justify;\">Se dec\u00eda que la enfermedad era asintom\u00e1tica. Y que es, hasta el momento en que el virus anida en los pulmones, cuando empiezan los malestares.<\/p>\n<p style=\"text-align: justify;\">Pero ahora se sabe, que el principal s\u00edntoma que detecta la infecci\u00f3n, es la p\u00e9rdida del olfato y posteriormente la p\u00e9rdida del gusto.<\/p>\n<p style=\"text-align: justify;\">Es entonces cuando hay que tomar providencias, y guardarse por espacio de dos semanas hasta que pase la crisis de la enfermedad.<\/p>\n<p style=\"text-align: justify;\">\u00a1Todos nos vamos a morir! Pero debemos tener claro, que no necesariamente ser\u00e1 por el maldito covid-19.<\/p>\n<p style=\"text-align: justify;\">Por \u00faltimo, los grandes laboratorios como Johnson &amp; Johnson, estar\u00e1n molestos con aseveraciones de cient\u00edficos no reconocidos por los altos estamentos de la medicina, como el bi\u00f3logo espa\u00f1ol Isidro Fuentes, quien asegura que el coronavirus es curable en 24 horas a trav\u00e9s de una aplicaci\u00f3n de di\u00f3xido de cloro disuelto en agua.<\/p>\n<p style=\"text-align: justify;\">Apela a la \u00e9tica profesional de los m\u00e9dicos, para que utilicen esta f\u00f3rmula, pues es mundialmente conocida pero que por alguna raz\u00f3n se resisten a aplicarla.<\/p>\n<p style=\"text-align: justify;\">Insisto. El verdadero problema es el crack econ\u00f3mico. Todo va a cambiar.<\/p>\n<p style=\"text-align: justify;\">A continuaci\u00f3n, por considerarlo de gran inter\u00e9s, reproduzco \u00edntegro un texto que llega a mi correo.<\/p>\n<p style=\"text-align: justify;\">\u00abCosas que la pandemia ha puesto en evidencia:<\/p>\n<ol style=\"text-align: justify;\">\n<li>Estados Unidos dej\u00f3 de ser el pa\u00eds l\u00edder.<\/li>\n<li>China gan\u00f3 la 3ra guerra mundial sin disparar ni un misil y nadie se dio cuenta.<\/li>\n<li>Putin es un visionario.<\/li>\n<li>A las malas se puede hacer mucho por el planeta y la humanidad.<\/li>\n<li>Los europeos no son tan educados y cultos como creemos.<\/li>\n<li>El personal de salud vale m\u00e1s que un futbolista.<\/li>\n<li>No estamos equivocados cuando pedimos m\u00e1s para hospitales, menos para la guerra.<\/li>\n<li>El petr\u00f3leo no vale nada en una sociedad sin consumo.<\/li>\n<li>La prevenci\u00f3n salva m\u00e1s vidas, que el actuar a \u00faltimo momento.<\/li>\n<li>Los ni\u00f1os ocupan un lugar privilegiado para la naturaleza.<\/li>\n<li>La muerte no distingue raza ni estrato social<\/li>\n<li>La estupidez populista es atrevida.<\/li>\n<li>El trabajador de la salud est\u00e1 solo, abandonado y olvidado. Y a\u00fan as\u00ed, nunca baja la guardia.<\/li>\n<li>NO estamos preparados para una pandemia.<\/li>\n<li>Los intereses particulares sobre pasan los sociales.<\/li>\n<li>El ser humano es oportunista y despreciable sin importar su posici\u00f3n econ\u00f3mica o social, al subir precios.<\/li>\n<li>Los ni\u00f1os de ahora no saben jugar sin internet o tv.<\/li>\n<li>Las redes sociales nos acercan pero tambi\u00e9n son el medio para crear caos.<\/li>\n<li>El papel higi\u00e9nico es m\u00e1s importante que la comida.<\/li>\n<li>El planeta se regenera r\u00e1pidamente sin humanos.<\/li>\n<li>Hay quienes ganan millonadas y no le sirven a la humanidad. No los idolatre.<\/li>\n<li>Un ingeniero de sistemas es importante, ya lo saben donde cay\u00f3 internet.<\/li>\n<li>Ahora los ni\u00f1os est\u00e1n siendo educados como libres pensadores por sus padres.<\/li>\n<li>Los humanos somos el verdadero virus del planeta.<\/li>\n<li>Ya sabemos qu\u00e9 sienten los animales en los zool\u00f3gicos.<\/li>\n<li>Las ayudas favorecen al rico, y el necesitado, el que vive del d\u00eda a d\u00eda se jode.<\/li>\n<li>Ning\u00fan pastor ha salvado vidas del coronavirus.\u00bb<\/li>\n<\/ol>\n<p style=\"text-align: justify;\">Sin duda son citas para reflexionar. Mientras tanto, sigan las instrucciones oficiales para contener la pandemia y en su confinamiento, piense como va a subsistir despu\u00e9s de la epidemia.<\/p>\n<p style=\"text-align: justify;\">Porque vencer la guerra contra el virus para luego morir de hambre, no ser\u00eda bueno.<\/p>\n<p style=\"text-align: justify;\">Estamos en fase dos.<\/p>\n","protected":false},"excerpt":{"rendered":"<p>Todo cuanto hayamos escuchado acerca del Covid 19, requiere ser procesado por nuestra inteligencia. Hasta el momento est\u00e1 muy claro que el malvado virus mata.<\/p>\n","protected":false},"author":6,"featured_media":22693,"comment_status":"open","ping_status":"open","sticky":false,"template":"","format":"standard","meta":{"_acf_changed":false,"_monsterinsights_skip_tracking":false,"slim_seo":{"title":"La fase 2 - Opini\u00f3n P\u00fablica","description":"Todo cuanto hayamos escuchado acerca del Covid 19, requiere ser procesado por nuestra inteligencia. Hasta el momento est\u00e1 muy claro que el malvado virus mata. P"},"footnotes":""},"categories":[21],"tags":[],"class_list":["post-22694","post","type-post","status-publish","format-standard","has-post-thumbnail","hentry","category-cartapacio"],"acf":[],"_links":{"self":[{"href":"https:\/\/www.opinionpublica.tv\/portada\/wp-json\/wp\/v2\/posts\/22694","targetHints":{"allow":["GET"]}}],"collection":[{"href":"https:\/\/www.opinionpublica.tv\/portada\/wp-json\/wp\/v2\/posts"}],"about":[{"href":"https:\/\/www.opinionpublica.tv\/portada\/wp-json\/wp\/v2\/types\/post"}],"author":[{"embeddable":true,"href":"https:\/\/www.opinionpublica.tv\/portada\/wp-json\/wp\/v2\/users\/6"}],"replies":[{"embeddable":true,"href":"https:\/\/www.opinionpublica.tv\/portada\/wp-json\/wp\/v2\/comments?post=22694"}],"version-history":[{"count":0,"href":"https:\/\/www.opinionpublica.tv\/portada\/wp-json\/wp\/v2\/posts\/22694\/revisions"}],"wp:featuredmedia":[{"embeddable":true,"href":"https:\/\/www.opinionpublica.tv\/portada\/wp-json\/wp\/v2\/media\/22693"}],"wp:attachment":[{"href":"https:\/\/www.opinionpublica.tv\/portada\/wp-json\/wp\/v2\/media?parent=22694"}],"wp:term":[{"taxonomy":"category","embeddable":true,"href":"https:\/\/www.opinionpublica.tv\/portada\/wp-json\/wp\/v2\/categories?post=22694"},{"taxonomy":"post_tag","embeddable":true,"href":"https:\/\/www.opinionpublica.tv\/portada\/wp-json\/wp\/v2\/tags?post=22694"}],"curies":[{"name":"wp","href":"https:\/\/api.w.org\/{rel}","templated":true}]}}