{"id":22684,"date":"2020-03-25T07:00:00","date_gmt":"2020-03-25T06:00:00","guid":{"rendered":"https:\/\/www.opinionpublica.tv\/portada\/2020\/03\/25\/efemerides-25-de-marzo-3\/"},"modified":"2020-03-25T07:00:00","modified_gmt":"2020-03-25T06:00:00","slug":"efemerides-25-de-marzo-3","status":"publish","type":"post","link":"https:\/\/www.opinionpublica.tv\/portada\/efemerides-25-de-marzo-3\/","title":{"rendered":"Efem\u00e9rides 25 de marzo"},"content":{"rendered":"<img fetchpriority=\"high\" decoding=\"async\" class=\" size-full wp-image-22683\" src=\"https:\/\/www.opinionpublica.tv\/portada\/wp-content\/uploads\/2020\/03\/2042c0be9494864535b2e461a4d696fb.jpg\" alt=\"\" class=\"caption\" title=\"La esclavitud gener\u00f3 estragos e injusticias en todo el mundo.\" width=\"269\" height=\"187\" \/>\n<p style=\"text-align: justify;\">Un d\u00eda 25 de marzo como hoy, pero de 1807, el Parlamento Brit\u00e1nico aprueba la abolici\u00f3n del tr\u00e1fico de esclavos.<\/p>\n<p><!--more--><\/p>\n<p style=\"text-align: justify;\"><strong>Otras efem\u00e9rides<\/strong><\/p>\n<p style=\"text-align: justify;\">1458.- Fallece I\u00f1igo L\u00f3pez de Mendoza, marqu\u00e9s de Santillana, escritor espa\u00f1ol.<\/p>\n<p style=\"text-align: justify;\">1614.- Nace Juan Carre\u00f1o de Miranda, pintor de c\u00e1mara de Carlos II.<\/p>\n<p style=\"text-align: justify;\">1793.- Espa\u00f1a declara la guerra a la Rep\u00fablica francesa.<\/p>\n<p style=\"text-align: justify;\">1806.- El patriota venezolano Francisco Miranda intenta desembarcar con tres barcos en Ocumare (Venezuela), pero es rechazado por las fuerzas reales y tiene que retirarse a la isla de la Trinidad.<\/p>\n<p style=\"text-align: justify;\">1808.- Nace Jos\u00e9 de Espronceda, poeta rom\u00e1ntico espa\u00f1ol.<\/p>\n<p style=\"text-align: justify;\">1814.- Los patriotas venezolanos triunfan en San Mateo.<\/p>\n<p style=\"text-align: justify;\">1824.- El emperador de Brasil, Pedro I, jura una Constituci\u00f3n liberal presentada por el Consejo de Estado.<\/p>\n<p style=\"text-align: justify;\">1835.- Aparece el primer cuadernillo de los Cuentos de Andersen.<\/p>\n<p style=\"text-align: justify;\">1867.- Nace Arturo Toscanini, director de orquesta italiano.<\/p>\n<p style=\"text-align: justify;\">1881.- Nace Bela Bartok, compositor h\u00fangaro.<\/p>\n<p style=\"text-align: justify;\">1908.- Nace David Lean, director de cine brit\u00e1nico.<\/p>\n<p style=\"text-align: justify;\">1909.- Fallece Ruperto Chap\u00ed, compositor espa\u00f1ol.<\/p>\n<p style=\"text-align: justify;\">1911.- El incendio en la f\u00e1brica Triangle Shirtwaist de Nueva York caus\u00f3 la muerte de 146 trabajadoras, quemadas o cuando trataban de escapar del fuego al saltar por las ventanas.<\/p>\n<p style=\"text-align: justify;\">1914.- Nace Norman Ernest Borlaug, cient\u00edfico y Premio Nobel de la Paz en 1970.<\/p>\n<p style=\"text-align: justify;\">1914.- Fallece Frederic Mistral, poeta franc\u00e9s. Premio Nobel 1904.<\/p>\n<p style=\"text-align: justify;\">1917.- Abolici\u00f3n de la pena de muerte en Rusia.<\/p>\n<p style=\"text-align: justify;\">1918.- Fallece Claude Debussy, compositor franc\u00e9s.<\/p>\n<p style=\"text-align: justify;\">1921.- Nace Simone Signoret, actriz de cine franc\u00e9s nacida en Alemania.<\/p>\n<p style=\"text-align: justify;\">1923.- Comienza en Santiago de Chile la V Conferencia Internacional en la que se firma el Tratado de Gondra, para el arreglo de conflictos entre estados americanos.<\/p>\n<p style=\"text-align: justify;\">1924.- Proclamaci\u00f3n de la Rep\u00fablica en Grecia.<\/p>\n<p style=\"text-align: justify;\">1933.- Suprimidos en Alemania los sindicatos libres.<\/p>\n<p style=\"text-align: justify;\">1933.- Nace Encarna Paso, actriz espa\u00f1ola.<\/p>\n<p style=\"text-align: justify;\">1937.- Egipto es admitido en la Sociedad de Naciones.<\/p>\n<p style=\"text-align: justify;\">1941.- Fallece Florencio Parravicini, actor y dramaturgo argentino.<\/p>\n<p style=\"text-align: justify;\">1947.- Nace Elton John, cantante y compositor brit\u00e1nico.<\/p>\n<p style=\"text-align: justify;\">1953.- Coronaci\u00f3n del rey Husein de Jordania.<\/p>\n<p style=\"text-align: justify;\">1957.- Firmados los Tratados de Roma, constitutivos de la Comunidad Econ\u00f3mica Europea y de la Comunidad Europea de la Energ\u00eda At\u00f3mica (Euratom).<\/p>\n<p style=\"text-align: justify;\">1962.- Atentados de la OAS en Argelia: mueren 110 personas y 147 resultan heridas.<\/p>\n<p style=\"text-align: justify;\">1962.- Fallece Auguste Piccard, investigador suizo.<\/p>\n<p style=\"text-align: justify;\">1991.- Fallece Marcel Lefebvre, obispo tradicionalista franc\u00e9s, cr\u00edtico de las reformas del Concilio Vaticano II.<\/p>\n<p style=\"text-align: justify;\">1994.- Los \u00faltimos soldados estadounidenses destacados en Somalia abandonan el pa\u00eds.<\/p>\n<p style=\"text-align: justify;\">1998.- La Comisi\u00f3n Europea dictamina que once pa\u00edses, entre ellos Espa\u00f1a, pueden adoptar el euro a partir del 1 de enero de 1999.<\/p>\n<p style=\"text-align: justify;\">1998.- La C\u00e1mara Alta argentina deroga las leyes de Punto Final y Obediencia Debida que eximen de responsabilidad penal a cientos de militares acusados de cr\u00edmenes contra la humanidad, cometidos durante la dictadura.<\/p>\n<p style=\"text-align: justify;\">1999.- Comienza en el Senado paraguayo el juicio pol\u00edtico para destituir al presidente, Ra\u00fal Cubas.<\/p>\n<p style=\"text-align: justify;\">2001.- Rusia y Jap\u00f3n firman en Siberia el primer avance concreto en casi 50 a\u00f1os sobre su antigua disputa por la soberan\u00eda de las islas Kuriles, obst\u00e1culo para la firma de un Tratado de Paz, pendiente desde la II Guerra Mundial.<\/p>\n<p style=\"text-align: justify;\">2001.- Una ola de atentados contra jueces y amenazas a pol\u00edticos sacude Guatemala, tras el inicio del juicio contra tres militares, acusados del asesinato del obispo Gerardi en 1998.<\/p>\n<p style=\"text-align: justify;\">2002.- Cientos de argentinos forman largas colas para comprar d\u00f3lares en una docena de bancos, que por orden del Banco Central los venden m\u00e1s baratos que las agencias de cambio.<\/p>\n<p style=\"text-align: justify;\">2002.- Un tribunal isl\u00e1mico de Nigeria absuelve a Safiya Husaini, que hab\u00eda sido condenada a morir lapidada por adulterio.<\/p>\n<p style=\"text-align: justify;\">2006.- Fallece Roc\u00edo D\u00farcal (Mar\u00eda de los \u00c1ngeles de las Heras), 61 a\u00f1os, actriz y cantante espa\u00f1ola.<\/p>\n<p style=\"text-align: justify;\">2006.- Fallece Deogracias Fonseca Espinosa, 98 a\u00f1os, expresidente militar de Colombia.<\/p>\n<p style=\"text-align: justify;\">2007.- Fallece Andranik Markari\u00e1n, 55 a\u00f1os, primer ministro de Armenia.<\/p>\n<p style=\"text-align: justify;\">2012.- Fallece Antonio Tabucchi, escritor italiano, 68 a\u00f1os.<\/p>\n","protected":false},"excerpt":{"rendered":"<p>Un d\u00eda 25 de marzo como hoy, pero de 1807, el Parlamento Brit\u00e1nico aprueba la abolici\u00f3n del tr\u00e1fico de esclavos.<\/p>\n","protected":false},"author":6,"featured_media":22683,"comment_status":"open","ping_status":"open","sticky":false,"template":"","format":"standard","meta":{"_acf_changed":false,"_monsterinsights_skip_tracking":false,"slim_seo":{"title":"Efem\u00e9rides 25 de marzo - Opini\u00f3n P\u00fablica","description":"Un d\u00eda 25 de marzo como hoy, pero de 1807, el Parlamento Brit\u00e1nico aprueba la abolici\u00f3n del tr\u00e1fico de esclavos. Otras efem\u00e9rides 1458.- Fallece I\u00f1igo L\u00f3pez de"},"footnotes":""},"categories":[27],"tags":[],"class_list":["post-22684","post","type-post","status-publish","format-standard","has-post-thumbnail","hentry","category-un-dia-como-hoy"],"acf":[],"_links":{"self":[{"href":"https:\/\/www.opinionpublica.tv\/portada\/wp-json\/wp\/v2\/posts\/22684","targetHints":{"allow":["GET"]}}],"collection":[{"href":"https:\/\/www.opinionpublica.tv\/portada\/wp-json\/wp\/v2\/posts"}],"about":[{"href":"https:\/\/www.opinionpublica.tv\/portada\/wp-json\/wp\/v2\/types\/post"}],"author":[{"embeddable":true,"href":"https:\/\/www.opinionpublica.tv\/portada\/wp-json\/wp\/v2\/users\/6"}],"replies":[{"embeddable":true,"href":"https:\/\/www.opinionpublica.tv\/portada\/wp-json\/wp\/v2\/comments?post=22684"}],"version-history":[{"count":0,"href":"https:\/\/www.opinionpublica.tv\/portada\/wp-json\/wp\/v2\/posts\/22684\/revisions"}],"wp:featuredmedia":[{"embeddable":true,"href":"https:\/\/www.opinionpublica.tv\/portada\/wp-json\/wp\/v2\/media\/22683"}],"wp:attachment":[{"href":"https:\/\/www.opinionpublica.tv\/portada\/wp-json\/wp\/v2\/media?parent=22684"}],"wp:term":[{"taxonomy":"category","embeddable":true,"href":"https:\/\/www.opinionpublica.tv\/portada\/wp-json\/wp\/v2\/categories?post=22684"},{"taxonomy":"post_tag","embeddable":true,"href":"https:\/\/www.opinionpublica.tv\/portada\/wp-json\/wp\/v2\/tags?post=22684"}],"curies":[{"name":"wp","href":"https:\/\/api.w.org\/{rel}","templated":true}]}}