{"id":22682,"date":"2020-03-25T07:00:00","date_gmt":"2020-03-25T06:00:00","guid":{"rendered":"https:\/\/www.opinionpublica.tv\/portada\/2020\/03\/25\/alerta-amarilla-por-fuertes-vientos-en-frontera-juarez-el-paso\/"},"modified":"2020-03-25T07:00:00","modified_gmt":"2020-03-25T06:00:00","slug":"alerta-amarilla-por-fuertes-vientos-en-frontera-juarez-el-paso","status":"publish","type":"post","link":"https:\/\/www.opinionpublica.tv\/portada\/alerta-amarilla-por-fuertes-vientos-en-frontera-juarez-el-paso\/","title":{"rendered":"Alerta amarilla por fuertes vientos en frontera Ju\u00e1rez &#8211; El Paso"},"content":{"rendered":"<p><img fetchpriority=\"high\" decoding=\"async\" class=\" size-full wp-image-22681\" src=\"https:\/\/www.opinionpublica.tv\/portada\/wp-content\/uploads\/2020\/03\/016678b67dab71dba7806c6f596a7615.jpg\" alt=\"\" class=\"caption\" title=\"Se esperan r\u00e1fagas de viento superiores a 50 kil\u00f3metros por hora.\" width=\"512\" height=\"281\" srcset=\"https:\/\/www.opinionpublica.tv\/portada\/wp-content\/uploads\/2020\/03\/016678b67dab71dba7806c6f596a7615.jpg 512w, https:\/\/www.opinionpublica.tv\/portada\/wp-content\/uploads\/2020\/03\/016678b67dab71dba7806c6f596a7615-300x165.jpg 300w\" sizes=\"(max-width: 512px) 100vw, 512px\" \/><br \/>\n<!--more--><\/p>\n<p style=\"text-align: justify;\"><em>Ciudad Ju\u00e1rez, Chih<\/em>.- La Direcci\u00f3n de Protecci\u00f3n Civil del Municipio emiti\u00f3 una alerta amarilla para la noche de este mi\u00e9rcoles, ya que se pronostica la presencia de fuertes vientos en la frontera.<\/p>\n<p style=\"text-align: justify;\">Efr\u00e9n Matamoros Barraza, director de esta dependencia inform\u00f3 que la alerta se activar\u00eda en la noche, debido a que las r\u00e1fagas estar\u00e1n corriendo en 50 Kil\u00f3metros por hora, por lo cual se pide a la ciudadan\u00eda extremar cuidados.<\/p>\n<p style=\"text-align: justify;\">El Servicio Meteorol\u00f3gico Nacional indic\u00f3 que para este d\u00eda el viento correr\u00e1 en 11 a 47 kil\u00f3metros por hora durante el d\u00eda, mientras que para la noche el viento se registrar\u00e1 en 32 a 35 kil\u00f3metros por hora, con r\u00e1fagas en 50 kil\u00f3metros.<\/p>\n<p style=\"text-align: justify;\">Protecci\u00f3n Civil recomienda a los juarenses conducir a baja velocidad y con precauci\u00f3n, encender las luces de los veh\u00edculos, y dar preferencia al peat\u00f3n.<\/p>\n<p style=\"text-align: justify;\">Tambi\u00e9n pide alejarse de panor\u00e1micos, bardas, \u00e1rboles y fincas abandonadas que podr\u00edan colapsar.<\/p>\n","protected":false},"excerpt":{"rendered":"","protected":false},"author":6,"featured_media":22681,"comment_status":"open","ping_status":"open","sticky":false,"template":"","format":"standard","meta":{"_acf_changed":false,"_monsterinsights_skip_tracking":false,"slim_seo":{"title":"Alerta amarilla por fuertes vientos en frontera Ju\u00e1rez - El Paso - Opini\u00f3n P\u00fablica","description":"Ciudad Ju\u00e1rez, Chih .- La Direcci\u00f3n de Protecci\u00f3n Civil del Municipio emiti\u00f3 una alerta amarilla para la noche de este mi\u00e9rcoles, ya que se pronostica la presen"},"footnotes":""},"categories":[5],"tags":[],"class_list":["post-22682","post","type-post","status-publish","format-standard","has-post-thumbnail","hentry","category-frontera"],"acf":[],"_links":{"self":[{"href":"https:\/\/www.opinionpublica.tv\/portada\/wp-json\/wp\/v2\/posts\/22682","targetHints":{"allow":["GET"]}}],"collection":[{"href":"https:\/\/www.opinionpublica.tv\/portada\/wp-json\/wp\/v2\/posts"}],"about":[{"href":"https:\/\/www.opinionpublica.tv\/portada\/wp-json\/wp\/v2\/types\/post"}],"author":[{"embeddable":true,"href":"https:\/\/www.opinionpublica.tv\/portada\/wp-json\/wp\/v2\/users\/6"}],"replies":[{"embeddable":true,"href":"https:\/\/www.opinionpublica.tv\/portada\/wp-json\/wp\/v2\/comments?post=22682"}],"version-history":[{"count":0,"href":"https:\/\/www.opinionpublica.tv\/portada\/wp-json\/wp\/v2\/posts\/22682\/revisions"}],"wp:featuredmedia":[{"embeddable":true,"href":"https:\/\/www.opinionpublica.tv\/portada\/wp-json\/wp\/v2\/media\/22681"}],"wp:attachment":[{"href":"https:\/\/www.opinionpublica.tv\/portada\/wp-json\/wp\/v2\/media?parent=22682"}],"wp:term":[{"taxonomy":"category","embeddable":true,"href":"https:\/\/www.opinionpublica.tv\/portada\/wp-json\/wp\/v2\/categories?post=22682"},{"taxonomy":"post_tag","embeddable":true,"href":"https:\/\/www.opinionpublica.tv\/portada\/wp-json\/wp\/v2\/tags?post=22682"}],"curies":[{"name":"wp","href":"https:\/\/api.w.org\/{rel}","templated":true}]}}