{"id":22678,"date":"2020-03-24T07:00:00","date_gmt":"2020-03-24T06:00:00","guid":{"rendered":"https:\/\/www.opinionpublica.tv\/portada\/2020\/03\/24\/emiten-orden-de-resguardo-obligatorio-en-casa-en-el-paso-tx\/"},"modified":"2020-03-24T07:00:00","modified_gmt":"2020-03-24T06:00:00","slug":"emiten-orden-de-resguardo-obligatorio-en-casa-en-el-paso-tx","status":"publish","type":"post","link":"https:\/\/www.opinionpublica.tv\/portada\/emiten-orden-de-resguardo-obligatorio-en-casa-en-el-paso-tx\/","title":{"rendered":"Emiten orden de resguardo obligatorio en casa en El Paso"},"content":{"rendered":"<p><img fetchpriority=\"high\" decoding=\"async\" class=\" size-full wp-image-22676\" src=\"https:\/\/www.opinionpublica.tv\/portada\/wp-content\/uploads\/2020\/03\/2631762bb861f8548b9c791d8abb1962.jpg\" alt=\"\" class=\"caption\" title=\"Las multas por no respetar esta decisi\u00f3n ser\u00edan de mil d\u00f3lares o 180 d\u00edas de c\u00e1rcel.\" width=\"841\" height=\"560\" srcset=\"https:\/\/www.opinionpublica.tv\/portada\/wp-content\/uploads\/2020\/03\/2631762bb861f8548b9c791d8abb1962.jpg 841w, https:\/\/www.opinionpublica.tv\/portada\/wp-content\/uploads\/2020\/03\/2631762bb861f8548b9c791d8abb1962-300x200.jpg 300w, https:\/\/www.opinionpublica.tv\/portada\/wp-content\/uploads\/2020\/03\/2631762bb861f8548b9c791d8abb1962-768x511.jpg 768w\" sizes=\"(max-width: 841px) 100vw, 841px\" \/><br \/>\n<!--more--><\/p>\n<p style=\"text-align: justify;\"><em>El Paso, Texas, EU<\/em>.- El alcalde de El Paso Texas, Dee Margo, emiti\u00f3 este d\u00eda La iniciativa \u2018Stay Home, Work Safe\u2019, que obligar\u00e1 a todos los residentes de este condado el resguardo obligatorio en sus casas a partir del primer minuto de este mi\u00e9rcoles 25 de marzo.<\/p>\n<p style=\"text-align: justify;\">La medida fue anunciada de manera virtual y de manera simult\u00e1nea con la misma orden de las autoridades de las ciudades texanas de San Antonio, Houston, Dallas y Austin.<\/p>\n<p style=\"text-align: justify;\">\u201cEsta decisi\u00f3n no fue una sencilla para m\u00ed o para el abogado del Condado, pero son vidas de las que estamos hablando\u201d, asegur\u00f3 Dee Margo durante la conferencia por internet.<\/p>\n<p style=\"text-align: justify;\"><img decoding=\"async\" class=\" size-full wp-image-22677\" src=\"https:\/\/www.opinionpublica.tv\/portada\/wp-content\/uploads\/2020\/03\/chuko.jpg\" width=\"1920\" height=\"1080\" srcset=\"https:\/\/www.opinionpublica.tv\/portada\/wp-content\/uploads\/2020\/03\/chuko.jpg 1920w, https:\/\/www.opinionpublica.tv\/portada\/wp-content\/uploads\/2020\/03\/chuko-300x169.jpg 300w, https:\/\/www.opinionpublica.tv\/portada\/wp-content\/uploads\/2020\/03\/chuko-1024x576.jpg 1024w, https:\/\/www.opinionpublica.tv\/portada\/wp-content\/uploads\/2020\/03\/chuko-768x432.jpg 768w, https:\/\/www.opinionpublica.tv\/portada\/wp-content\/uploads\/2020\/03\/chuko-1536x864.jpg 1536w\" sizes=\"(max-width: 1920px) 100vw, 1920px\" \/><\/p>\n<p style=\"text-align: justify;\">Explic\u00f3 que la restricci\u00f3n de salida se impone a todos los residentes del Condado de El Paso, a excepci\u00f3n de negocios esenciales como supermercados, bancos, correo, personal de emergencia, hospitales, medios de comunicaci\u00f3n, entrega de comida, cuidado de menores y posiciones esenciales de gobierno.<\/p>\n<p style=\"text-align: justify;\">\u201cLa orden se aplica a todos en el Condado de El Paso para trabajar de manera segura y quedarse en casa con la excepci\u00f3n de negocios y actividades esenciales; para incluir, entre otros, personal de emergencia, personal de atenci\u00f3n m\u00e9dica, comestibles, comercio financiero, comercio cr\u00edtico, servicios postales, entrega o recogida de alimentos, atenci\u00f3n domiciliaria, cuidado de ni\u00f1os y aquellos que realizan funciones esenciales del gobierno\u201d, se destac\u00f3 a trav\u00e9s de un comunicado.<\/p>\n<p style=\"text-align: justify;\">Dee Margo asever\u00f3 que dicha orden entrar\u00e1 en vigor despu\u00e9s de las 11:59 de la noche y hasta nuevo aviso, y quienes no acaten esta disposici\u00f3n podr\u00edan enfrentar una multa de hasta mil d\u00f3lares, o ser encarcelados por hasta 180 d\u00edas.<\/p>\n","protected":false},"excerpt":{"rendered":"","protected":false},"author":6,"featured_media":22676,"comment_status":"open","ping_status":"open","sticky":false,"template":"","format":"standard","meta":{"_acf_changed":false,"_monsterinsights_skip_tracking":false,"slim_seo":{"title":"Emiten orden de resguardo obligatorio en casa en El Paso - Opini\u00f3n P\u00fablica","description":"El Paso, Texas, EU .- El alcalde de El Paso Texas, Dee Margo, emiti\u00f3 este d\u00eda La iniciativa \u2018Stay Home, Work Safe\u2019, que obligar\u00e1 a todos los residentes de este"},"footnotes":""},"categories":[5],"tags":[],"class_list":["post-22678","post","type-post","status-publish","format-standard","has-post-thumbnail","hentry","category-frontera"],"acf":[],"_links":{"self":[{"href":"https:\/\/www.opinionpublica.tv\/portada\/wp-json\/wp\/v2\/posts\/22678","targetHints":{"allow":["GET"]}}],"collection":[{"href":"https:\/\/www.opinionpublica.tv\/portada\/wp-json\/wp\/v2\/posts"}],"about":[{"href":"https:\/\/www.opinionpublica.tv\/portada\/wp-json\/wp\/v2\/types\/post"}],"author":[{"embeddable":true,"href":"https:\/\/www.opinionpublica.tv\/portada\/wp-json\/wp\/v2\/users\/6"}],"replies":[{"embeddable":true,"href":"https:\/\/www.opinionpublica.tv\/portada\/wp-json\/wp\/v2\/comments?post=22678"}],"version-history":[{"count":0,"href":"https:\/\/www.opinionpublica.tv\/portada\/wp-json\/wp\/v2\/posts\/22678\/revisions"}],"wp:featuredmedia":[{"embeddable":true,"href":"https:\/\/www.opinionpublica.tv\/portada\/wp-json\/wp\/v2\/media\/22676"}],"wp:attachment":[{"href":"https:\/\/www.opinionpublica.tv\/portada\/wp-json\/wp\/v2\/media?parent=22678"}],"wp:term":[{"taxonomy":"category","embeddable":true,"href":"https:\/\/www.opinionpublica.tv\/portada\/wp-json\/wp\/v2\/categories?post=22678"},{"taxonomy":"post_tag","embeddable":true,"href":"https:\/\/www.opinionpublica.tv\/portada\/wp-json\/wp\/v2\/tags?post=22678"}],"curies":[{"name":"wp","href":"https:\/\/api.w.org\/{rel}","templated":true}]}}