{"id":22661,"date":"2020-03-24T07:00:00","date_gmt":"2020-03-24T06:00:00","guid":{"rendered":"https:\/\/www.opinionpublica.tv\/portada\/2020\/03\/24\/a-ciegas-rumbo-al-matadero\/"},"modified":"2020-03-24T07:00:00","modified_gmt":"2020-03-24T06:00:00","slug":"a-ciegas-rumbo-al-matadero","status":"publish","type":"post","link":"https:\/\/www.opinionpublica.tv\/portada\/a-ciegas-rumbo-al-matadero\/","title":{"rendered":"A ciegas rumbo al matadero"},"content":{"rendered":"<img fetchpriority=\"high\" decoding=\"async\" class=\" size-full wp-image-22660\" src=\"https:\/\/www.opinionpublica.tv\/portada\/wp-content\/uploads\/2020\/03\/599666bf72133bb6c3143d345c2590bc.jpg\" alt=\"\" class=\"caption\" title=\"Ra\u00fal Ruiz G\u00f3mez.\" width=\"245\" height=\"262\" \/>\n<p style=\"text-align: justify;\">Imperceptible Eugenesia. En un trabajo anterior, hablaba de una mutaci\u00f3n gen\u00e9tica que est\u00e1 a punto de brotar, luego de este parteaguas rumbo al Nuevo Orden Mundial, que se viene gestando desde al menos tres o cuatro d\u00e9cadas atr\u00e1s. Y con la siembra del Covid 19, arranca esta nueva era.<\/p>\n<p><!--more--><\/p>\n<p style=\"text-align: justify;\">La mutaci\u00f3n comienza con el fortalecimiento gen\u00e9tico. Sobrevivir\u00e1n los j\u00f3venes, y los individuos mejor alimentados y fuertes. Los que contrajeron el virus y lo resistieron. Los que generaron anticuerpos para librar la muerte y otro retos biol\u00f3gicos que vienen. Pero sobre todo, los que lograron descubrir la supervivencia en medio del caos financiero que se avecina.<\/p>\n<p style=\"text-align: justify;\">A esta generaci\u00f3n le he dado un nombre de: &#8216;Generaci\u00f3n Supermitocondrial&#8217;.<\/p>\n<p style=\"text-align: justify;\">Suena estramb\u00f3tico, y s\u00ed, es exc\u00e9ntrico, pero por lo pronto lo dejar\u00e9 as\u00ed, mientras se van acomodando las calabazas.<\/p>\n<p style=\"text-align: justify;\">El tema de la denominaci\u00f3n generacional, es el menos relevante por el momento.<\/p>\n<p style=\"text-align: justify;\">Dije tambi\u00e9n, que esta nueva peste mundial es un dise\u00f1o quir\u00fargico, de un maquiav\u00e9lico plan eugen\u00e9sico para exterminar al adulto mayor y desinflar la presi\u00f3n mundial sobre la carga econ\u00f3mica de los gobiernos en materia de pensiones.<\/p>\n<p style=\"text-align: justify;\">Y lo sostengo.<\/p>\n<p style=\"text-align: justify;\">Pero adem\u00e1s, es un periodo de pruebas entre las superpotencias en su eterna lucha por la supremac\u00eda mundial.<\/p>\n<p style=\"text-align: justify;\">Estamos en el medio de la tercera guerra mundial, y las armas ya no son convencionales. As\u00ed lo anunci\u00f3 el mism\u00edsimo Bill Gates en 2015, advirtiendo la siembra del coronavirus.<\/p>\n<p style=\"text-align: justify;\">El estallido de la nueva conflagraci\u00f3n mundial, ya hace tres a\u00f1os que lo anunciaba yo en este mismo medio; pero como el mundo comenz\u00f3 a girar a gran velocidad, y vosotros os pas\u00e1is los d\u00edas dale y dale en una microguerrita entre chairos y fif\u00eds, las cosas importantes les pasan tan veloces que han quedado invisibles ante sus ojos.<\/p>\n<p style=\"text-align: justify;\">Enceguecidos hab\u00e9is quedado. Dir\u00eda Saramago en su ensayo sobre la ceguera.<\/p>\n<p style=\"text-align: justify;\">Y nuestros conductores pol\u00edticos y sociales igualmente ciegos, nos llevan al matadero.<\/p>\n<p style=\"text-align: justify;\">\u00a1No me hagan hablar! Dir\u00eda el especialista en geopol\u00edtica, Alfredo Jaliffe, quien tiene el pulso mundial perfectamente desmenuzado.<\/p>\n<p style=\"text-align: justify;\">Pero en verdad os digo, el cisma econ\u00f3mico mundial ser\u00e1 catastr\u00f3fico; y sin \u00e1nimo de echarles a perder su apacible cuarentena, si vosotros no descubr\u00eds nuevas fuentes de financiamiento personal y familiar, usando las elementales herramientas con las que contamos, ser\u00e9is arrojados hacia el \u00f3bito.<\/p>\n<p style=\"text-align: justify;\">Si a\u00fan viviera el futurista Alvin Toffler, habr\u00eda descubierto en este momento&#8230; La Cuarta Ola.<\/p>\n<p style=\"text-align: justify;\">\u00bfQu\u00e9 hacer? Mientras el mundo vuelve a arrancar, cada uno de nosotros necesita pensar en lo que podr\u00eda hacer apenas se reinstale la energ\u00eda en el planeta. Porque lo que tengas en ese momento, ser\u00e1 insuficiente para subsistir.<\/p>\n<p style=\"text-align: justify;\">Tienes tiempo para crear uno, o varios proyectos financieros. Olvida la b\u00fasqueda de un empleo, eso qued\u00f3 atr\u00e1s. Nuevos paradigmas regir\u00e1n el futuro.<\/p>\n<p style=\"text-align: justify;\">Y en lo que esperas el \u00abescopetazo\u00bb de arranque, consigue un medicamento que se llama Interfer\u00f3n Alpha 2B. Pero como es un medicamento cubano que est\u00e1 agotado, bebe t\u00e9 verde, t\u00e9 de manzanilla, o t\u00e9 de diente de le\u00f3n. Fuentes b\u00e1sicas de interfer\u00f3n. Vinagre de manzana y cualquier alimento que te haga subir el sistema inmunol\u00f3gico.<\/p>\n<p style=\"text-align: justify;\">O escribir un libro bajo el t\u00edtulo de \u00abVeinticinco mil reflexiones para despu\u00e9s de la muerte\u00bb, dir\u00eda V\u00edctor Alfonso Maldonado desde su sepulcro, bebi\u00e9ndose un Mo\u00ebt &amp; Chandon, con su kep\u00eds de marinero.<\/p>\n<p style=\"text-align: justify;\">Mientras usted reflexiona un poco sobre estas l\u00edneas, me sumerjo en la apreciaci\u00f3n musical de Lisa Guerrard &amp; Peter Burke.<\/p>\n","protected":false},"excerpt":{"rendered":"<p>Imperceptible Eugenesia. En un trabajo anterior, hablaba de una mutaci\u00f3n gen\u00e9tica que est\u00e1 a punto de brotar, luego de este parteaguas rumbo al Nuevo Orden Mundial, que se viene gestando desde al menos tres o cuatro d\u00e9cadas atr\u00e1s. Y con la siembra del Covid 19, arranca esta nueva era.<\/p>\n","protected":false},"author":6,"featured_media":22660,"comment_status":"open","ping_status":"open","sticky":false,"template":"","format":"standard","meta":{"_acf_changed":false,"_monsterinsights_skip_tracking":false,"slim_seo":{"title":"A ciegas rumbo al matadero - Opini\u00f3n P\u00fablica","description":"Imperceptible Eugenesia. En un trabajo anterior, hablaba de una mutaci\u00f3n gen\u00e9tica que est\u00e1 a punto de brotar, luego de este parteaguas rumbo al Nuevo Orden Mund"},"footnotes":""},"categories":[21],"tags":[],"class_list":["post-22661","post","type-post","status-publish","format-standard","has-post-thumbnail","hentry","category-cartapacio"],"acf":[],"_links":{"self":[{"href":"https:\/\/www.opinionpublica.tv\/portada\/wp-json\/wp\/v2\/posts\/22661","targetHints":{"allow":["GET"]}}],"collection":[{"href":"https:\/\/www.opinionpublica.tv\/portada\/wp-json\/wp\/v2\/posts"}],"about":[{"href":"https:\/\/www.opinionpublica.tv\/portada\/wp-json\/wp\/v2\/types\/post"}],"author":[{"embeddable":true,"href":"https:\/\/www.opinionpublica.tv\/portada\/wp-json\/wp\/v2\/users\/6"}],"replies":[{"embeddable":true,"href":"https:\/\/www.opinionpublica.tv\/portada\/wp-json\/wp\/v2\/comments?post=22661"}],"version-history":[{"count":0,"href":"https:\/\/www.opinionpublica.tv\/portada\/wp-json\/wp\/v2\/posts\/22661\/revisions"}],"wp:featuredmedia":[{"embeddable":true,"href":"https:\/\/www.opinionpublica.tv\/portada\/wp-json\/wp\/v2\/media\/22660"}],"wp:attachment":[{"href":"https:\/\/www.opinionpublica.tv\/portada\/wp-json\/wp\/v2\/media?parent=22661"}],"wp:term":[{"taxonomy":"category","embeddable":true,"href":"https:\/\/www.opinionpublica.tv\/portada\/wp-json\/wp\/v2\/categories?post=22661"},{"taxonomy":"post_tag","embeddable":true,"href":"https:\/\/www.opinionpublica.tv\/portada\/wp-json\/wp\/v2\/tags?post=22661"}],"curies":[{"name":"wp","href":"https:\/\/api.w.org\/{rel}","templated":true}]}}