{"id":22564,"date":"2020-03-15T07:00:00","date_gmt":"2020-03-15T06:00:00","guid":{"rendered":"https:\/\/www.opinionpublica.tv\/portada\/2020\/03\/15\/coronavirus-tres-medidas-que-mexico-aprendio-de-la-influenza-h1n1-durante-el-2009\/"},"modified":"2020-03-15T07:00:00","modified_gmt":"2020-03-15T06:00:00","slug":"coronavirus-tres-medidas-que-mexico-aprendio-de-la-influenza-h1n1-durante-el-2009","status":"publish","type":"post","link":"https:\/\/www.opinionpublica.tv\/portada\/coronavirus-tres-medidas-que-mexico-aprendio-de-la-influenza-h1n1-durante-el-2009\/","title":{"rendered":"Coronavirus: tres medidas que M\u00e9xico aprendi\u00f3 de la influenza H1N1 en el 2009"},"content":{"rendered":"<p><img fetchpriority=\"high\" decoding=\"async\" class=\" size-full wp-image-22563\" src=\"https:\/\/www.opinionpublica.tv\/portada\/wp-content\/uploads\/2020\/03\/9b826a66fcdb30b65508e776b5fe7c12.jpg\" alt=\"\" class=\"caption\" title=\"La pandemia del coronavirus est\u00e1 generando psicosis en todo el mundo.\" width=\"976\" height=\"549\" srcset=\"https:\/\/www.opinionpublica.tv\/portada\/wp-content\/uploads\/2020\/03\/9b826a66fcdb30b65508e776b5fe7c12.jpg 976w, https:\/\/www.opinionpublica.tv\/portada\/wp-content\/uploads\/2020\/03\/9b826a66fcdb30b65508e776b5fe7c12-300x169.jpg 300w, https:\/\/www.opinionpublica.tv\/portada\/wp-content\/uploads\/2020\/03\/9b826a66fcdb30b65508e776b5fe7c12-768x432.jpg 768w\" sizes=\"(max-width: 976px) 100vw, 976px\" \/><br \/>\n<!--more--><\/p>\n<p style=\"text-align: justify;\"><em>Ciudad de M\u00e9xico<\/em>.- Es un debate que crece: en M\u00e9xico muchos se preguntan por qu\u00e9 las autoridades no han adoptado medidas dr\u00e1sticas para contener la pandemia de Coronavirus, como sucede en otros pa\u00edses.<\/p>\n<p style=\"text-align: justify;\">Hasta ahora existe una revisi\u00f3n aleatoria de pasajeros en vuelos y cruceros internacionales, pero no se han emitido restricciones de ingreso a puertos y aeropuertos.<\/p>\n<p style=\"text-align: justify;\">Las personas sospechosas de haberse contagiado son aisladas por dos semanas, como establecen los protocolos de la Organizaci\u00f3n Mundial de la Salud (OMS).<\/p>\n<p style=\"text-align: justify;\">Hay una intensa campa\u00f1a de informaci\u00f3n sobre los cuidados personales para prevenir un contagio.<\/p>\n<p style=\"text-align: justify;\">Pero\u00a0no se han restringido eventos masivos, ni tampoco hay escuelas o empresas cerradas\u00a0como sucedi\u00f3 en 2009 durante la epidemia de AH1N1 que surgi\u00f3 en este pa\u00eds.<\/p>\n<p style=\"text-align: justify;\">Tampoco se han realizado pruebas masivas en la poblaci\u00f3n para detectar posibles casos.<\/p>\n<p style=\"text-align: justify;\">Estas medidas provocan cr\u00edticas, aunque las autoridades aseguran que sus decisiones ante la pandemia de Coronavirus est\u00e1n justificadas.<\/p>\n<p style=\"text-align: justify;\"><strong>Lecciones de 2009<\/strong><\/p>\n<p style=\"text-align: justify;\">La estrategia ante el fen\u00f3meno, dice el subsecretario de Salud Hugo L\u00f3pez-Gatell, es parte del aprendizaje de M\u00e9xico al enfrentar la pandemia de gripe A hace 11 a\u00f1os.<\/p>\n<p style=\"text-align: justify;\">\u201cUna de las experiencias m\u00e1s educativas fue la pandemia de 2009, nos dej\u00f3 lecciones muy \u00fatiles\u201d\u00a0afirma el experto a BBC Mundo.<\/p>\n<p style=\"text-align: justify;\">En 2009 L\u00f3pez-Gatell era el responsable de epidemiolog\u00eda en la Secretar\u00eda de Salud cuando la crisis por el AH1N1 surgi\u00f3 en este pa\u00eds.<\/p>\n<p style=\"text-align: justify;\">En esa posici\u00f3n le toc\u00f3 enfrentar la aparici\u00f3n de la gripe porcina en el pa\u00eds, como en su momento se llam\u00f3 a la epidemia.<\/p>\n<p style=\"text-align: justify;\">Una d\u00e9cada despu\u00e9s el fen\u00f3meno se repite, aunque de acuerdo con el subsecretario ahora M\u00e9xico est\u00e1 m\u00e1s preparado que en aquel momento para atender la emergencia.<\/p>\n<p style=\"text-align: justify;\">En el pa\u00eds hay\u00a016 casos confirmados de Coronavirus, aunque se prev\u00e9 que la cantidad aumente en las pr\u00f3ximas semanas.<\/p>\n<p style=\"text-align: justify;\">De hecho la estrategia de la Secretar\u00eda de Salud contempla tres escenarios en la expansi\u00f3n de la pandemia: el primero es el actual, donde las personas contagiadas adquirieron el virus fuera del pa\u00eds.<\/p>\n<p style=\"text-align: justify;\">El siguiente implica la transmisi\u00f3n comunitaria, es decir que los contagios son locales con cientos de casos confirmados, y el escenario 3 donde la cantidad de personas con el virus ser\u00edan miles.<\/p>\n<p style=\"text-align: justify;\"><strong>Pa\u00eds en operaci\u00f3n<\/strong><\/p>\n<p style=\"text-align: justify;\">El aprendizaje de 2009 se aplica ahora ante la llegada del Coronavirus a M\u00e9xico. Un ejemplo es la decisi\u00f3n\u00a0de mantener el funcionamiento normal del pa\u00eds\u00a0ante la pandemia.<\/p>\n<p style=\"text-align: justify;\">Hace 11 a\u00f1os, cuando apenas se hab\u00eda detectado la propagaci\u00f3n de una variante de virus de influenza desconocido -luego se clasific\u00f3 como AH1N1- el entonces presidente Felipe Calder\u00f3n declar\u00f3 un estado de emergencia sanitaria.<\/p>\n<p style=\"text-align: justify;\">A pesar de que s\u00f3lo hab\u00eda 7 casos confirmados orden\u00f3 la suspensi\u00f3n de clases en todo el pa\u00eds, as\u00ed como la cancelaci\u00f3n de actividades en todos los espacios p\u00fablicos.<\/p>\n<p style=\"text-align: justify;\">Eventos masivos como encuentros deportivos o conciertos de m\u00fasica fueron suspendidos.<\/p>\n<p style=\"text-align: justify;\">La virtual cuarentena provoc\u00f3 graves consecuencias econ\u00f3micas. Miles de reservaciones para los destinos tur\u00edsticos fueron canceladas.<\/p>\n<p style=\"text-align: justify;\">En algunas ciudades cerr\u00f3 la mayor\u00eda de los comercios. Bancos, empresas y hasta el servicio p\u00fablico restringieron operaciones.<\/p>\n<p style=\"text-align: justify;\">Es una de las lecciones que ahora se recuerdan, dice el subsecretario de Salud. Hasta ahora, por ejemplo,\u00a0no existen elementos para declarar un estado de emergencia sanitaria en el pa\u00eds.<\/p>\n<p style=\"text-align: justify;\">Tampoco para restringir el ingreso de pasajeros internacionales, o incrementar la revisi\u00f3n en los puertos fronterizos, como sucedi\u00f3 en 2009.<\/p>\n<p style=\"text-align: justify;\">\u201cLa evidencia de salud p\u00fablica muestra que estas intervenciones son de poca utilidad, y en algunos casos de nula utilidad\u201d explica el funcionario.<\/p>\n<p style=\"text-align: justify;\">En cambio, como sucedi\u00f3 hace 11 a\u00f1os, aplicar esta medida puede ser contraproducente, especialmente en \u00e1reas como el turismo y el tr\u00e1fico a\u00e9reo.<\/p>\n<p style=\"text-align: justify;\">\u201cNo tienen un fundamento cient\u00edfico s\u00f3lido. En toda la historia de las epidemias\u00a0no hay demostraci\u00f3n cient\u00edfica alguna de que estas medidas extremas pudieran ayudar a disminuir el riesgo de transmisi\u00f3n\u201d a\u00f1ade.<\/p>\n<p style=\"text-align: justify;\">\u201cTampoco ayudan, porque tienen grav\u00edsimas consecuencias econ\u00f3micas y sociales\u201d.<\/p>\n<p style=\"text-align: justify;\">En 2009 la decisi\u00f3n de suspender casi todas las actividades del pa\u00eds cost\u00f3 el 0,7% del Producto Interno Bruto, seg\u00fan datos de la Secretar\u00eda de Hacienda.<\/p>\n<p style=\"text-align: justify;\"><strong>Vigilancia a informaci\u00f3n<\/strong><\/p>\n<p style=\"text-align: justify;\">Otra de las medidas que se aprendieron en la pandemia de 2009 es una inmediata revisi\u00f3n epidemiol\u00f3gica en todo el pa\u00eds.<\/p>\n<p style=\"text-align: justify;\">Algo que ese a\u00f1o se aplic\u00f3 tarde dicen especialistas como Irma Aburto L\u00f3pez de la Universidad Nacional Aut\u00f3noma de M\u00e9xico (UNAM).<\/p>\n<p style=\"text-align: justify;\">No es el escenario actual, asegura el subsecretario de Salud. Desde el 3 de enero, cuando se inform\u00f3 de los primeros 44 casos de Coronavirus en China, las autoridades sanitarias de M\u00e9xico empezaron la preparaci\u00f3n de un plan de contingencia ante la eventual expansi\u00f3n de la epidemia.<\/p>\n<p style=\"text-align: justify;\">Tambi\u00e9n\u00a0se activ\u00f3 un protocolo de vigilancia a trav\u00e9s de estaciones de monitoreo para la influenza,\u00a0creadas a partir de la epidemia de gripe A.<\/p>\n<p style=\"text-align: justify;\">Son hospitales, cl\u00ednicas y centros de salud donde el personal fue entrenado para detectar posibles casos de Coronavirus.<\/p>\n<p style=\"text-align: justify;\">La informaci\u00f3n sirve no s\u00f3lo para medir el nivel de expansi\u00f3n del virus, sino para aislar e iniciar el tratamiento m\u00e9dico a los posibles infectados.<\/p>\n<p style=\"text-align: justify;\">Otro de los aprendizajes fue la creaci\u00f3n de un sistema nacional de laboratorios que en situaciones cr\u00edticas como puede ser la expansi\u00f3n del virus en el pa\u00eds, son auxiliares en la vigilancia epidemiol\u00f3gica.<\/p>\n<p style=\"text-align: justify;\">Y una tercera medida es la estrategia de comunicaci\u00f3n, lo cual ha servido entre otros elementos para\u00a0evitar compras de p\u00e1nico de cubrebocas y desinfectantes.<\/p>\n<p style=\"text-align: justify;\">Un elemento que en 2009 provoc\u00f3 desabasto, pero que tiempo despu\u00e9s se comprob\u00f3 que, en el caso de los cubrebocas,\u00a0no son totalmente \u00fatiles para prevenir los contagios.<\/p>\n<p style=\"text-align: justify;\">A diferencia de hace 11 a\u00f1os ahora cada noche hay una conferencia de prensa para informar las novedades en la epidemia.<\/p>\n<p style=\"text-align: justify;\">Y cada martes la reuni\u00f3n matutina del presidente Andr\u00e9s Manuel L\u00f3pez Obrador con periodistas se dedica al tema de salud.<\/p>\n<p style=\"text-align: justify;\">\u201cUn elemento crucial, y lo digo como alguien que vivi\u00f3 de manera muy directa la pandemia de influenza de 2009, es la disciplina, el orden, la claridad de comunicaci\u00f3n y transparencia\u201d, asegura L\u00f3pez-Gatell.<\/p>\n<p style=\"text-align: justify;\"><strong>Las cr\u00edticas<\/strong><\/p>\n<p style=\"text-align: justify;\">Sin embargo, las medidas para contener la pandemia de Coronavirus despiertan cr\u00edticas.<\/p>\n<p style=\"text-align: justify;\">Algunos como el especialista en enfermedades infeccionas Francisco Moreno advierten de un\u00a0eventual riesgo de que la pandemia rebase a las autoridades.<\/p>\n<p style=\"text-align: justify;\">\u201cEstoy preocupado\u00a0por la falta de pruebas de diagn\u00f3stico. Si M\u00e9xico tiene casos no detectados circulando, la propagaci\u00f3n de la enfermedad ser\u00e1 brutal\u201d, dijo a Bloomberg.<\/p>\n<p style=\"text-align: justify;\">Tambi\u00e9n el expresidente Felipe Calder\u00f3n cuestiona la cantidad de revisiones. En su cuenta de Twitter pregunt\u00f3 cu\u00e1ntas pruebas se han realizado \u201cpara saber si est\u00e1 bien monitoreado el virus\u201d.<\/p>\n<p style=\"text-align: justify;\">Parte de las cr\u00edticas se concentran\u00a0en el protocolo aplicado en los aeropuertos internacionales.<\/p>\n<p style=\"text-align: justify;\">En esos lugares, insiste el especialista Moreno, \u201cno est\u00e1n realizando pruebas a los viajeros de pa\u00edses con un gran n\u00famero de casos, y no se han cancelado grandes eventos gubernamentales\u201d.<\/p>\n<p style=\"text-align: justify;\">En el escenario actual de la pandemia en M\u00e9xico\u00a0aplicar esas medidas ser\u00eda contraproducente,\u00a0dice el subsecretario L\u00f3pez-Gatell.<\/p>\n<p style=\"text-align: justify;\">Por ejemplo, revisar a cada uno de los pasajeros de vuelos internacionales implicar\u00eda concentrarles en una sala mientras se revisan s\u00edntomas y temperatura corporal.<\/p>\n<p style=\"text-align: justify;\">Esto implicar\u00eda\u00a0un retraso de entre 2 y 4 horas por vuelo\u00a0pues las revisiones deben ser m\u00e1s que una prueba de temperatura.<\/p>\n<p style=\"text-align: justify;\">Pero adem\u00e1s, si existe la sospecha de que en el grupo hay posibles contagiados las pruebas aumentan el riesgo.<\/p>\n<p style=\"text-align: justify;\">\u201cEn realidad no se est\u00e1 haciendo nada que ayude a aumentar la probabilidad de detectar a una persona sintom\u00e1tica. Pero hay un efecto adverso: conglomerar a las personas contribuye a la propagaci\u00f3n del virus\u201d.<\/p>\n<p style=\"text-align: justify;\">\u201cSi no se va a hacer con rigor metodol\u00f3gico entonces es una simulaci\u00f3n\u201d.<\/p>\n<p style=\"text-align: justify;\"><em>Con informaci\u00f3n de Animal Pol\u00edtico<\/em>.<\/p>\n","protected":false},"excerpt":{"rendered":"","protected":false},"author":6,"featured_media":22563,"comment_status":"open","ping_status":"open","sticky":false,"template":"","format":"standard","meta":{"_acf_changed":false,"_monsterinsights_skip_tracking":false,"slim_seo":{"title":"Coronavirus: tres medidas que M\u00e9xico aprendi\u00f3 de la influenza H1N1 en el 2009 - Opini\u00f3n P\u00fablica","description":"Ciudad de M\u00e9xico .- Es un debate que crece: en M\u00e9xico muchos se preguntan por qu\u00e9 las autoridades no han adoptado medidas dr\u00e1sticas para contener la pandemia de"},"footnotes":""},"categories":[3],"tags":[],"class_list":["post-22564","post","type-post","status-publish","format-standard","has-post-thumbnail","hentry","category-principal"],"acf":[],"_links":{"self":[{"href":"https:\/\/www.opinionpublica.tv\/portada\/wp-json\/wp\/v2\/posts\/22564","targetHints":{"allow":["GET"]}}],"collection":[{"href":"https:\/\/www.opinionpublica.tv\/portada\/wp-json\/wp\/v2\/posts"}],"about":[{"href":"https:\/\/www.opinionpublica.tv\/portada\/wp-json\/wp\/v2\/types\/post"}],"author":[{"embeddable":true,"href":"https:\/\/www.opinionpublica.tv\/portada\/wp-json\/wp\/v2\/users\/6"}],"replies":[{"embeddable":true,"href":"https:\/\/www.opinionpublica.tv\/portada\/wp-json\/wp\/v2\/comments?post=22564"}],"version-history":[{"count":0,"href":"https:\/\/www.opinionpublica.tv\/portada\/wp-json\/wp\/v2\/posts\/22564\/revisions"}],"wp:featuredmedia":[{"embeddable":true,"href":"https:\/\/www.opinionpublica.tv\/portada\/wp-json\/wp\/v2\/media\/22563"}],"wp:attachment":[{"href":"https:\/\/www.opinionpublica.tv\/portada\/wp-json\/wp\/v2\/media?parent=22564"}],"wp:term":[{"taxonomy":"category","embeddable":true,"href":"https:\/\/www.opinionpublica.tv\/portada\/wp-json\/wp\/v2\/categories?post=22564"},{"taxonomy":"post_tag","embeddable":true,"href":"https:\/\/www.opinionpublica.tv\/portada\/wp-json\/wp\/v2\/tags?post=22564"}],"curies":[{"name":"wp","href":"https:\/\/api.w.org\/{rel}","templated":true}]}}