{"id":22530,"date":"2020-03-12T07:00:00","date_gmt":"2020-03-12T06:00:00","guid":{"rendered":"https:\/\/www.opinionpublica.tv\/portada\/2020\/03\/12\/se-pasaron\/"},"modified":"2020-03-12T07:00:00","modified_gmt":"2020-03-12T06:00:00","slug":"se-pasaron","status":"publish","type":"post","link":"https:\/\/www.opinionpublica.tv\/portada\/se-pasaron\/","title":{"rendered":"Se pasaron"},"content":{"rendered":"<img fetchpriority=\"high\" decoding=\"async\" class=\" size-full wp-image-22529\" src=\"https:\/\/www.opinionpublica.tv\/portada\/wp-content\/uploads\/2020\/03\/b5dc9869b5e58ec93d1fa2f374c111bf.jpg\" alt=\"\" class=\"caption\" title=\"Ra\u00fal Ruiz G\u00f3mez.\" width=\"245\" height=\"262\" \/>\n<p style=\"text-align: justify;\">S\u00e9 que la sensatez, la tolerancia, la prudencia y la cordura, no son virtudes de aquellas mujeres a las que les llaman feminazis.<\/p>\n<p><!--more--><\/p>\n<p style=\"text-align: justify;\">Entendi\u00e9ndose por tales, las que han decretado guerra sin cuartel contra los hombres en general, utilizando un pretexto al que le llaman \u00abEl Patriarcado\u00bb, y cobijadas con el discurso exorbitante de: \u00ab\u00a1Nos est\u00e1n matando!, Solo por ser mujeres\u00bb.<\/p>\n<p style=\"text-align: justify;\">\u00bfHac\u00eda falta una sacudida para que la falocracia bajara de tono la supremac\u00eda sexista en el mundo? \u00a1S\u00ed!<\/p>\n<p style=\"text-align: justify;\">\u00bfEs justificable que en aras de justicia; por la negligencia del Estado para resolver los homicidios violentos en general, y contra mujeres en particular, los colectivos rabiosos se armasen de palos, varillas, bombas molotov y otros proyectiles, para destruir como marabunta todo lo que alcancen a su paso?<\/p>\n<p style=\"text-align: justify;\">\u00a1NO!<\/p>\n<p style=\"text-align: justify;\">Cubrir su rostro como terroristas del Medio Oriente; y ocultar su objetivo siniestro, con el ropaje del feminismo, desvirt\u00faa completamente su primigenio prop\u00f3sito de vindicar el g\u00e9nero femenino y equilibrar la convivencia humana.<\/p>\n<p style=\"text-align: justify;\">Hoy al exceso, la tropel\u00eda, el desorden y el atropello causado por su rabiosa presencia p\u00fablica, le llaman feminismo de tercera generaci\u00f3n. Y si no est\u00e1s de acuerdo con ellas, puedes ser agredido no s\u00f3lo verbal, sino f\u00edsicamente, pues como dije al inicio de esta pieza, la tolerancia, la prudencia y la cordura no son caracter\u00edsticas de su personalidad.<\/p>\n<p style=\"text-align: justify;\">La lucha por erradicar cualquier tipo de violencia contra la mujer, es encomiable, plausible.<\/p>\n<p style=\"text-align: justify;\">Exigir justicia por la negligencia de las autoridades por resolver los delitos de alto impacto como las violaciones, homicidios, o mutilaciones, \u00a1Es imperativo!<\/p>\n<p style=\"text-align: justify;\">Denunciar los acosos en las universidades, las maquilas, oficinas y centros de trabajo, debe ser permanente.<\/p>\n<p style=\"text-align: justify;\">Pero esta vez \u00a1SE PASARON!<\/p>\n<p style=\"text-align: justify;\">Los performances cargados de blasfemia contra la creencia cat\u00f3lica, no tienen paralelo. Los soldados de Cristo, los Caballeros de Col\u00f3n y otras organizaciones cat\u00f3licas, est\u00e1n haciendo un esfuerzo sobrehumano para no pasar por cuchillo a estas renegadas provocadoras.<\/p>\n<p style=\"text-align: justify;\">Mis lectores deben saber que M\u00e9xico, desde poco menos de dos d\u00e9cadas, construye un modelo de pol\u00edticas p\u00fablicas para erradicar las violencias contra las mujeres.<\/p>\n<p style=\"text-align: justify;\">Sin embargo, la lentitud con la que se est\u00e1 edificando este modelo, es desesperante.<\/p>\n<p style=\"text-align: justify;\">Para que funcione, necesitamos involucrarnos todos. Hombres, mujeres, acad\u00e9micos, Congreso de La Uni\u00f3n, congresos locales, servidores p\u00fablicos, y la sociedad civil en general.<\/p>\n<p style=\"text-align: justify;\">La humanidad avanza en los \u00e1mbitos del conocimiento, las ciencias, el desarrollo; sin embargo permanecen en la sociedad, deleznables conductas que recalan principalmente en los sectores m\u00e1s vulnerables: las mujeres, los ni\u00f1os, los adultos mayores.<\/p>\n<p style=\"text-align: justify;\">Usted como espectador de la convivencia social, no advierte que han sido d\u00e9cadas de esfuerzos realizados para contener los cr\u00edmenes de odio, en raz\u00f3n de g\u00e9nero, y por la pachorra con la que se va armando el andamiaje, hubo menester de generar un estallido mundial.<\/p>\n<p style=\"text-align: justify;\">Hablar de feminicidio y las asimetr\u00edas de g\u00e9nero, no es cosa sencilla.<\/p>\n<p style=\"text-align: justify;\">Contimenos, actuar en consecuencia para erradicar de cuajo el mal que se causa a las mujeres.<\/p>\n<p style=\"text-align: justify;\">Es parad\u00f3jico, que aunque M\u00e9xico particip\u00f3 desde 2002 en el Protocolo Facultativo de la Convenci\u00f3n sobre la Eliminaci\u00f3n de todas las Formas de Discriminaci\u00f3n contra la Mujer (CEDAW), a\u00fan se est\u00e9 construyendo el andamiaje conceptual y legal, sobre el cual debe reposar la respuesta institucional.<\/p>\n<p style=\"text-align: justify;\">Dicha respuesta oficial, a\u00fan flota en el aire, y no se alcanza a sustentar todav\u00eda la pol\u00edtica p\u00fablica en materia de equidad de g\u00e9nero y violencia contra las mujeres; con atenci\u00f3n especial al feminicidio como expresi\u00f3n extrema de la privaci\u00f3n de la vida por razones de g\u00e9nero.<\/p>\n<p style=\"text-align: justify;\">Est\u00e1 dormitando en la enso\u00f1aci\u00f3n de los justos.<\/p>\n<p style=\"text-align: justify;\">Un avance legislativo se dio en febrero del 2007; la LX legislatura del honorable Congreso de La Uni\u00f3n, promulg\u00f3 la Ley General de Acceso de las Mujeres a una Vida Libre de Violencia.<\/p>\n<p style=\"text-align: justify;\">Pero bueno, su aplicaci\u00f3n est\u00e1 pendiente. \u00a1Trece a\u00f1os no han sido suficientes para aplicarla! Y eso, francamente encabrona a cualquiera.<\/p>\n<p style=\"text-align: justify;\">En aquel tiempo se calculaba que eran siete mujeres que mor\u00edan por esta causa; hoy las estad\u00edsticas indican que son doce por cada cien muertes violentas.<\/p>\n<p style=\"text-align: justify;\">No discutiremos hoy si ochenta y ocho son varones y tampoco se resuelven estos cr\u00edmenes. Este es otro tema.<\/p>\n<p style=\"text-align: justify;\">Lo que s\u00ed, es que se pasaron de tueste con la violencia las que parad\u00f3jicamente buscan terminar con ella. Un contrasentido, una incongruencia.<\/p>\n","protected":false},"excerpt":{"rendered":"<p>S\u00e9 que la sensatez, la tolerancia, la prudencia y la cordura, no son virtudes de aquellas mujeres a las que les llaman feminazis.<\/p>\n","protected":false},"author":6,"featured_media":22529,"comment_status":"open","ping_status":"open","sticky":false,"template":"","format":"standard","meta":{"_acf_changed":false,"_monsterinsights_skip_tracking":false,"slim_seo":{"title":"Se pasaron - Opini\u00f3n P\u00fablica","description":"S\u00e9 que la sensatez, la tolerancia, la prudencia y la cordura, no son virtudes de aquellas mujeres a las que les llaman feminazis. Entendi\u00e9ndose por tales, las q"},"footnotes":""},"categories":[21],"tags":[],"class_list":["post-22530","post","type-post","status-publish","format-standard","has-post-thumbnail","hentry","category-cartapacio"],"acf":[],"_links":{"self":[{"href":"https:\/\/www.opinionpublica.tv\/portada\/wp-json\/wp\/v2\/posts\/22530","targetHints":{"allow":["GET"]}}],"collection":[{"href":"https:\/\/www.opinionpublica.tv\/portada\/wp-json\/wp\/v2\/posts"}],"about":[{"href":"https:\/\/www.opinionpublica.tv\/portada\/wp-json\/wp\/v2\/types\/post"}],"author":[{"embeddable":true,"href":"https:\/\/www.opinionpublica.tv\/portada\/wp-json\/wp\/v2\/users\/6"}],"replies":[{"embeddable":true,"href":"https:\/\/www.opinionpublica.tv\/portada\/wp-json\/wp\/v2\/comments?post=22530"}],"version-history":[{"count":0,"href":"https:\/\/www.opinionpublica.tv\/portada\/wp-json\/wp\/v2\/posts\/22530\/revisions"}],"wp:featuredmedia":[{"embeddable":true,"href":"https:\/\/www.opinionpublica.tv\/portada\/wp-json\/wp\/v2\/media\/22529"}],"wp:attachment":[{"href":"https:\/\/www.opinionpublica.tv\/portada\/wp-json\/wp\/v2\/media?parent=22530"}],"wp:term":[{"taxonomy":"category","embeddable":true,"href":"https:\/\/www.opinionpublica.tv\/portada\/wp-json\/wp\/v2\/categories?post=22530"},{"taxonomy":"post_tag","embeddable":true,"href":"https:\/\/www.opinionpublica.tv\/portada\/wp-json\/wp\/v2\/tags?post=22530"}],"curies":[{"name":"wp","href":"https:\/\/api.w.org\/{rel}","templated":true}]}}