{"id":22463,"date":"2020-03-05T07:00:00","date_gmt":"2020-03-05T06:00:00","guid":{"rendered":"https:\/\/www.opinionpublica.tv\/portada\/2020\/03\/05\/en-la-academia-y-como-policias-mujeres-sufren-violencia\/"},"modified":"2020-03-05T07:00:00","modified_gmt":"2020-03-05T06:00:00","slug":"en-la-academia-y-como-policias-mujeres-sufren-violencia","status":"publish","type":"post","link":"https:\/\/www.opinionpublica.tv\/portada\/en-la-academia-y-como-policias-mujeres-sufren-violencia\/","title":{"rendered":"En la academia y como polic\u00edas, mujeres sufren violencia"},"content":{"rendered":"<p><img fetchpriority=\"high\" decoding=\"async\" class=\" size-full wp-image-22462\" src=\"https:\/\/www.opinionpublica.tv\/portada\/wp-content\/uploads\/2020\/03\/0e724b186ce8b4cc39e6ffeb70f0efd3.jpg\" alt=\"\" class=\"caption\" title=\"El acoso contra las mujeres tambi\u00e9n se da en las corporaciones policiacas.\" width=\"980\" height=\"654\" srcset=\"https:\/\/www.opinionpublica.tv\/portada\/wp-content\/uploads\/2020\/03\/0e724b186ce8b4cc39e6ffeb70f0efd3.jpg 980w, https:\/\/www.opinionpublica.tv\/portada\/wp-content\/uploads\/2020\/03\/0e724b186ce8b4cc39e6ffeb70f0efd3-300x200.jpg 300w, https:\/\/www.opinionpublica.tv\/portada\/wp-content\/uploads\/2020\/03\/0e724b186ce8b4cc39e6ffeb70f0efd3-768x513.jpg 768w\" sizes=\"(max-width: 980px) 100vw, 980px\" \/><br \/>\n<!--more--><\/p>\n<p style=\"text-align: justify;\"><em>Ciudad de M\u00e9xico<\/em>.- En M\u00e9xico, las mujeres polic\u00edas sufren discriminaci\u00f3n, acoso, violencia de g\u00e9nero o incluso son revictimizadas al denunciar cualquier tipo de agresi\u00f3n, detall\u00f3 un estudio de la organizaci\u00f3n Causa en Com\u00fan.<\/p>\n<p style=\"text-align: justify;\">El informe \u201cSer mujer polic\u00eda en M\u00e9xico\u201d expone que 39% de las mujeres polic\u00edas presenci\u00f3 o fue v\u00edctima de discriminaci\u00f3n durante su estancia en la corporaci\u00f3n, 7% sufri\u00f3 abuso f\u00edsico y 2% abuso sexual.<\/p>\n<p style=\"text-align: justify;\">Mientras que siete de cada 10 polic\u00edas sufrieron violencia de g\u00e9nero cuando estuvieron en la academia y 17% denunci\u00f3 haber recibido insinuaciones sexuales o insultos.<\/p>\n<p style=\"text-align: justify;\">Pilar D\u00e9ziga Vel\u00e1zquez, investigadora de Causa en Com\u00fan, explic\u00f3 que con el auspicio de la Embajada de Canad\u00e1 en M\u00e9xico y el apoyo de la Secretar\u00eda de Seguridad del Estado de M\u00e9xico y del municipio de Nezahualc\u00f3yotl, se realiz\u00f3 el estudio que tambi\u00e9n indica que, durante su preparaci\u00f3n, 68% afirm\u00f3 haber recibido por parte de sus instructores comentarios lascivos o piropos ofensivos; 18% fue objeto de insinuaciones o solicitudes sexuales; 9% recibi\u00f3 mensajes, fotograf\u00edas o comentarios con insinuaciones o insultos; 5% fue v\u00edctima de tocamientos o manoseos no consensuados, y 1% afirm\u00f3 haber sufrido intentos de violaci\u00f3n.<\/p>\n<p style=\"text-align: justify;\">Causa en Com\u00fan revel\u00f3 que hay poca denuncia, ya que de quienes se\u00f1alaron haber sido v\u00edctimas o testigos de conductas indebidas, s\u00f3lo 17% denunci\u00f3 a sus agresores, y de \u00e9stas, m\u00e1s de la mitad (54%) report\u00f3 que no hubo ninguna sanci\u00f3n.<\/p>\n<p style=\"text-align: justify;\">Los principales motivos por los que las mujeres polic\u00edas no denunciaron estas agresiones fueron: no creer que sancionaran al agresor con 28%, y sentir miedo a represalias, con 27 por ciento.<\/p>\n<p style=\"text-align: justify;\">\u201cEs importante resaltar que estas agresiones se encuentran normalizadas, y que incluso el hecho de denunciar las puede colocar en una posici\u00f3n dif\u00edcil en su entorno laboral: es algo cotidiano, debe ser denunciado, pero no lo toman en cuenta, y si denuncias quedas m\u00e1s mal t\u00fa, por chismosa\u201d, se\u00f1al\u00f3 D\u00e9ziga Vel\u00e1zquez.<\/p>\n<p style=\"text-align: justify;\">Promoci\u00f3n laboral<\/p>\n<p style=\"text-align: justify;\">Por otro lado, s\u00f3lo 21% de las mujeres polic\u00edas ha recibido alg\u00fan tipo de ascenso o promoci\u00f3n laboral; a 28% le dieron est\u00edmulos por su labor y tres de cada 10 uniformadas prefieren no participar en los concursos de ascenso porque los consideran inequitativos.<\/p>\n<p style=\"text-align: justify;\">Otro de los hallazgos fue que se identific\u00f3 que la labor policial se interpreta como una funci\u00f3n de los hombres; hay menos mujeres que hombres con inter\u00e9s de ascender a puestos de mando, ya sea por falta de inter\u00e9s o por responsabilidades familiares.<\/p>\n<p style=\"text-align: justify;\">Adem\u00e1s, prevalece un alto grado de visi\u00f3n machista entre los mandos y elementos; muchas de las mujeres polic\u00edas tambi\u00e9n consideraron que los mandos no generan un clima de respeto entre hombres y mujeres, y que son ellos quienes las revictimizan o que apoyan las conductas indebidas contra ellas.<\/p>\n<p style=\"text-align: justify;\">Las mujeres polic\u00edas reconocieron que las conductas indebidas persisten, porque tambi\u00e9n hay revictimizaci\u00f3n entre ellas mismas.<\/p>\n<p style=\"text-align: justify;\">Defensas negligentes, acusan<\/p>\n<p style=\"text-align: justify;\">Alerta ONG sobre reclusi\u00f3n de mujeres<\/p>\n<p style=\"text-align: justify;\">La situaci\u00f3n de las mujeres en reclusi\u00f3n en M\u00e9xico a\u00fan es precaria, ya que la mayor\u00eda ha tenido defensas negligentes, ha sufrido tortura y est\u00e1 abandonada por sus familiares. Adem\u00e1s, muchas de ellas fueron detenidas por delitos menores y llevan procesos irregulares que las mantienen en la c\u00e1rcel durante varios a\u00f1os sin recibir sentencia, advirti\u00f3 la Fundaci\u00f3n Reintegra.<\/p>\n<p style=\"text-align: justify;\">Asimismo, las pol\u00edticas y procedimientos dentro de los centros carcelarios est\u00e1n formulados para la poblaci\u00f3n varonil, ya que, de los 428 centros penitenciarios que existen en nuestro pa\u00eds, \u00fanicamente 10 son exclusivos para mujeres; los restantes deber\u00edan acondicionar, por ley, un espacio f\u00edsico para albergar a reclusas.<\/p>\n<p style=\"text-align: justify;\">Pese a que podr\u00eda parecer que el porcentaje de mujeres en conflicto con la ley no es significativo \u2014hasta el 2017 hab\u00eda 13,448 mujeres en prisi\u00f3n, cifra que representaba s\u00f3lo 5% de la poblaci\u00f3n penitenciaria\u2014, Reintegra expuso que su seguridad es importante. Sin embargo, esto no ha ocurrido.<\/p>\n<p style=\"text-align: justify;\">Sanciones, por violencia familiar<\/p>\n<p style=\"text-align: justify;\">El pleno de la C\u00e1mara de Diputados aprob\u00f3 con 331 votos a favor y uno en contra el dictamen que reforma el C\u00f3digo Penal Federal para incrementar de tres a siete a\u00f1os de prisi\u00f3n a quien cometa el delito de violencia familiar.<\/p>\n<p style=\"text-align: justify;\">Las y los diputados avalaron la propuesta de Marina del Pilar \u00c1vila (Morena), la cual plantea las reformas al art\u00edculo 343 Bis y 343 del c\u00f3digo.<\/p>\n<p style=\"text-align: justify;\"><em>Con informaci\u00f3n de El Economista<\/em>.<\/p>\n","protected":false},"excerpt":{"rendered":"","protected":false},"author":6,"featured_media":22462,"comment_status":"open","ping_status":"open","sticky":false,"template":"","format":"standard","meta":{"_acf_changed":false,"_monsterinsights_skip_tracking":false,"slim_seo":{"title":"En la academia y como polic\u00edas, mujeres sufren violencia - Opini\u00f3n P\u00fablica","description":"Ciudad de M\u00e9xico .- En M\u00e9xico, las mujeres polic\u00edas sufren discriminaci\u00f3n, acoso, violencia de g\u00e9nero o incluso son revictimizadas al denunciar cualquier tipo d"},"footnotes":""},"categories":[9],"tags":[],"class_list":["post-22463","post","type-post","status-publish","format-standard","has-post-thumbnail","hentry","category-nacional"],"acf":[],"_links":{"self":[{"href":"https:\/\/www.opinionpublica.tv\/portada\/wp-json\/wp\/v2\/posts\/22463","targetHints":{"allow":["GET"]}}],"collection":[{"href":"https:\/\/www.opinionpublica.tv\/portada\/wp-json\/wp\/v2\/posts"}],"about":[{"href":"https:\/\/www.opinionpublica.tv\/portada\/wp-json\/wp\/v2\/types\/post"}],"author":[{"embeddable":true,"href":"https:\/\/www.opinionpublica.tv\/portada\/wp-json\/wp\/v2\/users\/6"}],"replies":[{"embeddable":true,"href":"https:\/\/www.opinionpublica.tv\/portada\/wp-json\/wp\/v2\/comments?post=22463"}],"version-history":[{"count":0,"href":"https:\/\/www.opinionpublica.tv\/portada\/wp-json\/wp\/v2\/posts\/22463\/revisions"}],"wp:featuredmedia":[{"embeddable":true,"href":"https:\/\/www.opinionpublica.tv\/portada\/wp-json\/wp\/v2\/media\/22462"}],"wp:attachment":[{"href":"https:\/\/www.opinionpublica.tv\/portada\/wp-json\/wp\/v2\/media?parent=22463"}],"wp:term":[{"taxonomy":"category","embeddable":true,"href":"https:\/\/www.opinionpublica.tv\/portada\/wp-json\/wp\/v2\/categories?post=22463"},{"taxonomy":"post_tag","embeddable":true,"href":"https:\/\/www.opinionpublica.tv\/portada\/wp-json\/wp\/v2\/tags?post=22463"}],"curies":[{"name":"wp","href":"https:\/\/api.w.org\/{rel}","templated":true}]}}