{"id":22428,"date":"2020-03-04T07:00:00","date_gmt":"2020-03-04T06:00:00","guid":{"rendered":"https:\/\/www.opinionpublica.tv\/portada\/2020\/03\/04\/efemerides-4-de-marzo-3\/"},"modified":"2020-03-04T07:00:00","modified_gmt":"2020-03-04T06:00:00","slug":"efemerides-4-de-marzo-3","status":"publish","type":"post","link":"https:\/\/www.opinionpublica.tv\/portada\/efemerides-4-de-marzo-3\/","title":{"rendered":"Efem\u00e9rides 4 de marzo"},"content":{"rendered":"<img fetchpriority=\"high\" decoding=\"async\" class=\" size-full wp-image-22427\" src=\"https:\/\/www.opinionpublica.tv\/portada\/wp-content\/uploads\/2020\/03\/9396457cae5930adc41de7b7bb94670a.jpg\" alt=\"\" class=\"caption\" title=\"La Constituci\u00f3n de Estados Unidos sirvi\u00f3 de base para otros pa\u00edses libres de Am\u00e9rica.\" width=\"279\" height=\"181\" \/>\n<p style=\"text-align: justify;\">Un d\u00eda 4 de marzo como hoy, pero de 1789, entra en vigor la Constituci\u00f3n de Estados Unidos, con lo que comienza a funcionar la Uni\u00f3n Americana como un conjunto de estados federados.<\/p>\n<p><!--more--><\/p>\n<p style=\"text-align: justify;\"><strong>Otras efem\u00e9rides<\/strong><\/p>\n<p style=\"text-align: justify;\">1606.- La Corte espa\u00f1ola vuelve a Madrid, tras permanecer un tiempo en Valladolid.<\/p>\n<p style=\"text-align: justify;\">1678.- Nace el compositor Antonio Vivaldi.<\/p>\n<p style=\"text-align: justify;\">1741.- El corsario ingl\u00e9s Edward Vernon intenta apoderarse de Cartagena de Indias, que fue defendida por el marino Blas de Lezo.<\/p>\n<p style=\"text-align: justify;\">1801.- Thomas Jefferson jura su cargo en Washington como tercer presidente de Estados Unidos.<\/p>\n<p style=\"text-align: justify;\">1826.- El Congreso argentino acuerda que Buenos Aires sea la capital de la Rep\u00fablica.<\/p>\n<p style=\"text-align: justify;\">1832.- Muere Jean Francois Champollion, egipt\u00f3logo franc\u00e9s.<\/p>\n<p style=\"text-align: justify;\">1846.- Comienzan las hostilidades entre Estados Unidos y M\u00e9xico.<\/p>\n<p style=\"text-align: justify;\">1852.- Muere Nicol\u00e1s Gogol, novelista ruso.<\/p>\n<p style=\"text-align: justify;\">1853.- Reconocimiento de la independencia de Paraguay por Francia, Gran Breta\u00f1a y Estados Unidos.<\/p>\n<p style=\"text-align: justify;\">1861.- Abraham Lincoln jura como presidente de los Estados Unidos.<\/p>\n<p style=\"text-align: justify;\">1861.- Espa\u00f1a acepta el ofrecimiento de la que hab\u00eda sido colonia de Santo Domingo para reincorporarse a la Monarqu\u00eda. La anexi\u00f3n dur\u00f3 cuatro a\u00f1os.<\/p>\n<p style=\"text-align: justify;\">1869.- Nace Eugenio de Castro, poeta y escritor portugu\u00e9s.<\/p>\n<p style=\"text-align: justify;\">1875.- Nace Enrique Rodr\u00edguez Larreta, escritor y pol\u00edtico argentino.<\/p>\n<p style=\"text-align: justify;\">1885.- Grover Cleveland asume la presidencia de Estados Unidos.<\/p>\n<p style=\"text-align: justify;\">1885.- Guatemala decide anexionarse El Salvador, Nicaragua, Costa Rica y Honduras y constituir una Rep\u00fablica Federal, con la oposici\u00f3n de estos pa\u00edses.<\/p>\n<p style=\"text-align: justify;\">1889.- Benjamin Harrison toma posesi\u00f3n de la presidencia de Estados Unidos.<\/p>\n<p style=\"text-align: justify;\">1897.- William McKinley es proclamado presidente de Estados Unidos.<\/p>\n<p style=\"text-align: justify;\">1901.- El diario nacionalista \u00abLa Discusi\u00f3n\u00bb publica su primer n\u00famero en La Habana (Cuba).<\/p>\n<p style=\"text-align: justify;\">1904.- Un terremoto ocasiona miles de v\u00edctimas en Per\u00fa.<\/p>\n<p style=\"text-align: justify;\">1910.- Nace Tancredo de Neves, pol\u00edtico brasile\u00f1o.<\/p>\n<p style=\"text-align: justify;\">1913.- Woodrow Wilson es proclamado presidente de Estados Unidos.<\/p>\n<p style=\"text-align: justify;\">1919.- La Tercera Internacional Comunista, auspiciada por la URSS, nace en Mosc\u00fa.<\/p>\n<p style=\"text-align: justify;\">1924.- La Asamblea Nacional Turca, apoyada por el jefe del Estado, Mustaf\u00e1 Kemal, aprueba la abolici\u00f3n del Califato.<\/p>\n<p style=\"text-align: justify;\">1929.- Estalla una revoluci\u00f3n dirigida por antiguos partidarios del general Obreg\u00f3n en varios Estados de M\u00e9xico contra el Gobierno de Portes Gil.<\/p>\n<p style=\"text-align: justify;\">1932.- Nace Ryszard Kapucinski, periodista, escritor e historiador polaco.<\/p>\n<p style=\"text-align: justify;\">1933.- Franklin D. Roosevelt jura como presidente de los Estados Unidos.<\/p>\n<p style=\"text-align: justify;\">1942.- El escritor franc\u00e9s Albert Camus publica \u00abEl extranjero\u00bb.<\/p>\n<p style=\"text-align: justify;\">1948.- Acuerdo entre Argentina y Chile sobre la Ant\u00e1rtida.<\/p>\n<p style=\"text-align: justify;\">1960.- Un centenar de personas mueren y m\u00e1s de 200 resultan heridas en la explosi\u00f3n del vapor franc\u00e9s \u00abLe Coubre\u00bb, cargado de armas y munici\u00f3n, en el puerto de La Habana.<\/p>\n<p style=\"text-align: justify;\">1974.- El laborista Harold Wilson sustituye al conservador Edward Heath como primer ministro del Reino Unido.<\/p>\n<p style=\"text-align: justify;\">1979.- Primera huelga de futbolistas en Espa\u00f1a.<\/p>\n<p style=\"text-align: justify;\">1987.- El presidente Ronald Reagan reconoce que Estados Unidos vendi\u00f3 armas a Ir\u00e1n a cambio de rehenes.<\/p>\n<p style=\"text-align: justify;\">1991.- Los independentistas de Letonia y de Estonia vencen en los respectivos plebiscitos para separarse de la URSS.<\/p>\n<p style=\"text-align: justify;\">1991.- Muere Jos\u00e9 Iglesias, c\u00f3mico argentino, que populariz\u00f3 el nombre art\u00edstico de \u00abEl Zorro\u00bb.<\/p>\n<p style=\"text-align: justify;\">1992.- Muere N\u00e9stor Almendros, director de fotograf\u00eda espa\u00f1ol.<\/p>\n<p style=\"text-align: justify;\">1993.- Muere Miguel de Molina, cantaor espa\u00f1ol.<\/p>\n<p style=\"text-align: justify;\">1999.- El director general de la UNESCO, Federico Mayor Zaragoza, y varios Premios Nobel de la Paz presentan en Par\u00eds el \u00abManifiesto 2000\u00bb, destinado a promover la paz en el mundo.<\/p>\n<p style=\"text-align: justify;\">2001.- 59 personas mueren en Portugal al caer un autob\u00fas al r\u00edo Duero tras el derrumbe del puente que un\u00eda los pueblos de Castelo de Paiva y Entre-os-R\u00edos.<\/p>\n<p style=\"text-align: justify;\">2001.- Suiza rechaza en refer\u00e9ndum su ingreso en la Uni\u00f3n Europea.<\/p>\n<p style=\"text-align: justify;\">2004.- Muere Fernando L\u00e1zaro Carreter, fil\u00f3logo espa\u00f1ol que fue director de la Real Academia Espa\u00f1ola (RAE).<\/p>\n<p style=\"text-align: justify;\">2005.- La periodista italiana Giuliana Sgrena, secuestrada en Irak, es liberada tras un mes de cautiverio.<\/p>\n<p style=\"text-align: justify;\">2007.- La mexicana Beatriz Paredes asume la presidencia del Partido Revolucionario Institucional (PRI).<\/p>\n<p style=\"text-align: justify;\">2008.- Ian Paisley anuncia su dimisi\u00f3n como primer ministro norirland\u00e9s y l\u00edder del Partido Democr\u00e1tico Unionista.<\/p>\n<p style=\"text-align: justify;\">2011.- El primer ministro, Beyi Said Essebsi, inicia la transici\u00f3n en T\u00fanez.<\/p>\n","protected":false},"excerpt":{"rendered":"<p>Un d\u00eda 4 de marzo como hoy, pero de 1789, entra en vigor la Constituci\u00f3n de Estados Unidos, con lo que comienza a funcionar la Uni\u00f3n Americana como un conjunto de estados federados.<\/p>\n","protected":false},"author":6,"featured_media":22427,"comment_status":"open","ping_status":"open","sticky":false,"template":"","format":"standard","meta":{"_acf_changed":false,"_monsterinsights_skip_tracking":false,"slim_seo":{"title":"Efem\u00e9rides 4 de marzo - Opini\u00f3n P\u00fablica","description":"Un d\u00eda 4 de marzo como hoy, pero de 1789, entra en vigor la Constituci\u00f3n de Estados Unidos, con lo que comienza a funcionar la Uni\u00f3n Americana como un conjunto"},"footnotes":""},"categories":[27],"tags":[],"class_list":["post-22428","post","type-post","status-publish","format-standard","has-post-thumbnail","hentry","category-un-dia-como-hoy"],"acf":[],"_links":{"self":[{"href":"https:\/\/www.opinionpublica.tv\/portada\/wp-json\/wp\/v2\/posts\/22428","targetHints":{"allow":["GET"]}}],"collection":[{"href":"https:\/\/www.opinionpublica.tv\/portada\/wp-json\/wp\/v2\/posts"}],"about":[{"href":"https:\/\/www.opinionpublica.tv\/portada\/wp-json\/wp\/v2\/types\/post"}],"author":[{"embeddable":true,"href":"https:\/\/www.opinionpublica.tv\/portada\/wp-json\/wp\/v2\/users\/6"}],"replies":[{"embeddable":true,"href":"https:\/\/www.opinionpublica.tv\/portada\/wp-json\/wp\/v2\/comments?post=22428"}],"version-history":[{"count":0,"href":"https:\/\/www.opinionpublica.tv\/portada\/wp-json\/wp\/v2\/posts\/22428\/revisions"}],"wp:featuredmedia":[{"embeddable":true,"href":"https:\/\/www.opinionpublica.tv\/portada\/wp-json\/wp\/v2\/media\/22427"}],"wp:attachment":[{"href":"https:\/\/www.opinionpublica.tv\/portada\/wp-json\/wp\/v2\/media?parent=22428"}],"wp:term":[{"taxonomy":"category","embeddable":true,"href":"https:\/\/www.opinionpublica.tv\/portada\/wp-json\/wp\/v2\/categories?post=22428"},{"taxonomy":"post_tag","embeddable":true,"href":"https:\/\/www.opinionpublica.tv\/portada\/wp-json\/wp\/v2\/tags?post=22428"}],"curies":[{"name":"wp","href":"https:\/\/api.w.org\/{rel}","templated":true}]}}