{"id":22418,"date":"2020-03-01T07:00:00","date_gmt":"2020-03-01T06:00:00","guid":{"rendered":"https:\/\/www.opinionpublica.tv\/portada\/2020\/03\/01\/entrega-corral-tercer-informe-ante-congreso-del-estado\/"},"modified":"2020-03-01T07:00:00","modified_gmt":"2020-03-01T06:00:00","slug":"entrega-corral-tercer-informe-ante-congreso-del-estado","status":"publish","type":"post","link":"https:\/\/www.opinionpublica.tv\/portada\/entrega-corral-tercer-informe-ante-congreso-del-estado\/","title":{"rendered":"Entrega Corral Tercer Informe ante el Congreso del Estado"},"content":{"rendered":"<p><img fetchpriority=\"high\" decoding=\"async\" class=\" size-full wp-image-22417\" src=\"https:\/\/www.opinionpublica.tv\/portada\/wp-content\/uploads\/2020\/03\/351b2dec77faf9fe53068cc77eb2ce9b.jpg\" alt=\"\" class=\"caption\" title=\"Javier Corral Jurado, gobernador de Chihuahua entreg\u00f3 su Tercer Informe de Gobierno.\" width=\"512\" height=\"341\" srcset=\"https:\/\/www.opinionpublica.tv\/portada\/wp-content\/uploads\/2020\/03\/351b2dec77faf9fe53068cc77eb2ce9b.jpg 512w, https:\/\/www.opinionpublica.tv\/portada\/wp-content\/uploads\/2020\/03\/351b2dec77faf9fe53068cc77eb2ce9b-300x200.jpg 300w\" sizes=\"(max-width: 512px) 100vw, 512px\" \/><br \/>\n<!--more--><\/p>\n<p style=\"text-align: justify;\">\u00a0<\/p>\n<p style=\"text-align: justify;\"><em>Chihuahua, Chih<\/em>.- Ante 26 diputados presentes del Congreso del Estado, el gobernador de Chihuahua, Javier Corral Jurado, entreg\u00f3 este domingo su Tercer Informe de Gobierno a los poderes Legislativo y Judicial.<\/p>\n<p style=\"text-align: justify;\">Durante la apertura del Segundo Periodo Ordinario de Sesiones, Corral entreg\u00f3 dos tomos que el estado que guarda la Administraci\u00f3n P\u00fablica estatal.<\/p>\n<p style=\"text-align: justify;\">El mandatario estatal manifest\u00f3 a los diputados, que si as\u00ed lo consideraran, se pondr\u00e1 a su disposici\u00f3n para ser citado en cualquier momento ante las comisiones o ante el Pleno, para responder o ampliar la informaci\u00f3n contenida en el informe correspondiente a 2019.<\/p>\n<p style=\"text-align: justify;\">Afirm\u00f3 que en estos tres a\u00f1os de trabajo en su administraci\u00f3n se ha hecho un esfuerzo monumental, que ha cosechado logros y resultados para el pueblo de Chihuahua, con un enfoque prioritario por quienes menos tienen y m\u00e1s han esperado.<\/p>\n<p style=\"text-align: justify;\">Durante la sesi\u00f3n solemne entreg\u00f3 el documento al presidente del Congreso del Estado, Ren\u00e9 Fr\u00edas Bencomo, ante la presencia del presidente del Tribunal Superior de Justicia del Estado (TSJE), Pablo H\u00e9ctor Gonz\u00e1lez Villalobos, legisladores federales, senadores, integrantes del gabinete estatal, representantes del sector empresarial y ciudadan\u00eda en general.<\/p>\n<p style=\"text-align: justify;\">\u201cEn medio de un momento hist\u00f3rico en que los tres poderes del Estado han enviado a todo el pueblo de Chihuahua y a la naci\u00f3n, un contundente mensaje de institucionalizaci\u00f3n en el combate a la corrupci\u00f3n y a la impunidad, asisto a la apertura del segundo periodo ordinario de sesiones\u201d, manifest\u00f3 al inicio de su participaci\u00f3n.<\/p>\n<p style=\"text-align: justify;\">Se dijo satisfecho porque 2019 fue un a\u00f1o de consolidaci\u00f3n para su gobierno, que tuvo grandes cosechas de crecimiento econ\u00f3mico para Chihuahua, fruto de un esfuerzo monumental que demand\u00f3 no s\u00f3lo convicci\u00f3n, sino responsabilidad, compromiso y sentido \u00e9tico.<\/p>\n<p style=\"text-align: justify;\">Corral asegur\u00f3 que la entidad vive mejores tiempos \u201cporque atendiendo la confianza que nos fue brindada por la ciudadan\u00eda, el poder p\u00fablico se ejerce de manera prudente y el dinero de las y los chihuahuenses se administra honestamente\u201d.<\/p>\n<p style=\"text-align: justify;\">A\u00f1adi\u00f3 que durante la glosa del Informe todos y cada uno de los servidores del estado de Chihuahua estar\u00e1n a disposici\u00f3n del Congreso del Estado, toda vez que estos resultados son fruto de la dedicaci\u00f3n, profesionalismo, sentido \u00e9tico y de la disciplina, del equipo que le ha acompa\u00f1ado en cada dependencia, con un trabajo colectivo donde se ha colocado por encima de todo, el bien com\u00fan.<\/p>\n","protected":false},"excerpt":{"rendered":"","protected":false},"author":6,"featured_media":22417,"comment_status":"open","ping_status":"open","sticky":false,"template":"","format":"standard","meta":{"_acf_changed":false,"_monsterinsights_skip_tracking":false,"slim_seo":{"title":"Entrega Corral Tercer Informe ante el Congreso del Estado - Opini\u00f3n P\u00fablica","description":"\u00a0 Chihuahua, Chih .- Ante 26 diputados presentes del Congreso del Estado, el gobernador de Chihuahua, Javier Corral Jurado, entreg\u00f3 este domingo su Tercer Infor"},"footnotes":""},"categories":[4],"tags":[],"class_list":["post-22418","post","type-post","status-publish","format-standard","has-post-thumbnail","hentry","category-pulsopolitico"],"acf":[],"_links":{"self":[{"href":"https:\/\/www.opinionpublica.tv\/portada\/wp-json\/wp\/v2\/posts\/22418","targetHints":{"allow":["GET"]}}],"collection":[{"href":"https:\/\/www.opinionpublica.tv\/portada\/wp-json\/wp\/v2\/posts"}],"about":[{"href":"https:\/\/www.opinionpublica.tv\/portada\/wp-json\/wp\/v2\/types\/post"}],"author":[{"embeddable":true,"href":"https:\/\/www.opinionpublica.tv\/portada\/wp-json\/wp\/v2\/users\/6"}],"replies":[{"embeddable":true,"href":"https:\/\/www.opinionpublica.tv\/portada\/wp-json\/wp\/v2\/comments?post=22418"}],"version-history":[{"count":0,"href":"https:\/\/www.opinionpublica.tv\/portada\/wp-json\/wp\/v2\/posts\/22418\/revisions"}],"wp:featuredmedia":[{"embeddable":true,"href":"https:\/\/www.opinionpublica.tv\/portada\/wp-json\/wp\/v2\/media\/22417"}],"wp:attachment":[{"href":"https:\/\/www.opinionpublica.tv\/portada\/wp-json\/wp\/v2\/media?parent=22418"}],"wp:term":[{"taxonomy":"category","embeddable":true,"href":"https:\/\/www.opinionpublica.tv\/portada\/wp-json\/wp\/v2\/categories?post=22418"},{"taxonomy":"post_tag","embeddable":true,"href":"https:\/\/www.opinionpublica.tv\/portada\/wp-json\/wp\/v2\/tags?post=22418"}],"curies":[{"name":"wp","href":"https:\/\/api.w.org\/{rel}","templated":true}]}}