{"id":22416,"date":"2020-03-01T07:00:00","date_gmt":"2020-03-01T06:00:00","guid":{"rendered":"https:\/\/www.opinionpublica.tv\/portada\/2020\/03\/01\/refuerza-sector-medico-refuerza-ante-coronavirus-en-juarez\/"},"modified":"2020-03-01T07:00:00","modified_gmt":"2020-03-01T06:00:00","slug":"refuerza-sector-medico-refuerza-ante-coronavirus-en-juarez","status":"publish","type":"post","link":"https:\/\/www.opinionpublica.tv\/portada\/refuerza-sector-medico-refuerza-ante-coronavirus-en-juarez\/","title":{"rendered":"Refuerza Sector M\u00e9dico medidas preventivas para evitar el coronavirus en Ciudad Ju\u00e1rez"},"content":{"rendered":"<p><img fetchpriority=\"high\" decoding=\"async\" class=\" size-full wp-image-22415\" src=\"https:\/\/www.opinionpublica.tv\/portada\/wp-content\/uploads\/2020\/03\/c174af0de4ec246b8737dd1619d57b6f-scaled.jpg\" alt=\"\" class=\"caption\" title=\"El sector salud de Ciudad Ju\u00e1rez est\u00e1 tomando previsiones contra el coronavirus.\" width=\"2560\" height=\"1920\" srcset=\"https:\/\/www.opinionpublica.tv\/portada\/wp-content\/uploads\/2020\/03\/c174af0de4ec246b8737dd1619d57b6f-scaled.jpg 2560w, https:\/\/www.opinionpublica.tv\/portada\/wp-content\/uploads\/2020\/03\/c174af0de4ec246b8737dd1619d57b6f-300x225.jpg 300w\" sizes=\"(max-width: 2560px) 100vw, 2560px\" \/><br \/>\n<!--more--><\/p>\n<p style=\"text-align: justify;\"><em>Ciudad Ju\u00e1rez, Chih<\/em>.- Este fin de semana se llev\u00f3 a cabo la segunda reuni\u00f3n interinstitucional de la\u00a0\u00a0Zona Norte, con el objetivo de poner en marcha en Ju\u00e1rez y municipios aleda\u00f1os, la estrategia nacional de mitigaci\u00f3n ante la epidemia mundial del Covid -19 o coronavirus.\u00a0<\/p>\n<p style=\"text-align: justify;\"><em>\u201cAh\u00ed se estableci\u00f3 la estrategia de M\u00e9xico para esta epidemia de Coronavirus que es una estrategia basada en la mitigaci\u00f3n del efecto de esta epidemia\u201d,<\/em>se\u00f1al\u00f3 Arturo Valenzuela Zorrilla, titular de\u00a0\u00a0la Direcci\u00f3n M\u00e9dica en la Zona Norte.<\/p>\n<p style=\"text-align: justify;\">Dicha estrategia es tener toda la informaci\u00f3n pormenorizada de lo que es esta enfermedad respiratoria, y sabe que protocolos a seguir ante casos sospechosos, para difundirla a la poblaci\u00f3n abierta as\u00ed como a personal m\u00e9dico y hospitalario.<\/p>\n<p style=\"text-align: justify;\">\u201cMitigaci\u00f3n tiene tres puntos que son: detecci\u00f3n temprana de los casos aislamiento\u00a0\u00a0de los mismos y seguimiento\u00a0\u00a0del contacto de estas personas y esto con el af\u00e1n\u00a0\u00a0de limitar o amortiguar el impacto de este virus que ya esta en nuestro territorio con la finalidad de que menos personas se vean afectadas\u201d,\u00a0agreg\u00f3 Valenzuela Zorrilla.<\/p>\n<p style=\"text-align: justify;\">En el encuentro participaron integrantes de la\u00a0Secretar\u00eda de Salud estatal, personal del Seguro Social, ISSSTE, directores de hospitales particulares m\u00e1s\u00a0\u00a0importantes de la ciudad, as\u00ed como representantes de gobierno federal.<\/p>\n<p style=\"text-align: justify;\">A tiempo se pide a la poblaci\u00f3n a no caer en p\u00e1nico, a tener en cuenta el uso correcto de cubre bocas, a reforzar cuidados en \u00e1reas hospitalarias y de urgencias, mientras que en el hogar o trabajo implementar la forma correcta de toser e incrementar la frecuencia en lavado de manos.<\/p>\n","protected":false},"excerpt":{"rendered":"","protected":false},"author":6,"featured_media":22415,"comment_status":"open","ping_status":"open","sticky":false,"template":"","format":"standard","meta":{"_acf_changed":false,"_monsterinsights_skip_tracking":false,"slim_seo":{"title":"Refuerza Sector M\u00e9dico medidas preventivas para evitar el coronavirus en Ciudad Ju\u00e1rez - Opini\u00f3n P\u00fablica","description":"Ciudad Ju\u00e1rez, Chih .- Este fin de semana se llev\u00f3 a cabo la segunda reuni\u00f3n interinstitucional de la\u00a0\u00a0Zona Norte, con el objetivo de poner en marcha en Ju\u00e1rez"},"footnotes":""},"categories":[3],"tags":[],"class_list":["post-22416","post","type-post","status-publish","format-standard","has-post-thumbnail","hentry","category-principal"],"acf":[],"_links":{"self":[{"href":"https:\/\/www.opinionpublica.tv\/portada\/wp-json\/wp\/v2\/posts\/22416","targetHints":{"allow":["GET"]}}],"collection":[{"href":"https:\/\/www.opinionpublica.tv\/portada\/wp-json\/wp\/v2\/posts"}],"about":[{"href":"https:\/\/www.opinionpublica.tv\/portada\/wp-json\/wp\/v2\/types\/post"}],"author":[{"embeddable":true,"href":"https:\/\/www.opinionpublica.tv\/portada\/wp-json\/wp\/v2\/users\/6"}],"replies":[{"embeddable":true,"href":"https:\/\/www.opinionpublica.tv\/portada\/wp-json\/wp\/v2\/comments?post=22416"}],"version-history":[{"count":0,"href":"https:\/\/www.opinionpublica.tv\/portada\/wp-json\/wp\/v2\/posts\/22416\/revisions"}],"wp:featuredmedia":[{"embeddable":true,"href":"https:\/\/www.opinionpublica.tv\/portada\/wp-json\/wp\/v2\/media\/22415"}],"wp:attachment":[{"href":"https:\/\/www.opinionpublica.tv\/portada\/wp-json\/wp\/v2\/media?parent=22416"}],"wp:term":[{"taxonomy":"category","embeddable":true,"href":"https:\/\/www.opinionpublica.tv\/portada\/wp-json\/wp\/v2\/categories?post=22416"},{"taxonomy":"post_tag","embeddable":true,"href":"https:\/\/www.opinionpublica.tv\/portada\/wp-json\/wp\/v2\/tags?post=22416"}],"curies":[{"name":"wp","href":"https:\/\/api.w.org\/{rel}","templated":true}]}}