{"id":22409,"date":"2020-02-29T07:00:00","date_gmt":"2020-02-29T06:00:00","guid":{"rendered":"https:\/\/www.opinionpublica.tv\/portada\/2020\/02\/29\/reabren-a-la-circulacion-de-manera-restringida-el-puente-santa-fe-2\/"},"modified":"2020-02-29T07:00:00","modified_gmt":"2020-02-29T06:00:00","slug":"reabren-a-la-circulacion-de-manera-restringida-el-puente-santa-fe-2","status":"publish","type":"post","link":"https:\/\/www.opinionpublica.tv\/portada\/reabren-a-la-circulacion-de-manera-restringida-el-puente-santa-fe-2\/","title":{"rendered":"Reabren a la circulaci\u00f3n de manera restringida el Puente Santa Fe"},"content":{"rendered":"<p><img fetchpriority=\"high\" decoding=\"async\" class=\" size-full wp-image-22408\" src=\"https:\/\/www.opinionpublica.tv\/portada\/wp-content\/uploads\/2020\/02\/48e31c659226d69a2dd4af90e325adbb.jpg\" alt=\"\" class=\"caption\" title=\"El Puente Santa Fe permaneci\u00f3 cerrado por una manifestaci\u00f3n de migrantes centroamericanos.\" width=\"1280\" height=\"720\" srcset=\"https:\/\/www.opinionpublica.tv\/portada\/wp-content\/uploads\/2020\/02\/48e31c659226d69a2dd4af90e325adbb.jpg 1280w, https:\/\/www.opinionpublica.tv\/portada\/wp-content\/uploads\/2020\/02\/48e31c659226d69a2dd4af90e325adbb-300x169.jpg 300w, https:\/\/www.opinionpublica.tv\/portada\/wp-content\/uploads\/2020\/02\/48e31c659226d69a2dd4af90e325adbb-1024x576.jpg 1024w, https:\/\/www.opinionpublica.tv\/portada\/wp-content\/uploads\/2020\/02\/48e31c659226d69a2dd4af90e325adbb-768x432.jpg 768w\" sizes=\"(max-width: 1280px) 100vw, 1280px\" \/><br \/>\n<!--more--><\/p>\n<p style=\"text-align: justify;\"><em>Ciudad Ju\u00e1rez, Chih<\/em>.- Aunque de manera restringida, el Puente Santa Fe fue reabierto a peatones y veh\u00edculos este s\u00e1bado a las 06:17 horas, luego de permanecer cerrado desde ayer viernes a las 18:55 horas por decisi\u00f3n de las autoridades del US Customs and Border Protection (CBP), con el fin de evitar que un grupo de personas intentara cruzar a El Paso de forma ilegal.<\/p>\n<p style=\"text-align: justify;\">Lo anterior fue confirmado por Sergio Madero Villanueva, director del Fideicomiso de Puentes Fronterizos, quien dijo que la reapertura de este puente fue por parte de CBP.<\/p>\n<p style=\"text-align: justify;\">Indic\u00f3 que el acceso a peatones se hace de manera normal, en tanto en el de veh\u00edculos se cuenta \u00fanicamente con la Caseta N\u00famero Tres en el Puente Santa Fe, mientras que de lado norteamericano se cuenta con una garita para revisi\u00f3n.<\/p>\n<p style=\"text-align: justify;\">\u201cEsta es la situaci\u00f3n que se tiene de momento\u201d, precis\u00f3 el funcionario.<\/p>\n<p style=\"text-align: justify;\">Se espera que en el transcurso del d\u00eda se puedan reabrir m\u00e1s carriles para la circulaci\u00f3n de veh\u00edculos rumbo a El Paso, Texas por ese cruce internacional.<\/p>\n","protected":false},"excerpt":{"rendered":"","protected":false},"author":6,"featured_media":22408,"comment_status":"open","ping_status":"open","sticky":false,"template":"","format":"standard","meta":{"_acf_changed":false,"_monsterinsights_skip_tracking":false,"slim_seo":{"title":"Reabren a la circulaci\u00f3n de manera restringida el Puente Santa Fe - Opini\u00f3n P\u00fablica","description":"Ciudad Ju\u00e1rez, Chih .- Aunque de manera restringida, el Puente Santa Fe fue reabierto a peatones y veh\u00edculos este s\u00e1bado a las 06:17 horas, luego de permanecer"},"footnotes":""},"categories":[11],"tags":[],"class_list":["post-22409","post","type-post","status-publish","format-standard","has-post-thumbnail","hentry","category-tendencias"],"acf":[],"_links":{"self":[{"href":"https:\/\/www.opinionpublica.tv\/portada\/wp-json\/wp\/v2\/posts\/22409","targetHints":{"allow":["GET"]}}],"collection":[{"href":"https:\/\/www.opinionpublica.tv\/portada\/wp-json\/wp\/v2\/posts"}],"about":[{"href":"https:\/\/www.opinionpublica.tv\/portada\/wp-json\/wp\/v2\/types\/post"}],"author":[{"embeddable":true,"href":"https:\/\/www.opinionpublica.tv\/portada\/wp-json\/wp\/v2\/users\/6"}],"replies":[{"embeddable":true,"href":"https:\/\/www.opinionpublica.tv\/portada\/wp-json\/wp\/v2\/comments?post=22409"}],"version-history":[{"count":0,"href":"https:\/\/www.opinionpublica.tv\/portada\/wp-json\/wp\/v2\/posts\/22409\/revisions"}],"wp:featuredmedia":[{"embeddable":true,"href":"https:\/\/www.opinionpublica.tv\/portada\/wp-json\/wp\/v2\/media\/22408"}],"wp:attachment":[{"href":"https:\/\/www.opinionpublica.tv\/portada\/wp-json\/wp\/v2\/media?parent=22409"}],"wp:term":[{"taxonomy":"category","embeddable":true,"href":"https:\/\/www.opinionpublica.tv\/portada\/wp-json\/wp\/v2\/categories?post=22409"},{"taxonomy":"post_tag","embeddable":true,"href":"https:\/\/www.opinionpublica.tv\/portada\/wp-json\/wp\/v2\/tags?post=22409"}],"curies":[{"name":"wp","href":"https:\/\/api.w.org\/{rel}","templated":true}]}}