{"id":22405,"date":"2020-03-01T07:00:00","date_gmt":"2020-03-01T06:00:00","guid":{"rendered":"https:\/\/www.opinionpublica.tv\/portada\/2020\/03\/01\/efemerides-1-de-marzo-3\/"},"modified":"2020-03-01T07:00:00","modified_gmt":"2020-03-01T06:00:00","slug":"efemerides-1-de-marzo-3","status":"publish","type":"post","link":"https:\/\/www.opinionpublica.tv\/portada\/efemerides-1-de-marzo-3\/","title":{"rendered":"Efem\u00e9rides 1 de marzo"},"content":{"rendered":"<img fetchpriority=\"high\" decoding=\"async\" class=\" size-full wp-image-22404\" src=\"https:\/\/www.opinionpublica.tv\/portada\/wp-content\/uploads\/2020\/03\/d37e8620ea9f4917909273d2e44bb9fd.jpg\" alt=\"\" class=\"caption\" title=\"Ra\u00fal Salinas de Gortari fue acusado de asesinato y enriquecimiento il\u00edcito.\" width=\"630\" height=\"330\" srcset=\"https:\/\/www.opinionpublica.tv\/portada\/wp-content\/uploads\/2020\/03\/d37e8620ea9f4917909273d2e44bb9fd.jpg 630w, https:\/\/www.opinionpublica.tv\/portada\/wp-content\/uploads\/2020\/03\/d37e8620ea9f4917909273d2e44bb9fd-300x157.jpg 300w\" sizes=\"(max-width: 630px) 100vw, 630px\" \/>\n<p style=\"text-align: justify;\">Un d\u00eda 1 de marzo como hoy, pero de 1994, Ra\u00fal Salinas, hermano del ex presidente Carlos Salinas de Gortari, es detenido en M\u00e9xico por enriquecimiento il\u00edcito y por su presunta participaci\u00f3n intelectual en el asesinato del pri\u00edsta Francisco Ruiz Massieu.<\/p>\n<p><!--more--><\/p>\n<p style=\"text-align: justify;\"><strong>Otras efem\u00e9rides<\/strong><\/p>\n<p style=\"text-align: justify;\">1444.- Nace Alejandro Botticelli, pintor italiano.<\/p>\n<p style=\"text-align: justify;\">1493.- La carabela \u00abLa Pinta\u00bb, al mando de Mart\u00edn Alonso Pinz\u00f3n, atraca en el puerto espa\u00f1ol de Bayona (Pontevedra) tras el descubrimiento de Am\u00e9rica. Desde esa localidad gallega salieron los correos hacia la Corte de Castilla, informando a los Reyes Cat\u00f3licos del hallazgo del Nuevo Mundo.<\/p>\n<p style=\"text-align: justify;\">1799.- La escuadra ruso-turca toma Corf\u00fa y algunas islas del mar J\u00f3nico.<\/p>\n<p style=\"text-align: justify;\">1808.- Napole\u00f3n Bonaparte crea la llamada \u00abnobleza imperial\u00bb, formada por generales del Ej\u00e9rcito.<\/p>\n<p style=\"text-align: justify;\">1809.- Nace Federico Chopin, compositor polaco.<\/p>\n<p style=\"text-align: justify;\">1828.- Guatemala derrota al Ej\u00e9rcito de El Salvador en la batalla de Chalchuapa.<\/p>\n<p style=\"text-align: justify;\">1843.- Manuel Ignacio de Vivanco se declara en Lima Director Supremo de la Rep\u00fablica de Per\u00fa.<\/p>\n<p style=\"text-align: justify;\">1852.- Comienza en Uruguay la presidencia de Juan Francisco Gir\u00f3, apoyado por el Partido Blanco.<\/p>\n<p style=\"text-align: justify;\">1858.- Juli\u00e1n Castro ocupa la presidencia de Venezuela.<\/p>\n<p style=\"text-align: justify;\">1867.- El estado de Nebraska pasa a formar parte de la Uni\u00f3n estadounidense.<\/p>\n<p style=\"text-align: justify;\">1870.- Muere Francisco Solano L\u00f3pez, dictador paraguayo, en la batalla de Cerro Cor\u00e1, lo que supone el fin de la guerra del Paraguay contra la Triple Alianza.<\/p>\n<p style=\"text-align: justify;\">1873.- Jos\u00e9 Ellausi accede a la presidencia de la Rep\u00fablica de Uruguay.<\/p>\n<p style=\"text-align: justify;\">1879.- Bolivia declara a Chile la guerra en la que perder\u00eda todo su litoral del Pac\u00edfico.<\/p>\n<p style=\"text-align: justify;\">1891.- Se firma en Espa\u00f1a el laudo arbitral sobre los l\u00edmites entre Venezuela y Colombia.<\/p>\n<p style=\"text-align: justify;\">1896.- El f\u00edsico franc\u00e9s Henri Becquerel descubre una nueva propiedad de la materia que recibe el nombre de radiactividad.<\/p>\n<p style=\"text-align: justify;\">1919.- Entra en vigor en Uruguay la nueva Constituci\u00f3n elaborada por la Asamblea Constituyente.<\/p>\n<p style=\"text-align: justify;\">1919.- Los coreanos se manifiestan a favor de la independencia nacional y los japoneses, que ocupan el pa\u00eds, responden con el asesinato de miles de personas.<\/p>\n<p style=\"text-align: justify;\">1920.- La Asamblea Nacional h\u00fangara proclama al almirante Miklos Horthy regente del pa\u00eds.<\/p>\n<p style=\"text-align: justify;\">1922.- Nace Isaac Rabin, militar y pol\u00edtico israel\u00ed.<\/p>\n<p style=\"text-align: justify;\">1925.- Nace Mart\u00edn Chirino, escultor espa\u00f1ol.<\/p>\n<p style=\"text-align: justify;\">1927.- Nace Harry Belafonte, cantante y actor estadounidense.<\/p>\n<p style=\"text-align: justify;\">1935.- La Sociedad de Naciones transfiere oficialmente el territorio del Sarre a Alemania.<\/p>\n<p style=\"text-align: justify;\">1938.- Muere Gabriele D&#8217;Annunzio, poeta y pol\u00edtico italiano.<\/p>\n<p style=\"text-align: justify;\">1939.- Nace Hector Veitia Madrigal, cineasta cubano.<\/p>\n<p style=\"text-align: justify;\">1946.- La monarqu\u00eda triunfa por amplia mayor\u00eda en el plebiscito celebrado en Grecia y Jorge II anuncia su regreso a Atenas.<\/p>\n<p style=\"text-align: justify;\">1947.- Tom\u00e1s Berreta es elegido presidente de Uruguay.<\/p>\n<p style=\"text-align: justify;\">1948.- Evacuaci\u00f3n de las \u00faltimas tropas brit\u00e1nicas de la India.<\/p>\n<p style=\"text-align: justify;\">1952.- Fallece Mariano Azuela, novelista mexicano.<\/p>\n<p style=\"text-align: justify;\">1954.- Estados Unidos hace estallar la bomba de hidr\u00f3geno m\u00e1s potente fabricada hasta la fecha, en el atol\u00f3n de Eniwetock, archipi\u00e9lago de las Marshall, en el Pac\u00edfico.<\/p>\n<p style=\"text-align: justify;\">1954.- Nace Ron Howard, director de cine estadounidense.<\/p>\n<p style=\"text-align: justify;\">1956.- Promulgaci\u00f3n en Guatemala de una nueva Constituci\u00f3n, una nueva ley de reforma agraria y un nuevo C\u00f3digo del Trabajo.<\/p>\n<p style=\"text-align: justify;\">1962.- Antonio Harrison, nuevo presidente de Uruguay.<\/p>\n<p style=\"text-align: justify;\">1965.- Un terremoto causa la muerte de 400 personas en Valpara\u00edso (Chile).<\/p>\n<p style=\"text-align: justify;\">1966.- La estaci\u00f3n espacial sovi\u00e9tica Venus 3 choca violentamente contra la superficie del planeta Venus.<\/p>\n<p style=\"text-align: justify;\">1969.- Nace Javier Bardem, actor espa\u00f1ol.<\/p>\n<p style=\"text-align: justify;\">1974.- Siete de los m\u00e1s \u00edntimos colaboradores del presidente estadounidense Richard Nixon son acusados de participar en el esc\u00e1ndalo \u00abWatergate\u00bb.<\/p>\n<p style=\"text-align: justify;\">1981.- Daniel Ortega es nombrado coordinador de la Junta de Gobierno de Nicaragua.<\/p>\n<p style=\"text-align: justify;\">1984.- Destrucci\u00f3n de siete barcos iran\u00edes por fuerzas navales y a\u00e9reas de Irak en el Golfo P\u00e9rsico.<\/p>\n<p style=\"text-align: justify;\">1985.- Julio Mario Sanguinetti jura su cargo de presidente constitucional de Uruguay.<\/p>\n<p style=\"text-align: justify;\">1988.- Muere Carlos Velo, director mexicano de cine.<\/p>\n<p style=\"text-align: justify;\">1991.- El rey de Tailandia, Bhumibol Adulyadej, aprueba la reforma constitucional para sustituir al poder militar instaurado en el pa\u00eds tras el reciente golpe de Estado.<\/p>\n<p style=\"text-align: justify;\">1992.- La mayor\u00eda de la poblaci\u00f3n de las rep\u00fablicas yugoslavas de Bosnia-Herzegovina y Montenegro se pronuncian en refer\u00e9ndum a favor de su independencia.<\/p>\n<p style=\"text-align: justify;\">1994.- Entra en vigor un nuevo C\u00f3digo Penal en Francia, que sustituye al napole\u00f3nico.<\/p>\n<p style=\"text-align: justify;\">1994.- Nace la Europa de los 15 con los acuerdos de adhesi\u00f3n a la UE de Suecia, Finlandia y Austria para 1995.<\/p>\n<p style=\"text-align: justify;\">1995.- La evacuaci\u00f3n de las tropas de la ONU en Somalia pone fin a 27 meses de intervenci\u00f3n multinacional en este pa\u00eds africano.<\/p>\n<p style=\"text-align: justify;\">1995.- Fallece Georges Koehler, bi\u00f3logo alem\u00e1n, Premio Nobel de Medicina 1984.<\/p>\n<p style=\"text-align: justify;\">1996.- Mueren 123 personas en un accidente a\u00e9reo en Arequipa (Per\u00fa).<\/p>\n<p style=\"text-align: justify;\">1996.- Muere Virgilio Ferreira, escritor y pensador portugu\u00e9s.<\/p>\n<p style=\"text-align: justify;\">1999.- Entra en vigor el Tratado de Otawa sobre prohibici\u00f3n de minas antipersonas, tras ser ratificado por 65 pa\u00edses.<\/p>\n<p style=\"text-align: justify;\">2001.- Los talib\u00e1n inician la destrucci\u00f3n de estatuas milenarias de Buda en Afganist\u00e1n.<\/p>\n<p style=\"text-align: justify;\">2003.- Irak empieza a destruir sus misiles Al Samud II ante la amenaza de un ataque inminente de EEUU.<\/p>\n<p style=\"text-align: justify;\">2005.- Tabar\u00e9 V\u00e1zquez toma posesi\u00f3n de su cargo como nuevo presidente de Uruguay.<\/p>\n<p style=\"text-align: justify;\">2006.- Entra en vigor el Tratado de Libre Comercio entre El Salvador y Estados Unidos.<\/p>\n<p style=\"text-align: justify;\">2006.- Fallece Owen Chamberlain, f\u00edsico estadounidense.<\/p>\n<p style=\"text-align: justify;\">2008.- Luis Edgar Devia, \u00abRa\u00fal Reyes\u00bb, uno de los m\u00e1ximos dirigentes de las FARC, muere en una operaci\u00f3n militar colombiana en territorio ecuatoriano.<\/p>\n<p style=\"text-align: justify;\">2010.- Muere Barry Hannah, escritor estadounidense.<\/p>\n<p style=\"text-align: justify;\">2012.- Fallece Lucio Dalla, cantautor italiano.<\/p>\n","protected":false},"excerpt":{"rendered":"<p>Un d\u00eda 1 de marzo como hoy, pero de 1994, Ra\u00fal Salinas, hermano del ex presidente Carlos Salinas de Gortari, es detenido en M\u00e9xico por enriquecimiento il\u00edcito y por su presunta participaci\u00f3n intelectual en el asesinato del pri\u00edsta Francisco Ruiz Massieu.<\/p>\n","protected":false},"author":6,"featured_media":22404,"comment_status":"open","ping_status":"open","sticky":false,"template":"","format":"standard","meta":{"_acf_changed":false,"_monsterinsights_skip_tracking":false,"slim_seo":{"title":"Efem\u00e9rides 1 de marzo - Opini\u00f3n P\u00fablica","description":"Un d\u00eda 1 de marzo como hoy, pero de 1994, Ra\u00fal Salinas, hermano del ex presidente Carlos Salinas de Gortari, es detenido en M\u00e9xico por enriquecimiento il\u00edcito y"},"footnotes":""},"categories":[27],"tags":[],"class_list":["post-22405","post","type-post","status-publish","format-standard","has-post-thumbnail","hentry","category-un-dia-como-hoy"],"acf":[],"_links":{"self":[{"href":"https:\/\/www.opinionpublica.tv\/portada\/wp-json\/wp\/v2\/posts\/22405","targetHints":{"allow":["GET"]}}],"collection":[{"href":"https:\/\/www.opinionpublica.tv\/portada\/wp-json\/wp\/v2\/posts"}],"about":[{"href":"https:\/\/www.opinionpublica.tv\/portada\/wp-json\/wp\/v2\/types\/post"}],"author":[{"embeddable":true,"href":"https:\/\/www.opinionpublica.tv\/portada\/wp-json\/wp\/v2\/users\/6"}],"replies":[{"embeddable":true,"href":"https:\/\/www.opinionpublica.tv\/portada\/wp-json\/wp\/v2\/comments?post=22405"}],"version-history":[{"count":0,"href":"https:\/\/www.opinionpublica.tv\/portada\/wp-json\/wp\/v2\/posts\/22405\/revisions"}],"wp:featuredmedia":[{"embeddable":true,"href":"https:\/\/www.opinionpublica.tv\/portada\/wp-json\/wp\/v2\/media\/22404"}],"wp:attachment":[{"href":"https:\/\/www.opinionpublica.tv\/portada\/wp-json\/wp\/v2\/media?parent=22405"}],"wp:term":[{"taxonomy":"category","embeddable":true,"href":"https:\/\/www.opinionpublica.tv\/portada\/wp-json\/wp\/v2\/categories?post=22405"},{"taxonomy":"post_tag","embeddable":true,"href":"https:\/\/www.opinionpublica.tv\/portada\/wp-json\/wp\/v2\/tags?post=22405"}],"curies":[{"name":"wp","href":"https:\/\/api.w.org\/{rel}","templated":true}]}}