{"id":22393,"date":"2020-03-01T07:00:00","date_gmt":"2020-03-01T06:00:00","guid":{"rendered":"https:\/\/www.opinionpublica.tv\/portada\/2020\/03\/01\/exhibiran-parasitos-ganadora-del-oscar-en-cineteca-de-juarez\/"},"modified":"2020-03-01T07:00:00","modified_gmt":"2020-03-01T06:00:00","slug":"exhibiran-parasitos-ganadora-del-oscar-en-cineteca-de-juarez","status":"publish","type":"post","link":"https:\/\/www.opinionpublica.tv\/portada\/exhibiran-parasitos-ganadora-del-oscar-en-cineteca-de-juarez\/","title":{"rendered":"Exhibir\u00e1n \u2018Parasitos\u2019 ganadora del \u00d3scar en Cineteca de Ju\u00e1rez"},"content":{"rendered":"<p><img fetchpriority=\"high\" decoding=\"async\" class=\" size-full wp-image-22392\" src=\"https:\/\/www.opinionpublica.tv\/portada\/wp-content\/uploads\/2020\/03\/3b42beb6cc16b9b49c7beb5d6ca9c121.jpg\" alt=\"\" class=\"caption\" title=\"Escena de la cinta 'Parasitos', ganadora del \u00d3scar como mejor pel\u00edcula.\" width=\"513\" height=\"356\" srcset=\"https:\/\/www.opinionpublica.tv\/portada\/wp-content\/uploads\/2020\/03\/3b42beb6cc16b9b49c7beb5d6ca9c121.jpg 513w, https:\/\/www.opinionpublica.tv\/portada\/wp-content\/uploads\/2020\/03\/3b42beb6cc16b9b49c7beb5d6ca9c121-300x208.jpg 300w\" sizes=\"(max-width: 513px) 100vw, 513px\" \/><br \/>\n<!--more--><\/p>\n<p style=\"text-align: justify;\"><em>Ciudad Ju\u00e1rez, Chih<\/em>.- Los d\u00edas 6, 7, 11, 12, 13 y 14 de marzo, a las 6:30 de la tarde se proyectar\u00e1 la pel\u00edcula \u201cParasite\u201d (Corea del Sur, 2019), pel\u00edcula ganadora del \u00d3scar y m\u00faltiples premios, con la intenci\u00f3n de mostrar el amplio abanico de opciones a proyectar en la sala ubicada en el Centro Cultural Paso del Norte (CCPN).<\/p>\n<p style=\"text-align: justify;\">\u201cParasite\u201d de Bong Joon-Ho nos da su visi\u00f3n de la Corea del Sur contempor\u00e1nea y la diferencia entre clases. El joven Gi Woo (Choi Woo-sik), hijo mayor de una familia de clase baja, consigue un empleo como tutor de la hija mayor de la familia Park, quienes poco a poco ir\u00e1n contratando al resto de integrantes de su familia, para as\u00ed descubrir de a poco que tienen multitud de cosas en com\u00fan, hasta desencadenar en eventos inesperados.<\/p>\n<p style=\"text-align: justify;\">Adem\u00e1s, los d\u00edas 18, 19, 20 y 21 se proyectar\u00e1 la pel\u00edcula \u201cThe Mountain\u201d (Estados Unidos, 2018). Pel\u00edcula que fue parte de la selecci\u00f3n de ganadores en el festival de Venecia, que busca concientizar sobre las personas con discapacidad mental.<\/p>\n<p style=\"text-align: justify;\">Para m\u00e1s informaci\u00f3n favor de consultar\u00a0la p\u00e1gina de Film Chihuahua en\u00a0<a href=\"http:\/\/www.facebook.com\/filmachihuahua\">http:\/\/www.facebook.com\/filmachihuahua<\/a>\u00a0y de la Cineteca Ju\u00e1rez en\u00a0<a href=\"http:\/\/www.facebook.com\/cinetecajuarez\">http:\/\/www.facebook.com\/cinetecajuarez<\/a>.<\/p>\n","protected":false},"excerpt":{"rendered":"","protected":false},"author":6,"featured_media":22392,"comment_status":"open","ping_status":"open","sticky":false,"template":"","format":"standard","meta":{"_acf_changed":false,"_monsterinsights_skip_tracking":false,"slim_seo":{"title":"Exhibir\u00e1n \u2018Parasitos\u2019 ganadora del \u00d3scar en Cineteca de Ju\u00e1rez - Opini\u00f3n P\u00fablica","description":"Ciudad Ju\u00e1rez, Chih .- Los d\u00edas 6, 7, 11, 12, 13 y 14 de marzo, a las 6:30 de la tarde se proyectar\u00e1 la pel\u00edcula \u201cParasite\u201d (Corea del Sur, 2019), pel\u00edcula gana"},"footnotes":""},"categories":[5],"tags":[],"class_list":["post-22393","post","type-post","status-publish","format-standard","has-post-thumbnail","hentry","category-frontera"],"acf":[],"_links":{"self":[{"href":"https:\/\/www.opinionpublica.tv\/portada\/wp-json\/wp\/v2\/posts\/22393","targetHints":{"allow":["GET"]}}],"collection":[{"href":"https:\/\/www.opinionpublica.tv\/portada\/wp-json\/wp\/v2\/posts"}],"about":[{"href":"https:\/\/www.opinionpublica.tv\/portada\/wp-json\/wp\/v2\/types\/post"}],"author":[{"embeddable":true,"href":"https:\/\/www.opinionpublica.tv\/portada\/wp-json\/wp\/v2\/users\/6"}],"replies":[{"embeddable":true,"href":"https:\/\/www.opinionpublica.tv\/portada\/wp-json\/wp\/v2\/comments?post=22393"}],"version-history":[{"count":0,"href":"https:\/\/www.opinionpublica.tv\/portada\/wp-json\/wp\/v2\/posts\/22393\/revisions"}],"wp:featuredmedia":[{"embeddable":true,"href":"https:\/\/www.opinionpublica.tv\/portada\/wp-json\/wp\/v2\/media\/22392"}],"wp:attachment":[{"href":"https:\/\/www.opinionpublica.tv\/portada\/wp-json\/wp\/v2\/media?parent=22393"}],"wp:term":[{"taxonomy":"category","embeddable":true,"href":"https:\/\/www.opinionpublica.tv\/portada\/wp-json\/wp\/v2\/categories?post=22393"},{"taxonomy":"post_tag","embeddable":true,"href":"https:\/\/www.opinionpublica.tv\/portada\/wp-json\/wp\/v2\/tags?post=22393"}],"curies":[{"name":"wp","href":"https:\/\/api.w.org\/{rel}","templated":true}]}}