{"id":22389,"date":"2020-03-01T07:00:00","date_gmt":"2020-03-01T06:00:00","guid":{"rendered":"https:\/\/www.opinionpublica.tv\/portada\/2020\/03\/01\/las-encuestas-y-el-mal-humor-presidencial\/"},"modified":"2020-03-01T07:00:00","modified_gmt":"2020-03-01T06:00:00","slug":"las-encuestas-y-el-mal-humor-presidencial","status":"publish","type":"post","link":"https:\/\/www.opinionpublica.tv\/portada\/las-encuestas-y-el-mal-humor-presidencial\/","title":{"rendered":"Las encuestas y el mal humor presidencial"},"content":{"rendered":"<img fetchpriority=\"high\" decoding=\"async\" class=\" size-full wp-image-22388\" src=\"https:\/\/www.opinionpublica.tv\/portada\/wp-content\/uploads\/2020\/03\/0fa32536ab68a4b83e4f8d5d4c94fec9.jpg\" alt=\"\" class=\"caption\" title=\"Jorge G. Casta\u00f1eda.\" width=\"225\" height=\"225\" srcset=\"https:\/\/www.opinionpublica.tv\/portada\/wp-content\/uploads\/2020\/03\/0fa32536ab68a4b83e4f8d5d4c94fec9.jpg 225w, https:\/\/www.opinionpublica.tv\/portada\/wp-content\/uploads\/2020\/03\/0fa32536ab68a4b83e4f8d5d4c94fec9-150x150.jpg 150w\" sizes=\"(max-width: 225px) 100vw, 225px\" \/>\n<p style=\"text-align: justify;\">Varios comentaristas han detectado un par de desfases en el seno de la opini\u00f3n p\u00fablica mexicana frente al gobierno de L\u00f3pez Obrador. El primero se refiere a la contradicci\u00f3n entre, por un lado, las percepciones de la gente sobre el presidente y la 4T \u2014altamente positivas\u2014 y, por el otro, los p\u00e9simos resultados de gesti\u00f3n, sobre todo en materia econ\u00f3mica y de seguridad.<\/p>\n<p><!--more--><\/p>\n<p style=\"text-align: justify;\">El segundo abarca la desconexi\u00f3n entre la aprobaci\u00f3n de L\u00f3pez Obrador \u2014alta, en estos an\u00e1lisis\u2014 y el disgusto por o rechazo de sus pol\u00edticas puntuales o posturas espec\u00edficas \u2014bajas\u2014 desde hace meses.<\/p>\n<p style=\"text-align: justify;\">Los mismos comentaristas han insistido en una conclusi\u00f3n inevitable: en alg\u00fan momento, las l\u00edneas se cruzar\u00e1n y ambos desfases se disipar\u00e1n, ya sea porque la realidad y las pol\u00edticas p\u00fablicas del gobierno mejoren, ya sea porque la calificaci\u00f3n de AMLO se empareje hacia abajo. Sobre todo si parte de su aprobaci\u00f3n tan elevada parec\u00eda deberse a golpes de alto impacto \u2014Rosario Robles, Juan Collado, Emilio Lozoya, etc.\u2014 que sin duda enfrentar\u00e1n rendimientos decrecientes.<\/p>\n<p style=\"text-align: justify;\">Ahora bien, existen varios indicios de que ese cruce de l\u00edneas, ese momento ineluctable, ha llegado. Cuatro encuestas aparecidas o levantadas en d\u00edas o semanas recientes muestran una ca\u00edda significativa en la popularidad presidencial, en la credibilidad del mandatario, en la confianza que inspira y en los resultados que consigue.<\/p>\n<p style=\"text-align: justify;\">Se trata de la de\u00a0<em>Reforma<\/em>\u00a0en la Ciudad de M\u00e9xico, a prop\u00f3sito de la violencia de genero; de la del Gabinete de Comunicaci\u00f3n Estrat\u00e9gica de seguimiento de AMLO; el\u00a0<em>tracking poll<\/em>\u00a0de Consulta Mitofsky, publicado cada semana por\u00a0<em>El Economista<\/em>; y una encuesta de vivienda realizada en una alcald\u00eda c\u00e9ntrica de la capital por una empresa tan conocida y reconocida como las anteriores.<\/p>\n<p style=\"text-align: justify;\">Para la Ciudad de M\u00e9xico \u2014basti\u00f3n de L\u00f3pez Obrador\u2014\u00a0<em>Reforma<\/em>\u00a0indica una ca\u00edda de 5\u202f% del presidente en su aprobaci\u00f3n: de 47\u202f% en diciembre a 42\u202f% en febrero; la desaprobaci\u00f3n es mayor (45\u202f%). Consulta Mitofsky muestra una ca\u00edda de 57\u202f% a 54\u202f% entre enero y febrero. GCE no formula su pregunta de la misma manera; indaga si la opini\u00f3n que se tiene de AMLO es muy buena, buena, regular, mala o muy mala.<\/p>\n<p style=\"text-align: justify;\">Entre principios de diciembre y el 21 de febrero, la positiva pasa de 49\u202f% a 41\u202f%; la regular de 29\u202f% a 35\u202f%; la mala y muy mala de 20\u202f% a 23\u202f%. En la de una alcald\u00eda de la Ciudad de M\u00e9xico, la reprobaci\u00f3n de AMLO (antes del estallido contra la violencia de g\u00e9nero), es de 25\u202f%; la reprobaci\u00f3n parcial de 22\u202f%.\u00a0La aprobaci\u00f3n en algo es de 26\u202f%; quienes aprueban mucho, 17\u202f%. Las cifras de las cuatro encuestas coinciden, las tendencias tambi\u00e9n.<\/p>\n<p style=\"text-align: justify;\">En la encuesta del centro de la capital, la ca\u00edda de AMLO es especialmente dram\u00e1tica en los demogr\u00e1ficos m\u00e1s entusiasmados con \u00e9l antes. Me refiero a los habitantes de esa alcald\u00eda con estudios de licenciatura o m\u00e1s. El 38\u202f% lo aprueba mucho o algo; el 56\u202f% lo reprueba mucho o algo.<\/p>\n<p style=\"text-align: justify;\">La empresa GCE pregunta m\u00e1s o menos lo mismo de otra manera: \u00bfest\u00e1 usted de acuerdo o en desacuerdo con la forma de gobernar de AMLO? De un pico de 84\u202f% a los 100 d\u00edas de haber tomado posesi\u00f3n, la cifra descendi\u00f3 a 58\u202f% poco antes de cumplirse el primer a\u00f1o. Entre el 16 de enero y el 21 de febrero, baj\u00f3 de 62\u202f% a 50\u202f%; el desacuerdo se elev\u00f3 de 34\u202f% a 45\u202f%.<\/p>\n<p style=\"text-align: justify;\">Ninguna de estas encuestas es perfecta. Tres son telef\u00f3nicas; s\u00f3lo la m\u00e1s peque\u00f1a es en vivienda. Una es de\u00a0<em>tracking<\/em>\u00a0por celular y robot; otra es \u00fanicamente en la Ciudad de M\u00e9xico y la cuarta podr\u00eda ser atribuida a un adversario del r\u00e9gimen. Lo interesante es que todas son consistentes entre s\u00ed, y en s\u00ed mismas. No puedo creer que AMLO tenga otros datos. Con raz\u00f3n est\u00e1 de malas.<\/p>\n","protected":false},"excerpt":{"rendered":"<p>Varios comentaristas han detectado un par de desfases en el seno de la opini\u00f3n p\u00fablica mexicana frente al gobierno de L\u00f3pez Obrador. El primero se refiere a la contradicci\u00f3n entre, por un lado, las percepciones de la gente sobre el presidente y la 4T \u2014altamente positivas\u2014 y, por el otro, los p\u00e9simos resultados de gesti\u00f3n, [&hellip;]<\/p>\n","protected":false},"author":6,"featured_media":22388,"comment_status":"open","ping_status":"open","sticky":false,"template":"","format":"standard","meta":{"_acf_changed":false,"_monsterinsights_skip_tracking":false,"slim_seo":{"title":"Las encuestas y el mal humor presidencial - Opini\u00f3n P\u00fablica","description":"Varios comentaristas han detectado un par de desfases en el seno de la opini\u00f3n p\u00fablica mexicana frente al gobierno de L\u00f3pez Obrador. El primero se refiere a la"},"footnotes":""},"categories":[18],"tags":[],"class_list":["post-22389","post","type-post","status-publish","format-standard","has-post-thumbnail","hentry","category-castaneda-opina"],"acf":[],"_links":{"self":[{"href":"https:\/\/www.opinionpublica.tv\/portada\/wp-json\/wp\/v2\/posts\/22389","targetHints":{"allow":["GET"]}}],"collection":[{"href":"https:\/\/www.opinionpublica.tv\/portada\/wp-json\/wp\/v2\/posts"}],"about":[{"href":"https:\/\/www.opinionpublica.tv\/portada\/wp-json\/wp\/v2\/types\/post"}],"author":[{"embeddable":true,"href":"https:\/\/www.opinionpublica.tv\/portada\/wp-json\/wp\/v2\/users\/6"}],"replies":[{"embeddable":true,"href":"https:\/\/www.opinionpublica.tv\/portada\/wp-json\/wp\/v2\/comments?post=22389"}],"version-history":[{"count":0,"href":"https:\/\/www.opinionpublica.tv\/portada\/wp-json\/wp\/v2\/posts\/22389\/revisions"}],"wp:featuredmedia":[{"embeddable":true,"href":"https:\/\/www.opinionpublica.tv\/portada\/wp-json\/wp\/v2\/media\/22388"}],"wp:attachment":[{"href":"https:\/\/www.opinionpublica.tv\/portada\/wp-json\/wp\/v2\/media?parent=22389"}],"wp:term":[{"taxonomy":"category","embeddable":true,"href":"https:\/\/www.opinionpublica.tv\/portada\/wp-json\/wp\/v2\/categories?post=22389"},{"taxonomy":"post_tag","embeddable":true,"href":"https:\/\/www.opinionpublica.tv\/portada\/wp-json\/wp\/v2\/tags?post=22389"}],"curies":[{"name":"wp","href":"https:\/\/api.w.org\/{rel}","templated":true}]}}